
{"id":905931,"date":"2023-11-02T07:55:00","date_gmt":"2023-11-02T06:55:00","guid":{"rendered":"https:\/\/www.babyartikel.de\/magazin\/?p=905931"},"modified":"2025-06-30T13:47:46","modified_gmt":"2025-06-30T11:47:46","slug":"pastinakenbrei-baby-grundrezept-mit-thermomix-variante","status":"publish","type":"post","link":"https:\/\/www.babyartikel.de\/magazin\/pastinakenbrei-baby-grundrezept-mit-thermomix-variante","title":{"rendered":"Pastinakenbrei f\u00fcrs Baby: Grundrezept (mit Thermomix-Variante)"},"content":{"rendered":"<p><strong>Hast Du schon einmal aus Pastinakenbrei f&uuml;r Dein Baby zubereitet?<\/strong> Falls nicht, probiere es unbedingt aus, denn Pastinaken sind nicht nur lecker, sondern auch gesund und gut bek&ouml;mmlich.<div id=\"ez-toc-container\" class=\"ez-toc-v2_0_82_2 counter-flat ez-toc-counter ez-toc-white ez-toc-container-direction\">\n<div class=\"ez-toc-title-container\">\n<p class=\"ez-toc-title\" style=\"cursor:inherit\">Inhaltsverzeichnis<\/p>\n<span class=\"ez-toc-title-toggle\"><a href=\"#\" class=\"ez-toc-pull-right ez-toc-btn ez-toc-btn-xs ez-toc-btn-default ez-toc-toggle\" aria-label=\"Toggle Table of Content\"><span class=\"ez-toc-js-icon-con\"><span class=\"\"><span class=\"eztoc-hide\" style=\"display:none;\">Toggle<\/span><span class=\"ez-toc-icon-toggle-span\"><svg style=\"fill: #999;color:#999\" xmlns=\"http:\/\/www.w3.org\/2000\/svg\" class=\"list-377408\" width=\"20px\" height=\"20px\" viewBox=\"0 0 24 24\" fill=\"none\"><path d=\"M6 6H4v2h2V6zm14 0H8v2h12V6zM4 11h2v2H4v-2zm16 0H8v2h12v-2zM4 16h2v2H4v-2zm16 0H8v2h12v-2z\" fill=\"currentColor\"><\/path><\/svg><svg style=\"fill: #999;color:#999\" class=\"arrow-unsorted-368013\" xmlns=\"http:\/\/www.w3.org\/2000\/svg\" width=\"10px\" height=\"10px\" viewBox=\"0 0 24 24\" version=\"1.2\" baseProfile=\"tiny\"><path d=\"M18.2 9.3l-6.2-6.3-6.2 6.3c-.2.2-.3.4-.3.7s.1.5.3.7c.2.2.4.3.7.3h11c.3 0 .5-.1.7-.3.2-.2.3-.5.3-.7s-.1-.5-.3-.7zM5.8 14.7l6.2 6.3 6.2-6.3c.2-.2.3-.5.3-.7s-.1-.5-.3-.7c-.2-.2-.4-.3-.7-.3h-11c-.3 0-.5.1-.7.3-.2.2-.3.5-.3.7s.1.5.3.7z\"\/><\/svg><\/span><\/span><\/span><\/a><\/span><\/div>\n<nav><ul class='ez-toc-list ez-toc-list-level-1 ' ><li class='ez-toc-page-1'><a class=\"ez-toc-link ez-toc-heading-1\" href=\"https:\/\/www.babyartikel.de\/magazin\/pastinakenbrei-baby-grundrezept-mit-thermomix-variante\/#Was_sind_Pastinaken\" >Was sind Pastinaken?<\/a><\/li><li class='ez-toc-page-1'><a class=\"ez-toc-link ez-toc-heading-2\" href=\"https:\/\/www.babyartikel.de\/magazin\/pastinakenbrei-baby-grundrezept-mit-thermomix-variante\/#Ab_wann_darf_mein_Baby_Brei_aus_Pastinaken_essen_und_wie_nahrhaft_ist_er\" >Ab wann darf mein Baby Brei aus Pastinaken essen und wie nahrhaft ist er?<\/a><\/li><li class='ez-toc-page-1'><a class=\"ez-toc-link ez-toc-heading-3\" href=\"https:\/\/www.babyartikel.de\/magazin\/pastinakenbrei-baby-grundrezept-mit-thermomix-variante\/#Wie_stelle_ich_Pastinakenbrei_fuers_Baby_selbst_her\" >Wie stelle ich Pastinakenbrei f&uuml;rs Baby selbst her?<\/a><\/li><li class='ez-toc-page-1'><a class=\"ez-toc-link ez-toc-heading-4\" href=\"https:\/\/www.babyartikel.de\/magazin\/pastinakenbrei-baby-grundrezept-mit-thermomix-variante\/#Baby-Pastinakenbrei_mit_Thermomix_herstellen\" >Baby-Pastinakenbrei mit Thermomix herstellen<\/a><\/li><li class='ez-toc-page-1'><a class=\"ez-toc-link ez-toc-heading-5\" href=\"https:\/\/www.babyartikel.de\/magazin\/pastinakenbrei-baby-grundrezept-mit-thermomix-variante\/#Pastinakenbrei-Varianten\" >Pastinakenbrei-Varianten<\/a><\/li><li class='ez-toc-page-1'><a class=\"ez-toc-link ez-toc-heading-6\" href=\"https:\/\/www.babyartikel.de\/magazin\/pastinakenbrei-baby-grundrezept-mit-thermomix-variante\/#Warum_ist_Pastinakenbrei_gesund_fuers_Baby\" >Warum ist Pastinakenbrei gesund f&uuml;rs Baby?<\/a><\/li><li class='ez-toc-page-1'><a class=\"ez-toc-link ez-toc-heading-7\" href=\"https:\/\/www.babyartikel.de\/magazin\/pastinakenbrei-baby-grundrezept-mit-thermomix-variante\/#Wirkt_Pastinakenbrei_beim_Baby_stopfend\" >Wirkt Pastinakenbrei beim Baby stopfend?<\/a><\/li><li class='ez-toc-page-1'><a class=\"ez-toc-link ez-toc-heading-8\" href=\"https:\/\/www.babyartikel.de\/magazin\/pastinakenbrei-baby-grundrezept-mit-thermomix-variante\/#Kann_man_Pastinakenbrei_einfrieren\" >Kann man Pastinakenbrei einfrieren?<\/a><\/li><\/ul><\/nav><\/div>\n<h2 class=\"wp-block-heading\" id=\"h-was-sind-pastinaken\"><span class=\"ez-toc-section\" id=\"Was_sind_Pastinaken\"><\/span>Was sind Pastinaken?<span class=\"ez-toc-section-end\"><\/span><\/h2><p>Optisch &auml;hneln Pastinaken Karotten, auch wenn sie wei&szlig;lich statt orange sind. <strong>Sie schmecken fein w&uuml;rzig und gleichzeitig s&uuml;&szlig;lich<\/strong>. Sie z&auml;hlen zu den alten Gem&uuml;sesorten und wurden bis zum Siegeszug der Kartoffel im 18. Jahrhundert sehr viel angebaut. Anschlie&szlig;end gerieten sie etwas in Vergessenheit, doch inzwischen findet man das Wurzelgem&uuml;se wieder h&auml;ufiger in deutschen Kocht&ouml;pfen. Und das zu Recht, denn <strong><a href=\"https:\/\/www.zentrum-der-gesundheit.de\/pdf\/tabelle_pastinake.pdf\">Pastinaken enthalten viele N&auml;hrstoffe<\/a>, darunter Vitamine und Mineralstoffe (besonders viel Kalium, Ballaststoffe und Vitamin C)<\/strong>. Als Wintergem&uuml;se haben sie von Oktober bis M&auml;rz Saison.<\/p><h2 class=\"wp-block-heading\" id=\"h-ab-wann-darf-mein-baby-brei-aus-pastinaken-essen-und-wie-nahrhaft-ist-er\"><span class=\"ez-toc-section\" id=\"Ab_wann_darf_mein_Baby_Brei_aus_Pastinaken_essen_und_wie_nahrhaft_ist_er\"><\/span>Ab wann darf mein Baby Brei aus Pastinaken essen und wie nahrhaft ist er?<span class=\"ez-toc-section-end\"><\/span><\/h2><p>Bereits <strong>mit Beginn der Beikost<\/strong> &ndash; das hei&szlig;t ab Beginn des 5. Lebensmonats &ndash; kann Dein Schatz Pastinake in Breiform probieren. Ein Vorteil der Pastinake ist ihr s&uuml;&szlig;licher Geschmack, den Babys eher bitteren Gem&uuml;sesorten meist vorziehen. Im Gegensatz zur Karotte, enth&auml;lt das Wintergem&uuml;se deutlich mehr Kohlenhydrate, weshalb es <strong>besonders gut s&auml;ttigt<\/strong>.<\/p><div class=\"marketing-slot\"><div id=\"block-18\" class=\"content-post-widget marketing-slot-1 widget_block\"><a href=\"#\" class=\"newsletter_popup\" style=\"\n  display: inline-block;\n  box-shadow: 0 4px 10px rgba(0,0,0,0.1);\n  margin: 20px auto;\n  max-width: 800px;\n  width: 100%;\">\n  <img src=\"https:\/\/media.babyartikel.de\/magazin\/wp-content\/uploads\/2025\/08\/NL-Banner-Magazin-8-25.webp\" alt=\"Newsletter Banner\" style=\"\n    width: 100%;\n    height: auto;\n    display: block;\" onclick=\"ga('send', 'event', 'banner', 'click', 'magazin-banner-newsletter-8-25');\">\n<\/a>\n\n\t<!-- Modal -->\n\t<div class=\"modal fade modal_popup\" id=\"newsletter_popup\" tabindex=\"-1\" aria-labelledby=\"exampleModalLabel\" aria-hidden=\"true\">\n\t\t<div class=\"modal-dialog modal-dialog-centered modal-dialog-scrollable\">\n\t\t\t<div class=\"modal-content\">\n\t\t\t\t<div class=\"modal-header small-header\">\n\t\t\t\t\t<h5 class=\"modal-title\" id=\"newsletterModalLabel\">\n\t\t\t\t\t\tNewsletter\t\t\t\t\t<\/h5>\n\t\t\t\t\t<button type=\"button\" class=\"btn-close small-close\" data-bs-dismiss=\"modal\" aria-label=\"Close\"><\/button>\n\t\t\t\t<\/div>\n\n\t\t\t\t<div class=\"modal-body\">\n\t\t\t\t\t\t<div class=\"newsletterForm-embed popup-form\">\n        <form name=\"newsletterSubscriptionForm\" id=\"newsletter_popup_69f0b57ba230b_form\" data-newsletter-id=\"newsletter_popup_69f0b57ba230b\" method=\"POST\">\n\n\t\t\t<input type=\"text\" name=\"website\" class=\"hidden\" tabindex=\"-1\" autocomplete=\"off\" style=\"position:absolute;left:-9999px;\">\n\t\t\t<input type=\"hidden\" name=\"ts\" value=\"1777382779\">\n\n\t\t\t                <input type=\"hidden\" name=\"emarsys-event-id\" value=\"3756\">\n            \n            \t\t\t<div class=\"mb-3\">\n\t\t\t\t<label for=\"date\" class=\"form-label\">Geburtstag\/ -termin Deines Babys<\/label>\n                <input type=\"date\" name=\"date\" class=\"input input--expand form-control\" required>\n\t\t\t<\/div>\n            \n\t\t\t<div class=\"mb-3\">\n\t\t\t\t<label for=\"email\" class=\"form-label\">E-Mail-Adresse<\/label>\n\t\t\t\t<input type=\"email\" name=\"email\" placeholder=\"E-Mail-Adresse\" class=\"input input--expand form-control\" required>\n\t\t\t<\/div>\n\n\t\t\t\t\t\t\t<button type=\"submit\" class=\"btn btn-primary\">Absenden<\/button>\n\t\t\t\n\t\t\t\t\t\t\t<div class=\"small mt-3\" style=\"font-weight:normal;\">\n\t\t\t\t\t\n\t\t\t<div class=\"mt-3\">\n\t\t\t\tJa, ich m&ouml;chte den Newsletter von Babyartikel.de erhalten und &uuml;ber Aktionen informiert werden.\n  Dabei darf mein Nutzungsverhalten (z. B. &Ouml;ffnungen und Klicks) zur Personalisierung ausgewertet werden.\n  Mehr finde ich in der <a href=\"\/de\/datenschutz\" style=\"text-decoration:underline\">Datenschutzerkl&auml;rung<\/a>.\n\t\t\t<\/div>\n\t\t\t\t\t\t<\/div>\n\t\t\t\n\t\t\t\t\t\t\t<div class=\"small mb-3 mt-3\" style=\"font-weight:normal;\">\n\t\t\t\t\tJederzeit abbestellbar | <a href=\"\/de\/datenschutz\" style=\"text-decoration:underline\">\n\t\t\t\t\t\tDatenschutzerkl&auml;rung\n\t\t\t\t\t<\/a>\n\t\t\t\t<\/div>\n\t\t\t\n        <\/form>\n    <\/div>\n\t\n\t\t\t\t\t<div class=\"response-messages_newsletter_popup_69f0b57ba230b\">\n\t\t\t\t\t\t<div class=\"alert alert-success success mt-3 mb-3 d-none\">\n\t\t\t\t\t\t\tNur noch ein Klick! Best&auml;tige Deine Anmeldung in der E-Mail, die du gleich erh&auml;ltst.\t\t\t\t\t\t<\/div>\n\t\t\t\t\t\t<div class=\"error mt-3 mb-3 d-none\">\n\t\t\t\t\t\t\t<div class=\"alert alert-danger \">\n\t\t\t\t\t\t\t\tEin Fehler ist aufgetreten. Bitte versuche es sp&auml;ter erneut.\t\t\t\t\t\t\t<\/div>\n\t\t\t\t\t\t<\/div>\n\t\t\t\t\t\t<div class=\"alert alert-danger other-2007 mt-3 mb-3 d-none\">\n\t\t\t\t\t\t\tUng&Atilde;&frac14;ltiges Datumsformat\t\t\t\t\t\t<\/div>\n\t\t\t\t\t<\/div>\n\t\t\t\t<\/div>\n\t\t\t<\/div>\n\t\t<\/div>\n\t<\/div>\n\n\t<\/div><!-- content-widget --><\/div><p>Ein rein praktischer Vorteil des Pastinakenbreis gegen&uuml;ber <a href=\"https:\/\/www.babyartikel.de\/magazin\/karottenbrei-baby-rezept-mit-und-ohne-thermomix\">Karottenbrei<\/a> ist, dass er weniger schlimme Flecken auf Babykleidung, L&auml;tzchen und Co. hinterl&auml;sst. Aufgrund seiner wei&szlig;liche Farbe akzeptieren ihn Babys auch manchmal besser als den leuchtend orangen Karottenbrei.<\/p><p>&#10132; Wann Dein Baby f&uuml;r seine erste Beikost bereit ist, erkennst Du an den <a href=\"https:\/\/www.babyartikel.de\/magazin\/beikostreifezeichen-6-dinge-die-zeigen-dass-dein-baby-bereit-fuer-brei-ist\">Beikostreifezeichen<\/a>. <br>&#10132; Wie Du die Beikost Schritt f&uuml;r Schritt einf&uuml;hrst, erf&auml;hrst Du in unserem <a href=\"https:\/\/www.babyartikel.de\/magazin\/dein-beikostplan-beikost-einfuehren-schritt-fuer-schritt\">Beikostplan<\/a>. <\/p><div class=\"postslot1\">\t\t<div style=\"clear:both\"><\/div>\n\t\t\t\t\t\t<div id=\"productPanel676\" class=\"product-panel-bottom\">&nbsp;<\/div>\n\t\t\t\t\t\t<script type=\"module\">\n\t\t\t\t\t\t\trequestProductPanel(\"https:\/\/www.babyartikel.de\/magazin\/wp-content\/plugins\/wp-productpanel2\/ProductPanel.php\", \"?panel_type=automatic&basis_category=2-NZ&basis_product=&swipe_mobile=1&postid=905931&template=auto&max=4&productPanelId=676&solrQuery=\", 676, 1);\n\t\t\t\t\t\t<\/script>\n\t\t\t\t\t<link rel=\"stylesheet\" href=\"https:\/\/cdn.jsdelivr.net\/npm\/swiper@8\/swiper-bundle.min.css\"><\/div><div class=\"marketing-slot\"><div id=\"block-25\" class=\"content-post-widget marketing-slot-2 widget_block\"><a href=\"https:\/\/www.babyartikel.de\/de\/angebote\" data-track-link-click=\"true\" data-track-name=\"nyoutlet2026-magazin\" data-track-medium=\"banner-magazin-post\" data-track-campaign=\"magazin-banner-nyoutlet2026\" onclick=\"ga('send', 'event', 'banner', 'click', 'magazin-banner-nyoutlet2026');\" style=\"display:block;width:100%;text-align:center;\"><img src=\"https:\/\/media.babyartikel.de\/magazin\/wp-content\/uploads\/2026\/01\/NY-Outlet-10-2026.webp\" alt=\"Sale\" style=\"max-width:100%;\"><\/a><\/div><!-- content-widget --><\/div><h2 class=\"wp-block-heading\" id=\"h-wie-stelle-ich-pastinakenbrei-furs-baby-selbst-her\"><span class=\"ez-toc-section\" id=\"Wie_stelle_ich_Pastinakenbrei_fuers_Baby_selbst_her\"><\/span>Wie stelle ich Pastinakenbrei f&uuml;rs Baby selbst her?<span class=\"ez-toc-section-end\"><\/span><\/h2><p>Die Zubereitung von Pastinakenbrei ist quasi identisch mit der anderer Gem&uuml;sebreie. Hier kommt das Grundrezept:<\/p><p>F&uuml;r eine Portion puren Pastinakenbrei ohne weitere Zutaten ben&ouml;tigst Du etwa <strong>100g Pastinaken<\/strong>.<\/p><ol class=\"wp-block-list\">\n<li>Wasche die Pastinake(n), sch&auml;le sie und schneide oben und unten ein St&uuml;ck ab.<\/li>\n\n\n\n<li>Schneide die R&uuml;be in kleine W&uuml;rfel und gebe sie zusammen mit etwas Wasser in einen Topf.<\/li>\n\n\n\n<li>Lasse das Gem&uuml;se im Topf mit Deckel leicht k&ouml;cheln oder d&auml;mpfen. &nbsp;<\/li>\n\n\n\n<li>Wenn die Pastinakenw&uuml;rfel weich gegart sind, p&uuml;riere sie mit einem P&uuml;rierstab oder einer Gabel zu einem Brei.<\/li>\n\n\n\n<li>Falls der Brei zu fest sei sollte, kannst Du etwas Wasser hinzugeben.<\/li>\n\n\n\n<li>Anschlie&szlig;end noch einen Teel&ouml;ffel hochwertiges Pflanzen&ouml;l hinzugeben und servieren. &#10132; <a href=\"https:\/\/www.babyartikel.de\/magazin\/welches-oel-fuer-babybrei-beikostoel-notwendig\">Welches &Ouml;l Du f&uuml;r Baby-Gem&uuml;sebrei am besten verwendest, hat Mareike f&uuml;r Dich herausgefunden. <\/a><\/li>\n<\/ol><p>Weitere Infos dar&uuml;ber, wie Du f&uuml;r Dein Baby einen Gem&uuml;sebrei selbst herstellen kannst, gibt Dir Simone in ihrem &#10132; <a href=\"https:\/\/www.babyartikel.de\/magazin\/gemuesebrei-fuers-baby-selber-machen\">Gem&uuml;sebrei-Beitrag<\/a>. &nbsp;<\/p><h2 class=\"wp-block-heading\" id=\"h-baby-pastinakenbrei-mit-thermomix-herstellen\"><span class=\"ez-toc-section\" id=\"Baby-Pastinakenbrei_mit_Thermomix_herstellen\"><\/span>Baby-Pastinakenbrei mit Thermomix herstellen<span class=\"ez-toc-section-end\"><\/span><\/h2><p>Wenn Du einen Pastinakenbrei f&uuml;r Dein Baby im Thermomix zubereiten m&ouml;chtest, gehst Du wie folgt vor:<\/p><ol style=\"list-style-type:1\" class=\"wp-block-list\">\n<li>Etwa 80g gesch&auml;lte Pastinake in den Thermomix-Topf geben und f&uuml;r 5 Sekunden bei Stufe 5 zerkleinern.<\/li>\n\n\n\n<li>Zerkleinertes Gem&uuml;se in den Gareinsatz geben und 500g Wasser in den Mixtopf gie&szlig;en.<\/li>\n\n\n\n<li>Pastinake f&uuml;r 15 Minuten, Varoma&reg; bei Stufe 1 garen.<\/li>\n\n\n\n<li>Gareinsatz entnehmen und die Garfl&uuml;ssigkeit aus dem Mixtopf auffangen.<\/li>\n\n\n\n<li>Die weichen Pastinaken in den Mixtopf geben und f&uuml;r 15 Sekunden bei Stufe 10 p&uuml;rieren<\/li>\n\n\n\n<li>Wenn der Brei zu fest ist noch etwas Garfl&uuml;ssigkeit hinzuf&uuml;gen und ggf. noch einmal verr&uuml;hren.<\/li>\n\n\n\n<li>Anschlie&szlig;end noch einen Teel&ouml;ffel hochwertiges Pflanzen&ouml;l hinzugeben und servieren.<\/li>\n<\/ol><p>Weitere Breirezepte und Tipps rund zur &#10132; <a href=\"https:\/\/www.babyartikel.de\/magazin\/babybrei-mit-dem-thermomix-selber-machen-5-rezepte\">Breizubereitung im Thermomix verraten wir Dir hier<\/a>.<\/p><h2 class=\"wp-block-heading\" id=\"h-pastinakenbrei-varianten\"><span class=\"ez-toc-section\" id=\"Pastinakenbrei-Varianten\"><\/span>Pastinakenbrei-Varianten<span class=\"ez-toc-section-end\"><\/span><\/h2><p>Wenn Dein Baby den Pastinaken Brei bereits mit Genuss isst und ihn gut vertr&auml;gt, kannst Du weitere Zutaten hinzuf&uuml;gen. Klassisch folgt nach etwa einer Woche der Pastinaken-Kartoffel-Brei. Daf&uuml;r mischst Du <strong>Kartoffel und Pastinake im Verh&auml;ltnis 1:2 <\/strong>&ndash; also beispielsweise 100g Kartoffeln und 200g Pastinaken. &nbsp;<br>Wenn auch das gut klappt, kannst Du weitere 1-2 Wochen sp&auml;ter zus&auml;tzlich <strong>25g Fleisch oder Fisch hinzugeben<\/strong>.<\/p><h2 class=\"wp-block-heading\" id=\"h-warum-ist-pastinakenbrei-gesund-furs-baby\"><span class=\"ez-toc-section\" id=\"Warum_ist_Pastinakenbrei_gesund_fuers_Baby\"><\/span>Warum ist Pastinakenbrei gesund f&uuml;rs Baby?<span class=\"ez-toc-section-end\"><\/span><\/h2><p>Wie weiter oben bereits erw&auml;hnt, machen die <strong>vielen Vitamine und Mineralstoffe<\/strong> die Pastinake zu einem gesunden Lebensmittel. Au&szlig;erdem ist das Wurzelgem&uuml;se <strong>leicht verdaulich und sehr bek&ouml;mmlich, u.a. durch die enthaltenen &auml;therischen &Ouml;le<\/strong>. Mit ihren vielen Ballaststoffen tr&auml;gt die R&uuml;be zu einer <strong>guten Darmgesundheit<\/strong> bei.<\/p><p>Ein weiterer Vorteil ist, dass die Pastinake einen <strong><a href=\"https:\/\/www.zentrum-der-gesundheit.de\/ernaehrung\/lebensmittel\/gemuese\/pastinaken\">geringen Nitratgehalt<\/a><\/strong> hat, da beim Wachstum nur wenig Nitrat eingelagert wird. Besonders f&uuml;r Babys ist das wichtig, weil Nitrat im K&ouml;rper zu Nitrit umgewandelt wird, was wiederum die Aufnahme von Sauerstoff ins Blut st&ouml;ren kann.<\/p><h2 class=\"wp-block-heading\" id=\"h-wirkt-pastinakenbrei-beim-baby-stopfend\"><span class=\"ez-toc-section\" id=\"Wirkt_Pastinakenbrei_beim_Baby_stopfend\"><\/span>Wirkt Pastinakenbrei beim Baby stopfend?<span class=\"ez-toc-section-end\"><\/span><\/h2><p>Beim Kauf der Pastinaken empfehlen wir die <strong>kleineren Varianten<\/strong>, da sie meist feiner schmecken. Das Sch&auml;len der Pastinaken ist bei kleinen Bio-Pastinaken nicht unbedingt n&ouml;tig.<\/p><p>Im Gegensatz zum Karottenbrei wirkt <strong>Pastinakenbrei beim Baby nicht stopfend<\/strong> &ndash; ganz im Gegenteil. Die wertvollen Inhaltsstoffe wirken sich positiv auf die Verdauung aus und lockern den Stuhl eher, sodass Babys Pastinakenbrei in der Regel immer sehr gut vertragen.<\/p><h2 class=\"wp-block-heading\" id=\"h-kann-man-pastinakenbrei-einfrieren\"><span class=\"ez-toc-section\" id=\"Kann_man_Pastinakenbrei_einfrieren\"><\/span>Kann man Pastinakenbrei einfrieren?<span class=\"ez-toc-section-end\"><\/span><\/h2><p>Wie auch viele andere Gem&uuml;sesorten, kannst Du problemlos <strong>Pastinakenbrei einfrieren<\/strong>.<br>Gerade im Thermomix macht es Sinn, gleich etwas mehr Brei zuzubereiten und ihn anschlie&szlig;end portionsweise einzufrieren. So hast Du auch unter Zeitdruck ruck zuck einen frischen Brei griffbereit.<\/p><p>5 Portionen Gem&uuml;sebrei kannst Du im Thermomix gleichzeitig kochen und anschlie&szlig;end in gefriergeeignete Gl&auml;ser abf&uuml;llen und einfrieren.<\/p><p>Den eingefrorenen Brei solltest Du <strong>erst kurz vor dem Erhitzen aus dem Gefrierschrank nehmen<\/strong>, um das Wachstum sch&auml;dlicher Mikroorganismen zu hemmen, und anschlie&szlig;end gleich erw&auml;rmen &ndash; beispielsweise im Topf oder im Wasserbad.<\/p><p><em>Und nun w&uuml;nschen wir Dir und Deinem Baby ganz viel Freude beim Kosten des ersten Pastinakenbreis!<\/em><\/p><hr class=\"wp-block-separator has-alpha-channel-opacity\"><p class=\"has-small-font-size\">Quellen:<\/p><ul class=\"wp-block-list\">\n<li class=\"has-small-font-size\">Zentrum der Gesundheit &bdquo;Die Pastinake &ndash; Wurzelgem&uuml;se mit Heilkraft&ldquo;, URL: https:\/\/www.zentrum-der-gesundheit.de\/ernaehrung\/lebensmittel\/gemuese\/pastinaken (aufgerufen am 30.10.23) <\/li>\n\n\n\n<li class=\"has-small-font-size\">Zentrum der Gesundheit &bdquo;Pastinake: Die N&auml;hrwerte&ldquo; URL: https:\/\/www.zentrum-der-gesundheit.de\/pdf\/tabelle_pastinake.pdf (aufgerufen am 30.10.23)<\/li>\n<\/ul><div class=\"credits-overlay\" data-target=\".wp-image-905994\"><a href=\"#\" target=\"_blank\">&copy; Heike Rau &ndash; stock.adobe.com<\/a><\/div><\/p>\n","protected":false},"excerpt":{"rendered":"<p>Hast Du schon einmal aus Pastinakenbrei f&uuml;r Dein Baby zubereitet? Falls nicht, probiere es unbedingt aus, denn Pastinaken sind nicht nur lecker, sondern auch gesund und gut bek&ouml;mmlich.Was sind Pastinaken?Optisch &auml;hneln Pastinaken Karotten, auch wenn sie wei&szlig;lich statt orange sind. Sie schmecken fein w&uuml;rzig und gleichzeitig s&uuml;&szlig;lich. Sie z&auml;hlen zu den alten Gem&uuml;sesorten und wurden [&#8230;]<\/p>\n<p><a class=\"btn btn-secondary understrap-read-more-link\" href=\"https:\/\/www.babyartikel.de\/magazin\/pastinakenbrei-baby-grundrezept-mit-thermomix-variante\">Weiterlesen&#8230;<\/a><\/p>\n","protected":false},"author":79,"featured_media":905994,"comment_status":"open","ping_status":"closed","sticky":false,"template":"","format":"standard","meta":{"_acf_changed":false,"footnotes":""},"categories":[2817],"tags":[3640,21641,6980],"class_list":["post-905931","post","type-post","status-publish","format-standard","has-post-thumbnail","hentry","category-baby-ernaehrung","tag-babybrei","tag-beikost","tag-rezepte"],"acf":[],"yoast_head":"<!-- This site is optimized with the Yoast SEO Premium plugin v27.2 (Yoast SEO v27.2) - https:\/\/yoast.com\/product\/yoast-seo-premium-wordpress\/ -->\n<title>Pastinakenbrei f\u00fcrs Baby: Grundrezept | Babyartikel.de Magazin<\/title>\n<meta name=\"description\" content=\"Pastinakenbrei f\u00fcrs Baby: Lecker, gesund und perfekt f\u00fcr den Beikost-Start. Basis-Rezept &amp; Thermomix-Variante + Tipps zum Einfrieren\" \/>\n<meta name=\"robots\" content=\"index, follow, max-snippet:-1, max-image-preview:large, max-video-preview:-1\" \/>\n<link rel=\"canonical\" href=\"https:\/\/www.babyartikel.de\/magazin\/pastinakenbrei-baby-grundrezept-mit-thermomix-variante\" \/>\n<meta property=\"og:locale\" content=\"de_DE\" \/>\n<meta property=\"og:type\" content=\"article\" \/>\n<meta property=\"og:title\" content=\"Pastinakenbrei f\u00fcrs Baby: Grundrezept (mit Thermomix-Variante)\" \/>\n<meta property=\"og:description\" content=\"Pastinakenbrei f\u00fcrs Baby: Lecker, gesund und perfekt f\u00fcr den Beikost-Start. Basis-Rezept &amp; Thermomix-Variante + Tipps zum Einfrieren\" \/>\n<meta property=\"og:url\" content=\"https:\/\/www.babyartikel.de\/magazin\/pastinakenbrei-baby-grundrezept-mit-thermomix-variante\" \/>\n<meta property=\"og:site_name\" content=\"Babyartikel.de Magazin\" \/>\n<meta property=\"article:published_time\" content=\"2023-11-02T06:55:00+00:00\" \/>\n<meta property=\"article:modified_time\" content=\"2025-06-30T11:47:46+00:00\" \/>\n<meta property=\"og:image\" content=\"https:\/\/media.babyartikel.de\/magazin\/wp-content\/uploads\/2023\/10\/pastinakenbrei-baby-1050x788.jpg\" \/>\n\t<meta property=\"og:image:width\" content=\"1050\" \/>\n\t<meta property=\"og:image:height\" content=\"788\" \/>\n\t<meta property=\"og:image:type\" content=\"image\/jpeg\" \/>\n<meta name=\"author\" content=\"Sandra Baumann\" \/>\n<meta name=\"twitter:card\" content=\"summary_large_image\" \/>\n<meta name=\"twitter:label1\" content=\"Verfasst von\" \/>\n\t<meta name=\"twitter:data1\" content=\"Sandra Baumann\" \/>\n\t<meta name=\"twitter:label2\" content=\"Gesch\u00e4tzte Lesezeit\" \/>\n\t<meta name=\"twitter:data2\" content=\"6\u00a0Minuten\" \/>\n<script type=\"application\/ld+json\" class=\"yoast-schema-graph\">{\"@context\":\"https:\/\/schema.org\",\"@graph\":[{\"@type\":\"Article\",\"@id\":\"https:\/\/www.babyartikel.de\/magazin\/pastinakenbrei-baby-grundrezept-mit-thermomix-variante#article\",\"isPartOf\":{\"@id\":\"https:\/\/www.babyartikel.de\/magazin\/pastinakenbrei-baby-grundrezept-mit-thermomix-variante\"},\"author\":{\"name\":\"Sandra Baumann\",\"@id\":\"https:\/\/www.babyartikel.de\/magazin\/#\/schema\/person\/ff48fd33e1e240dfb3012b74fce938f1\"},\"headline\":\"Pastinakenbrei f\u00fcrs Baby: Grundrezept (mit Thermomix-Variante)\",\"datePublished\":\"2023-11-02T06:55:00+00:00\",\"dateModified\":\"2025-06-30T11:47:46+00:00\",\"mainEntityOfPage\":{\"@id\":\"https:\/\/www.babyartikel.de\/magazin\/pastinakenbrei-baby-grundrezept-mit-thermomix-variante\"},\"wordCount\":971,\"commentCount\":0,\"image\":{\"@id\":\"https:\/\/www.babyartikel.de\/magazin\/pastinakenbrei-baby-grundrezept-mit-thermomix-variante#primaryimage\"},\"thumbnailUrl\":\"https:\/\/media.babyartikel.de\/magazin\/wp-content\/uploads\/2023\/10\/pastinakenbrei-baby.jpg\",\"keywords\":[\"babybrei\",\"beikost\",\"rezepte\"],\"articleSection\":[\"Baby-Ern\u00e4hrung\"],\"inLanguage\":\"de\",\"potentialAction\":[{\"@type\":\"CommentAction\",\"name\":\"Comment\",\"target\":[\"https:\/\/www.babyartikel.de\/magazin\/pastinakenbrei-baby-grundrezept-mit-thermomix-variante#respond\"]}]},{\"@type\":\"WebPage\",\"@id\":\"https:\/\/www.babyartikel.de\/magazin\/pastinakenbrei-baby-grundrezept-mit-thermomix-variante\",\"url\":\"https:\/\/www.babyartikel.de\/magazin\/pastinakenbrei-baby-grundrezept-mit-thermomix-variante\",\"name\":\"Pastinakenbrei f\u00fcrs Baby: Grundrezept | Babyartikel.de Magazin\",\"isPartOf\":{\"@id\":\"https:\/\/www.babyartikel.de\/magazin\/#website\"},\"primaryImageOfPage\":{\"@id\":\"https:\/\/www.babyartikel.de\/magazin\/pastinakenbrei-baby-grundrezept-mit-thermomix-variante#primaryimage\"},\"image\":{\"@id\":\"https:\/\/www.babyartikel.de\/magazin\/pastinakenbrei-baby-grundrezept-mit-thermomix-variante#primaryimage\"},\"thumbnailUrl\":\"https:\/\/media.babyartikel.de\/magazin\/wp-content\/uploads\/2023\/10\/pastinakenbrei-baby.jpg\",\"datePublished\":\"2023-11-02T06:55:00+00:00\",\"dateModified\":\"2025-06-30T11:47:46+00:00\",\"author\":{\"@id\":\"https:\/\/www.babyartikel.de\/magazin\/#\/schema\/person\/ff48fd33e1e240dfb3012b74fce938f1\"},\"description\":\"Pastinakenbrei f\u00fcrs Baby: Lecker, gesund und perfekt f\u00fcr den Beikost-Start. Basis-Rezept & Thermomix-Variante + Tipps zum Einfrieren\",\"breadcrumb\":{\"@id\":\"https:\/\/www.babyartikel.de\/magazin\/pastinakenbrei-baby-grundrezept-mit-thermomix-variante#breadcrumb\"},\"inLanguage\":\"de\",\"potentialAction\":[{\"@type\":\"ReadAction\",\"target\":[\"https:\/\/www.babyartikel.de\/magazin\/pastinakenbrei-baby-grundrezept-mit-thermomix-variante\"]}]},{\"@type\":\"ImageObject\",\"inLanguage\":\"de\",\"@id\":\"https:\/\/www.babyartikel.de\/magazin\/pastinakenbrei-baby-grundrezept-mit-thermomix-variante#primaryimage\",\"url\":\"https:\/\/media.babyartikel.de\/magazin\/wp-content\/uploads\/2023\/10\/pastinakenbrei-baby.jpg\",\"contentUrl\":\"https:\/\/media.babyartikel.de\/magazin\/wp-content\/uploads\/2023\/10\/pastinakenbrei-baby.jpg\",\"width\":3456,\"height\":2592,\"caption\":\"pastinakenbrei f\u00fcrs baby in gelber schale zubereitet im thermomix zum einfrieren geeignet\"},{\"@type\":\"BreadcrumbList\",\"@id\":\"https:\/\/www.babyartikel.de\/magazin\/pastinakenbrei-baby-grundrezept-mit-thermomix-variante#breadcrumb\",\"itemListElement\":[{\"@type\":\"ListItem\",\"position\":1,\"name\":\"Startseite\",\"item\":\"https:\/\/www.babyartikel.de\/magazin\"},{\"@type\":\"ListItem\",\"position\":2,\"name\":\"Pastinakenbrei f\u00fcrs Baby: Grundrezept (mit Thermomix-Variante)\"}]},{\"@type\":\"WebSite\",\"@id\":\"https:\/\/www.babyartikel.de\/magazin\/#website\",\"url\":\"https:\/\/www.babyartikel.de\/magazin\/\",\"name\":\"Babyartikel.de Magazin\",\"description\":\"\",\"potentialAction\":[{\"@type\":\"SearchAction\",\"target\":{\"@type\":\"EntryPoint\",\"urlTemplate\":\"https:\/\/www.babyartikel.de\/magazin\/?s={search_term_string}\"},\"query-input\":{\"@type\":\"PropertyValueSpecification\",\"valueRequired\":true,\"valueName\":\"search_term_string\"}}],\"inLanguage\":\"de\"},{\"@type\":\"Person\",\"@id\":\"https:\/\/www.babyartikel.de\/magazin\/#\/schema\/person\/ff48fd33e1e240dfb3012b74fce938f1\",\"name\":\"Sandra Baumann\",\"image\":{\"@type\":\"ImageObject\",\"inLanguage\":\"de\",\"@id\":\"https:\/\/media.babyartikel.de\/magazin\/wp-content\/uploads\/2017\/03\/Sandra-Baumann-150x150.jpg\",\"url\":\"https:\/\/media.babyartikel.de\/magazin\/wp-content\/uploads\/2017\/03\/Sandra-Baumann-150x150.jpg\",\"contentUrl\":\"https:\/\/media.babyartikel.de\/magazin\/wp-content\/uploads\/2017\/03\/Sandra-Baumann-150x150.jpg\",\"caption\":\"Sandra Baumann\"},\"description\":\"Mein Name ist Sandra, ich bin Anfang 30 und wohne in der N\u00e4he von Hamburg. Eine eigene Familie haben - das war schon immer unser Wunsch und so hat sich im April 2017 unser Sohn in unsere Herzen geschlichen. Seitdem schreibe ich tats\u00e4chlich auch schon Artikel f\u00fcr das Babyartikel Magazin und habe immer noch sehr viel Freude daran. Unsere kleine Tochter hat unsere Familie dann im Juli 2019 komplett gemacht. Gerne m\u00f6chte ich Dir von meinen Erfahrungen berichten - besonders viel besch\u00e4ftige ich mich mit den Themen bed\u00fcrfnisorientierte Erziehung und Ern\u00e4hrung von Kindern - und vielleicht kann ich dir bei dem ein oder anderen Problem weiterhelfen.\",\"url\":\"https:\/\/www.babyartikel.de\/magazin\/author\/sandra-b\"}]}<\/script>\n<!-- \/ Yoast SEO Premium plugin. -->","yoast_head_json":{"title":"Pastinakenbrei f\u00fcrs Baby: Grundrezept | Babyartikel.de Magazin","description":"Pastinakenbrei f\u00fcrs Baby: Lecker, gesund und perfekt f\u00fcr den Beikost-Start. Basis-Rezept & Thermomix-Variante + Tipps zum Einfrieren","robots":{"index":"index","follow":"follow","max-snippet":"max-snippet:-1","max-image-preview":"max-image-preview:large","max-video-preview":"max-video-preview:-1"},"canonical":"https:\/\/www.babyartikel.de\/magazin\/pastinakenbrei-baby-grundrezept-mit-thermomix-variante","og_locale":"de_DE","og_type":"article","og_title":"Pastinakenbrei f\u00fcrs Baby: Grundrezept (mit Thermomix-Variante)","og_description":"Pastinakenbrei f\u00fcrs Baby: Lecker, gesund und perfekt f\u00fcr den Beikost-Start. Basis-Rezept & Thermomix-Variante + Tipps zum Einfrieren","og_url":"https:\/\/www.babyartikel.de\/magazin\/pastinakenbrei-baby-grundrezept-mit-thermomix-variante","og_site_name":"Babyartikel.de Magazin","article_published_time":"2023-11-02T06:55:00+00:00","article_modified_time":"2025-06-30T11:47:46+00:00","og_image":[{"width":1050,"height":788,"url":"https:\/\/media.babyartikel.de\/magazin\/wp-content\/uploads\/2023\/10\/pastinakenbrei-baby-1050x788.jpg","type":"image\/jpeg"}],"author":"Sandra Baumann","twitter_card":"summary_large_image","twitter_misc":{"Verfasst von":"Sandra Baumann","Gesch\u00e4tzte Lesezeit":"6\u00a0Minuten"},"schema":{"@context":"https:\/\/schema.org","@graph":[{"@type":"Article","@id":"https:\/\/www.babyartikel.de\/magazin\/pastinakenbrei-baby-grundrezept-mit-thermomix-variante#article","isPartOf":{"@id":"https:\/\/www.babyartikel.de\/magazin\/pastinakenbrei-baby-grundrezept-mit-thermomix-variante"},"author":{"name":"Sandra Baumann","@id":"https:\/\/www.babyartikel.de\/magazin\/#\/schema\/person\/ff48fd33e1e240dfb3012b74fce938f1"},"headline":"Pastinakenbrei f\u00fcrs Baby: Grundrezept (mit Thermomix-Variante)","datePublished":"2023-11-02T06:55:00+00:00","dateModified":"2025-06-30T11:47:46+00:00","mainEntityOfPage":{"@id":"https:\/\/www.babyartikel.de\/magazin\/pastinakenbrei-baby-grundrezept-mit-thermomix-variante"},"wordCount":971,"commentCount":0,"image":{"@id":"https:\/\/www.babyartikel.de\/magazin\/pastinakenbrei-baby-grundrezept-mit-thermomix-variante#primaryimage"},"thumbnailUrl":"https:\/\/media.babyartikel.de\/magazin\/wp-content\/uploads\/2023\/10\/pastinakenbrei-baby.jpg","keywords":["babybrei","beikost","rezepte"],"articleSection":["Baby-Ern\u00e4hrung"],"inLanguage":"de","potentialAction":[{"@type":"CommentAction","name":"Comment","target":["https:\/\/www.babyartikel.de\/magazin\/pastinakenbrei-baby-grundrezept-mit-thermomix-variante#respond"]}]},{"@type":"WebPage","@id":"https:\/\/www.babyartikel.de\/magazin\/pastinakenbrei-baby-grundrezept-mit-thermomix-variante","url":"https:\/\/www.babyartikel.de\/magazin\/pastinakenbrei-baby-grundrezept-mit-thermomix-variante","name":"Pastinakenbrei f\u00fcrs Baby: Grundrezept | Babyartikel.de Magazin","isPartOf":{"@id":"https:\/\/www.babyartikel.de\/magazin\/#website"},"primaryImageOfPage":{"@id":"https:\/\/www.babyartikel.de\/magazin\/pastinakenbrei-baby-grundrezept-mit-thermomix-variante#primaryimage"},"image":{"@id":"https:\/\/www.babyartikel.de\/magazin\/pastinakenbrei-baby-grundrezept-mit-thermomix-variante#primaryimage"},"thumbnailUrl":"https:\/\/media.babyartikel.de\/magazin\/wp-content\/uploads\/2023\/10\/pastinakenbrei-baby.jpg","datePublished":"2023-11-02T06:55:00+00:00","dateModified":"2025-06-30T11:47:46+00:00","author":{"@id":"https:\/\/www.babyartikel.de\/magazin\/#\/schema\/person\/ff48fd33e1e240dfb3012b74fce938f1"},"description":"Pastinakenbrei f\u00fcrs Baby: Lecker, gesund und perfekt f\u00fcr den Beikost-Start. Basis-Rezept & Thermomix-Variante + Tipps zum Einfrieren","breadcrumb":{"@id":"https:\/\/www.babyartikel.de\/magazin\/pastinakenbrei-baby-grundrezept-mit-thermomix-variante#breadcrumb"},"inLanguage":"de","potentialAction":[{"@type":"ReadAction","target":["https:\/\/www.babyartikel.de\/magazin\/pastinakenbrei-baby-grundrezept-mit-thermomix-variante"]}]},{"@type":"ImageObject","inLanguage":"de","@id":"https:\/\/www.babyartikel.de\/magazin\/pastinakenbrei-baby-grundrezept-mit-thermomix-variante#primaryimage","url":"https:\/\/media.babyartikel.de\/magazin\/wp-content\/uploads\/2023\/10\/pastinakenbrei-baby.jpg","contentUrl":"https:\/\/media.babyartikel.de\/magazin\/wp-content\/uploads\/2023\/10\/pastinakenbrei-baby.jpg","width":3456,"height":2592,"caption":"pastinakenbrei f\u00fcrs baby in gelber schale zubereitet im thermomix zum einfrieren geeignet"},{"@type":"BreadcrumbList","@id":"https:\/\/www.babyartikel.de\/magazin\/pastinakenbrei-baby-grundrezept-mit-thermomix-variante#breadcrumb","itemListElement":[{"@type":"ListItem","position":1,"name":"Startseite","item":"https:\/\/www.babyartikel.de\/magazin"},{"@type":"ListItem","position":2,"name":"Pastinakenbrei f\u00fcrs Baby: Grundrezept (mit Thermomix-Variante)"}]},{"@type":"WebSite","@id":"https:\/\/www.babyartikel.de\/magazin\/#website","url":"https:\/\/www.babyartikel.de\/magazin\/","name":"Babyartikel.de Magazin","description":"","potentialAction":[{"@type":"SearchAction","target":{"@type":"EntryPoint","urlTemplate":"https:\/\/www.babyartikel.de\/magazin\/?s={search_term_string}"},"query-input":{"@type":"PropertyValueSpecification","valueRequired":true,"valueName":"search_term_string"}}],"inLanguage":"de"},{"@type":"Person","@id":"https:\/\/www.babyartikel.de\/magazin\/#\/schema\/person\/ff48fd33e1e240dfb3012b74fce938f1","name":"Sandra Baumann","image":{"@type":"ImageObject","inLanguage":"de","@id":"https:\/\/media.babyartikel.de\/magazin\/wp-content\/uploads\/2017\/03\/Sandra-Baumann-150x150.jpg","url":"https:\/\/media.babyartikel.de\/magazin\/wp-content\/uploads\/2017\/03\/Sandra-Baumann-150x150.jpg","contentUrl":"https:\/\/media.babyartikel.de\/magazin\/wp-content\/uploads\/2017\/03\/Sandra-Baumann-150x150.jpg","caption":"Sandra Baumann"},"description":"Mein Name ist Sandra, ich bin Anfang 30 und wohne in der N\u00e4he von Hamburg. Eine eigene Familie haben - das war schon immer unser Wunsch und so hat sich im April 2017 unser Sohn in unsere Herzen geschlichen. Seitdem schreibe ich tats\u00e4chlich auch schon Artikel f\u00fcr das Babyartikel Magazin und habe immer noch sehr viel Freude daran. Unsere kleine Tochter hat unsere Familie dann im Juli 2019 komplett gemacht. Gerne m\u00f6chte ich Dir von meinen Erfahrungen berichten - besonders viel besch\u00e4ftige ich mich mit den Themen bed\u00fcrfnisorientierte Erziehung und Ern\u00e4hrung von Kindern - und vielleicht kann ich dir bei dem ein oder anderen Problem weiterhelfen.","url":"https:\/\/www.babyartikel.de\/magazin\/author\/sandra-b"}]}},"abstract_sku":"","_links":{"self":[{"href":"https:\/\/www.babyartikel.de\/magazin\/wp-json\/wp\/v2\/posts\/905931","targetHints":{"allow":["GET"]}}],"collection":[{"href":"https:\/\/www.babyartikel.de\/magazin\/wp-json\/wp\/v2\/posts"}],"about":[{"href":"https:\/\/www.babyartikel.de\/magazin\/wp-json\/wp\/v2\/types\/post"}],"author":[{"embeddable":true,"href":"https:\/\/www.babyartikel.de\/magazin\/wp-json\/wp\/v2\/users\/79"}],"replies":[{"embeddable":true,"href":"https:\/\/www.babyartikel.de\/magazin\/wp-json\/wp\/v2\/comments?post=905931"}],"version-history":[{"count":20,"href":"https:\/\/www.babyartikel.de\/magazin\/wp-json\/wp\/v2\/posts\/905931\/revisions"}],"predecessor-version":[{"id":962560,"href":"https:\/\/www.babyartikel.de\/magazin\/wp-json\/wp\/v2\/posts\/905931\/revisions\/962560"}],"wp:featuredmedia":[{"embeddable":true,"href":"https:\/\/www.babyartikel.de\/magazin\/wp-json\/wp\/v2\/media\/905994"}],"wp:attachment":[{"href":"https:\/\/www.babyartikel.de\/magazin\/wp-json\/wp\/v2\/media?parent=905931"}],"wp:term":[{"taxonomy":"category","embeddable":true,"href":"https:\/\/www.babyartikel.de\/magazin\/wp-json\/wp\/v2\/categories?post=905931"},{"taxonomy":"post_tag","embeddable":true,"href":"https:\/\/www.babyartikel.de\/magazin\/wp-json\/wp\/v2\/tags?post=905931"}],"curies":[{"name":"wp","href":"https:\/\/api.w.org\/{rel}","templated":true}]}}