
{"id":906445,"date":"2023-12-03T07:55:00","date_gmt":"2023-12-03T06:55:00","guid":{"rendered":"https:\/\/www.babyartikel.de\/magazin\/?p=906445"},"modified":"2025-04-25T09:39:56","modified_gmt":"2025-04-25T07:39:56","slug":"baby-14-monate-vom-laufen-schlafen-und-wutanfaellen","status":"publish","type":"post","link":"https:\/\/www.babyartikel.de\/magazin\/baby-14-monate-vom-laufen-schlafen-und-wutanfaellen","title":{"rendered":"Baby 14 Monate: Vom Laufen, Schlafen und Wutanf\u00e4llen"},"content":{"rendered":"<p>In<img loading=\"lazy\" decoding=\"async\" width=\"1\" height=\"1\" src=\"https:\/\/ssl-vg03.met.vgwort.de\/na\/5d2807d2e15e46d197c8010b3fc11d16\" alt=\"\"> meinem Freundeskreis gibt es gerade einen kleinen Entdecker, der 14 Monate alt ist. Es ist faszinierend zu sehen, wie er die Welt erobert. Wenn ein Baby 14 Monate alt ist, steckt es voller Energie und &Uuml;berraschungen, denn es entwickelt seinen eigenen Kopf. Das Familienleben bekommt dadurch eine ganz neue Dynamik. Du fragst Dich, was in dieser spannenden Zeit auf Dich zukommt? Ich nehme Dich mit auf die Reise durch den Alltag mit einem 14 Monate alten Baby bzw. Kleinkind. Finde heraus, was Dich erwartet und wie Du diese aufregende Zeit am besten meistern kannst.&nbsp;<script>\n\tjQuery(document).ready(function() {\n\t\t\/\/ Swiper: Slider\n\t\tvar swiper = new Swiper('.swiper-8191-2115', {\n\t\t\tslidesPerView: 9,\n\t\t\tslidesPerGroup: 1,\n\t\t\tspaceBetween: 5,\n\t\t\tinitialSlide: 13,\n\t\t\t\/\/direction: 'horizontal',\n\t\t\t\/\/loop: true,\n\t\t\tnavigation: {\n\t\t\t  nextEl: '.swiper-btn-nx-swiper-8191-2115',\n\t\t\t  prevEl: '.swiper-btn-pr-swiper-8191-2115',\n\t\t\t},\n\t\t\tbreakpoints: {\n\t\t\t\t1260: {\n\t\t\t\t\tslidesPerView: 7,\n\t\t\t\t},\n\t\t\t\t767: {\n\t\t\t\t\tslidesPerView: 5,\n\t\t\t\t},\n\t\t\t\t460: {\n\t\t\t\t\tslidesPerView: 4,\n\t\t\t\t},\n\t\t\t\t380: {\n\t\t\t\t\tslidesPerView: 3,\n\t\t\t\t},\n\t\t\t\t320: {\n\t\t\t\t\tslidesPerView: 2,\n\t\t\t\t}\n\t\t\t}\n\t\t  });\n\t\t});\n\t\t<\/script><section class=\"navigation-calender\">\n\t<div class=\"swiper-element\" style=\"background-color:white;\">\n\t\t<label class=\"text-center h2\">Baby-Monate im &Uuml;berblick<\/label>\n\t\t<div class=\"swiper_wrap swiper-wrap-wop\">\n\t\t\t<!-- Slider main container -->\n\t\t\t<div class=\"swiper-container swiper-container-wop swiper-8191-2115\">\n\t\t\t\t<!-- Additional required wrapper -->\n\t\t\t\t<div class=\"swiper-wrapper\" style=\"width: 80%\">\n\t\t\t\t\t\n\t\t\t\t<div class=\"swiper-slide isagenav-slide\">\n\t\t\t\t\t<a href=\"\/magazin\/baby-1-monat\" class=\"notSelectedWeek\">Baby 1<br>Monat<\/a>\n\t\t\t\t<\/div>\n\t\t\t\t<div class=\"swiper-slide isagenav-slide\">\n\t\t\t\t\t<a href=\"\/magazin\/baby-2-monate\" class=\"notSelectedWeek\">Baby 2<br>Monate<\/a>\n\t\t\t\t<\/div>\n\t\t\t\t<div class=\"swiper-slide isagenav-slide\">\n\t\t\t\t\t<a href=\"\/magazin\/baby-3-monate\" class=\"notSelectedWeek\">Baby 3<br>Monate<\/a>\n\t\t\t\t<\/div>\n\t\t\t\t<div class=\"swiper-slide isagenav-slide\">\n\t\t\t\t\t<a href=\"\/magazin\/baby-4-monate\" class=\"notSelectedWeek\">Baby 4<br>Monate<\/a>\n\t\t\t\t<\/div>\n\t\t\t\t<div class=\"swiper-slide isagenav-slide\">\n\t\t\t\t\t<a href=\"\/magazin\/baby-5-monate\" class=\"notSelectedWeek\">Baby 5<br>Monate<\/a>\n\t\t\t\t<\/div>\n\t\t\t\t<div class=\"swiper-slide isagenav-slide\">\n\t\t\t\t\t<a href=\"\/magazin\/baby-6-monate-entwicklung\" class=\"notSelectedWeek\">Baby 6<br>Monate<\/a>\n\t\t\t\t<\/div>\n\t\t\t\t<div class=\"swiper-slide isagenav-slide\">\n\t\t\t\t\t<a href=\"\/magazin\/baby-7-monate\" class=\"notSelectedWeek\">Baby 7<br>Monate<\/a>\n\t\t\t\t<\/div>\n\t\t\t\t<div class=\"swiper-slide isagenav-slide\">\n\t\t\t\t\t<a href=\"\/magazin\/baby-8-monate\" class=\"notSelectedWeek\">Baby 8<br>Monate<\/a>\n\t\t\t\t<\/div>\n\t\t\t\t<div class=\"swiper-slide isagenav-slide\">\n\t\t\t\t\t<a href=\"\/magazin\/baby-9-monate-so-entwickelt-sich-dein-schatz\" class=\"notSelectedWeek\">Baby 9<br>Monate<\/a>\n\t\t\t\t<\/div>\n\t\t\t\t<div class=\"swiper-slide isagenav-slide\">\n\t\t\t\t\t<a href=\"\/magazin\/baby-10-monate-alles-ueber-schlaf-essen-entwicklung\" class=\"notSelectedWeek\">Baby 10<br>Monate<\/a>\n\t\t\t\t<\/div>\n\t\t\t\t<div class=\"swiper-slide isagenav-slide\">\n\t\t\t\t\t<a href=\"\/magazin\/baby-11-monate-entwicklung-und-foerderung\" class=\"notSelectedWeek\">Baby 11<br>Monate<\/a>\n\t\t\t\t<\/div>\n\t\t\t\t<div class=\"swiper-slide isagenav-slide\">\n\t\t\t\t\t<a href=\"\/magazin\/baby-1-jahr\" class=\"notSelectedWeek\">Baby 12<br>Monate<\/a>\n\t\t\t\t<\/div>\n\t\t\t\t<div class=\"swiper-slide isagenav-slide\">\n\t\t\t\t\t<a href=\"\/magazin\/baby-13-monate-entwicklung-schlaf-ernaehrung\" class=\"notSelectedWeek\">Baby 13<br>Monate<\/a>\n\t\t\t\t<\/div>\n\t\t\t\t<div class=\"swiper-slide isagenav-slide\">\n\t\t\t\t\t<a href=\"\/magazin\/baby-14-monate-vom-laufen-schlafen-und-wutanfaellen\" class=\"selectedWeek\">Baby 14<br>Monate<\/a>\n\t\t\t\t<\/div>\n\t\t\t\t<div class=\"swiper-slide isagenav-slide\">\n\t\t\t\t\t<a href=\"\/magazin\/baby-15-monate\" class=\"notSelectedWeek\">Baby 15<br>Monate<\/a>\n\t\t\t\t<\/div>\n\t\t\t\t<div class=\"swiper-slide isagenav-slide\">\n\t\t\t\t\t<a href=\"\/magazin\/16-monate-altes-kind\" class=\"notSelectedWeek\">Baby 16<br>Monate<\/a>\n\t\t\t\t<\/div>\n\t\t\t\t<div class=\"swiper-slide isagenav-slide\">\n\t\t\t\t\t<a href=\"\/magazin\/kind-17-monate-entwicklung-schlaf-essen-schub\" class=\"notSelectedWeek\">Baby 17<br>Monate<\/a>\n\t\t\t\t<\/div>\n\t\t\t\t<div class=\"swiper-slide isagenav-slide\">\n\t\t\t\t\t<a href=\"\/magazin\/kind-18-monate-entwicklung-herausforderungen\" class=\"notSelectedWeek\">Baby 18<br>Monate<\/a>\n\t\t\t\t<\/div>\n\t\t\t\t<\/div>\n\t\t\t\t\n\t\t\t<\/div>\n\t\t\t<!-- If we need navigation buttons -->\n\t\t\t<div class=\"swiper-button-prev-wop swiper-btn-pr-swiper-8191-2115\" style=\"right: auto;\">\n\t\t\t\t<svg xmlns=\"http:\/\/www.w3.org\/2000\/svg\" width=\"25\" height=\"25\" fill=\"#3e3e3e\" class=\"bi bi-chevron-left\" viewbox=\"0 0 16 16\">\n\t\t\t\t\t<path fill-rule=\"evenodd\" d=\"M11.354 1.646a.5.5 0 0 1 0 .708L5.707 8l5.647 5.646a.5.5 0 0 1-.708.708l-6-6a.5.5 0 0 1 0-.708l6-6a.5.5 0 0 1 .708 0z\"><\/path>\n\t\t\t\t<\/svg>\n\t\t\t<\/div>\n\t\t\t<div class=\"swiper-button-next-wop swiper-btn-nx-swiper-8191-2115\" style=\"right: 0px; left: auto;\">\n\t\t\t\t<svg xmlns=\"http:\/\/www.w3.org\/2000\/svg\" width=\"25\" height=\"25\" fill=\"#3e3e3e\" class=\"bi bi-chevron-right\" viewbox=\"0 0 16 16\">\n\t\t\t\t\t<path fill-rule=\"evenodd\" d=\"M4.646 1.646a.5.5 0 0 1 .708 0l6 6a.5.5 0 0 1 0 .708l-6 6a.5.5 0 0 1-.708-.708L10.293 8 4.646 2.354a.5.5 0 0 1 0-.708z\"><\/path>\n\t\t\t\t<\/svg>\n\t\t\t<\/div>\n\t\t<\/div>\n\t<\/div>\n\t<\/section><div id=\"ez-toc-container\" class=\"ez-toc-v2_0_82_2 counter-flat ez-toc-counter ez-toc-white ez-toc-container-direction\">\n<div class=\"ez-toc-title-container\">\n<p class=\"ez-toc-title\" style=\"cursor:inherit\">Inhaltsverzeichnis<\/p>\n<span class=\"ez-toc-title-toggle\"><a href=\"#\" class=\"ez-toc-pull-right ez-toc-btn ez-toc-btn-xs ez-toc-btn-default ez-toc-toggle\" aria-label=\"Toggle Table of Content\"><span class=\"ez-toc-js-icon-con\"><span class=\"\"><span class=\"eztoc-hide\" style=\"display:none;\">Toggle<\/span><span class=\"ez-toc-icon-toggle-span\"><svg style=\"fill: #999;color:#999\" xmlns=\"http:\/\/www.w3.org\/2000\/svg\" class=\"list-377408\" width=\"20px\" height=\"20px\" viewBox=\"0 0 24 24\" fill=\"none\"><path d=\"M6 6H4v2h2V6zm14 0H8v2h12V6zM4 11h2v2H4v-2zm16 0H8v2h12v-2zM4 16h2v2H4v-2zm16 0H8v2h12v-2z\" fill=\"currentColor\"><\/path><\/svg><svg style=\"fill: #999;color:#999\" class=\"arrow-unsorted-368013\" xmlns=\"http:\/\/www.w3.org\/2000\/svg\" width=\"10px\" height=\"10px\" viewBox=\"0 0 24 24\" version=\"1.2\" baseProfile=\"tiny\"><path d=\"M18.2 9.3l-6.2-6.3-6.2 6.3c-.2.2-.3.4-.3.7s.1.5.3.7c.2.2.4.3.7.3h11c.3 0 .5-.1.7-.3.2-.2.3-.5.3-.7s-.1-.5-.3-.7zM5.8 14.7l6.2 6.3 6.2-6.3c.2-.2.3-.5.3-.7s-.1-.5-.3-.7c-.2-.2-.4-.3-.7-.3h-11c-.3 0-.5.1-.7.3-.2.2-.3.5-.3.7s.1.5.3.7z\"\/><\/svg><\/span><\/span><\/span><\/a><\/span><\/div>\n<nav><ul class='ez-toc-list ez-toc-list-level-1 ' ><li class='ez-toc-page-1'><a class=\"ez-toc-link ez-toc-heading-1\" href=\"https:\/\/www.babyartikel.de\/magazin\/baby-14-monate-vom-laufen-schlafen-und-wutanfaellen\/#Groesse_Gewicht_und_Kopfumfang_mit_14_Monaten\" >Gr&ouml;&szlig;e, Gewicht und Kopfumfang mit 14 Monaten&nbsp;<\/a><\/li><li class='ez-toc-page-1'><a class=\"ez-toc-link ez-toc-heading-2\" href=\"https:\/\/www.babyartikel.de\/magazin\/baby-14-monate-vom-laufen-schlafen-und-wutanfaellen\/#Baby_14_Monate_Die_aktuelle_Entwicklungsphase\" >Baby 14 Monate: Die aktuelle Entwicklungsphase&nbsp;<\/a><\/li><li class='ez-toc-page-1'><a class=\"ez-toc-link ez-toc-heading-3\" href=\"https:\/\/www.babyartikel.de\/magazin\/baby-14-monate-vom-laufen-schlafen-und-wutanfaellen\/#Baby_14_Monate_Schub_im_Anmarsch\" >Baby 14 Monate: Schub im Anmarsch?&nbsp;<\/a><\/li><li class='ez-toc-page-1'><a class=\"ez-toc-link ez-toc-heading-4\" href=\"https:\/\/www.babyartikel.de\/magazin\/baby-14-monate-vom-laufen-schlafen-und-wutanfaellen\/#Baby_14_Monate_Schlaf\" >Baby 14 Monate: Schlaf&nbsp;<\/a><\/li><li class='ez-toc-page-1'><a class=\"ez-toc-link ez-toc-heading-5\" href=\"https:\/\/www.babyartikel.de\/magazin\/baby-14-monate-vom-laufen-schlafen-und-wutanfaellen\/#Die_sprachliche_und_motorische_Entwicklung_bei_Babys_im_15_Lebensmonat\" >Die sprachliche und motorische Entwicklung bei Babys im 15. Lebensmonat&nbsp;<\/a><\/li><li class='ez-toc-page-1'><a class=\"ez-toc-link ez-toc-heading-6\" href=\"https:\/\/www.babyartikel.de\/magazin\/baby-14-monate-vom-laufen-schlafen-und-wutanfaellen\/#Baby_14_Monate_laeuft_nicht_oder_spricht_nicht_Ein_Grund_zur_Sorge\" >Baby 14 Monate l&auml;uft nicht oder spricht nicht: Ein Grund zur Sorge?<\/a><\/li><li class='ez-toc-page-1'><a class=\"ez-toc-link ez-toc-heading-7\" href=\"https:\/\/www.babyartikel.de\/magazin\/baby-14-monate-vom-laufen-schlafen-und-wutanfaellen\/#Foerdere_Dein_Baby_mit_14_Monaten_durch_Spiel_und_Entdeckung\" >F&ouml;rdere Dein Baby mit 14 Monaten durch Spiel und Entdeckung&nbsp;<\/a><\/li><\/ul><\/nav><\/div>\n<h2 class=\"wp-block-heading\" id=\"h-grosse-gewicht-und-kopfumfang-mit-14-monaten-nbsp\"><span class=\"ez-toc-section\" id=\"Groesse_Gewicht_und_Kopfumfang_mit_14_Monaten\"><\/span>Gr&ouml;&szlig;e, Gewicht und Kopfumfang mit 14 Monaten&nbsp;<span class=\"ez-toc-section-end\"><\/span><\/h2><p>Auch mit dem Erreichen der 14-Monats-Marke entwickelt sich Dein Baby stetig weiter. Du wirst Dich vielleicht fragen, ob Dein Kind normal w&auml;chst und gedeiht. Lass uns einen Blick auf einige Durchschnittswerte werfen, die Dir Orientierung bieten k&ouml;nnen.&nbsp;<\/p><h3 class=\"wp-block-heading\" id=\"h-gewicht-und-grosse-nbsp\">Gewicht und Gr&ouml;&szlig;e&nbsp;<\/h3><p>Mit 14 Monaten haben viele Babys ein <strong>K&ouml;rpergewicht <\/strong><a href=\"https:\/\/www.kispi.uzh.ch\/d3\/1043\/wachstumskurven?id=1043\" target=\"_blank\" rel=\"noreferrer noopener\"><strong>zwischen 9 und 10,5 Kilogramm<\/strong><\/a>. Nat&uuml;rlich gibt es immer individuelle Unterschiede und einige 14 Monate alte Babys sind etwas leichter oder schwerer als der Durchschnitt. <\/p><div class=\"marketing-slot\"><div id=\"block-18\" class=\"content-post-widget marketing-slot-1 widget_block\"><a href=\"#\" class=\"newsletter_popup\" style=\"\n  display: inline-block;\n  box-shadow: 0 4px 10px rgba(0,0,0,0.1);\n  margin: 20px auto;\n  max-width: 800px;\n  width: 100%;\">\n  <img src=\"https:\/\/media.babyartikel.de\/magazin\/wp-content\/uploads\/2025\/08\/NL-Banner-Magazin-8-25.webp\" alt=\"Newsletter Banner\" style=\"\n    width: 100%;\n    height: auto;\n    display: block;\" onclick=\"ga('send', 'event', 'banner', 'click', 'magazin-banner-newsletter-8-25');\">\n<\/a>\n\n\t<!-- Modal -->\n\t<div class=\"modal fade modal_popup\" id=\"newsletter_popup\" tabindex=\"-1\" aria-labelledby=\"exampleModalLabel\" aria-hidden=\"true\">\n\t\t<div class=\"modal-dialog modal-dialog-centered modal-dialog-scrollable\">\n\t\t\t<div class=\"modal-content\">\n\t\t\t\t<div class=\"modal-header small-header\">\n\t\t\t\t\t<h5 class=\"modal-title\" id=\"newsletterModalLabel\">\n\t\t\t\t\t\tNewsletter\t\t\t\t\t<\/h5>\n\t\t\t\t\t<button type=\"button\" class=\"btn-close small-close\" data-bs-dismiss=\"modal\" aria-label=\"Close\"><\/button>\n\t\t\t\t<\/div>\n\n\t\t\t\t<div class=\"modal-body\">\n\t\t\t\t\t\t<div class=\"newsletterForm-embed popup-form\">\n        <form name=\"newsletterSubscriptionForm\" id=\"newsletter_popup_69f32bab10448_form\" data-newsletter-id=\"newsletter_popup_69f32bab10448\" method=\"POST\">\n\n\t\t\t<input type=\"text\" name=\"website\" class=\"hidden\" tabindex=\"-1\" autocomplete=\"off\" style=\"position:absolute;left:-9999px;\">\n\t\t\t<input type=\"hidden\" name=\"ts\" value=\"1777544107\">\n\n\t\t\t                <input type=\"hidden\" name=\"emarsys-event-id\" value=\"3756\">\n            \n            \t\t\t<div class=\"mb-3\">\n\t\t\t\t<label for=\"date\" class=\"form-label\">Geburtstag\/ -termin Deines Babys<\/label>\n                <input type=\"date\" name=\"date\" class=\"input input--expand form-control\" required>\n\t\t\t<\/div>\n            \n\t\t\t<div class=\"mb-3\">\n\t\t\t\t<label for=\"email\" class=\"form-label\">E-Mail-Adresse<\/label>\n\t\t\t\t<input type=\"email\" name=\"email\" placeholder=\"E-Mail-Adresse\" class=\"input input--expand form-control\" required>\n\t\t\t<\/div>\n\n\t\t\t\t\t\t\t<button type=\"submit\" class=\"btn btn-primary\">Absenden<\/button>\n\t\t\t\n\t\t\t\t\t\t\t<div class=\"small mt-3\" style=\"font-weight:normal;\">\n\t\t\t\t\t\n\t\t\t<div class=\"mt-3\">\n\t\t\t\tJa, ich m&ouml;chte den Newsletter von Babyartikel.de erhalten und &uuml;ber Aktionen informiert werden.\n  Dabei darf mein Nutzungsverhalten (z. B. &Ouml;ffnungen und Klicks) zur Personalisierung ausgewertet werden.\n  Mehr finde ich in der <a href=\"\/de\/datenschutz\" style=\"text-decoration:underline\">Datenschutzerkl&auml;rung<\/a>.\n\t\t\t<\/div>\n\t\t\t\t\t\t<\/div>\n\t\t\t\n\t\t\t\t\t\t\t<div class=\"small mb-3 mt-3\" style=\"font-weight:normal;\">\n\t\t\t\t\tJederzeit abbestellbar | <a href=\"\/de\/datenschutz\" style=\"text-decoration:underline\">\n\t\t\t\t\t\tDatenschutzerkl&auml;rung\n\t\t\t\t\t<\/a>\n\t\t\t\t<\/div>\n\t\t\t\n        <\/form>\n    <\/div>\n\t\n\t\t\t\t\t<div class=\"response-messages_newsletter_popup_69f32bab10448\">\n\t\t\t\t\t\t<div class=\"alert alert-success success mt-3 mb-3 d-none\">\n\t\t\t\t\t\t\tNur noch ein Klick! Best&auml;tige Deine Anmeldung in der E-Mail, die du gleich erh&auml;ltst.\t\t\t\t\t\t<\/div>\n\t\t\t\t\t\t<div class=\"error mt-3 mb-3 d-none\">\n\t\t\t\t\t\t\t<div class=\"alert alert-danger \">\n\t\t\t\t\t\t\t\tEin Fehler ist aufgetreten. Bitte versuche es sp&auml;ter erneut.\t\t\t\t\t\t\t<\/div>\n\t\t\t\t\t\t<\/div>\n\t\t\t\t\t\t<div class=\"alert alert-danger other-2007 mt-3 mb-3 d-none\">\n\t\t\t\t\t\t\tUng&Atilde;&frac14;ltiges Datumsformat\t\t\t\t\t\t<\/div>\n\t\t\t\t\t<\/div>\n\t\t\t\t<\/div>\n\t\t\t<\/div>\n\t\t<\/div>\n\t<\/div>\n\n\t<\/div><!-- content-widget --><\/div><p>Die <strong>K&ouml;rpergr&ouml;&szlig;e<\/strong> von 14 Monate alten Kleinkindern liegt bei <strong>durchschnittlich 74 bis 82 cm<\/strong>. Auch diese Zahlen sind Durchschnittswerte und es ist wichtig zu beachten, dass jedes Kind einzigartig ist und sein eigenes Wachstumstempo hat.&nbsp;<\/p><p>Aus diesem Grund brauchen die Kinder nun auch recht verschiedene Gr&ouml;&szlig;en bei der <a href=\"https:\/\/www.babyartikel.de\/cat\/babykleidung\">Babykleidung<\/a>. Manche Zwerge tragen noch Gr&ouml;&szlig;e 74, <strong>vielen Babys passt Gr&ouml;&szlig;e 80 jetzt perfekt<\/strong> und die besonders gro&szlig;en Kleinen brauchen schon 86. <\/p><div class=\"postslot1\">\t\t<div style=\"clear:both\"><\/div>\n\t\t\t\t\t\t<div id=\"productPanel448\" class=\"product-panel-bottom\">&nbsp;<\/div>\n\t\t\t\t\t\t<script type=\"module\">\n\t\t\t\t\t\t\trequestProductPanel(\"https:\/\/www.babyartikel.de\/magazin\/wp-content\/plugins\/wp-productpanel2\/ProductPanel.php\", \"?panel_type=automatic&basis_category=6-KS&basis_product=&swipe_mobile=1&postid=906445&template=auto&max=4&productPanelId=448&solrQuery=\", 448, 1);\n\t\t\t\t\t\t<\/script>\n\t\t\t\t\t<link rel=\"stylesheet\" href=\"https:\/\/cdn.jsdelivr.net\/npm\/swiper@8\/swiper-bundle.min.css\"><\/div><div class=\"marketing-slot\"><div id=\"block-25\" class=\"content-post-widget marketing-slot-2 widget_block\"><a href=\"https:\/\/www.babyartikel.de\/de\/angebote\" data-track-link-click=\"true\" data-track-name=\"nyoutlet2026-magazin\" data-track-medium=\"banner-magazin-post\" data-track-campaign=\"magazin-banner-nyoutlet2026\" onclick=\"ga('send', 'event', 'banner', 'click', 'magazin-banner-nyoutlet2026');\" style=\"display:block;width:100%;text-align:center;\"><img src=\"https:\/\/media.babyartikel.de\/magazin\/wp-content\/uploads\/2026\/01\/NY-Outlet-10-2026.webp\" alt=\"Sale\" style=\"max-width:100%;\"><\/a><\/div><!-- content-widget --><\/div><h3 class=\"wp-block-heading\" id=\"h-schuhgrosse-mit-14-monaten-nbsp\">Schuhgr&ouml;&szlig;e mit 14 Monaten&nbsp;<\/h3><p>In diesem Alter haben die meisten Babys eine <strong>Schuhgr&ouml;&szlig;e von etwa 19 oder 20<\/strong>. Aber keine Sorge, wenn Du feststellst, dass Dein Kleines schon Gr&ouml;&szlig;e 21 ben&ouml;tigt oder noch in Gr&ouml;&szlig;e 18 hineinpasst. Die F&uuml;&szlig;e von Babys wachsen in Sch&uuml;ben, und es ist nicht ungew&ouml;hnlich, dass sie pl&ouml;tzlich eine ganze Gr&ouml;&szlig;e &uuml;berspringen.&nbsp;<\/p><h3 class=\"wp-block-heading\" id=\"h-kopfumfang-beim-baby-mit-14-monaten-nbsp\">Kopfumfang beim Baby mit 14 Monaten&nbsp;<\/h3><p>Der Kopfumfang ist ein wichtiger Indikator f&uuml;r das Wachstum des Gehirns. Im Durchschnitt liegt der <strong>Kopfumfang eines 14 Monate alten Babys bei etwa 43 bis 49 Zentimetern<\/strong>. Dein Kinderarzt wird den Kopfumfang regelm&auml;&szlig;ig messen, um sicherzustellen, dass Dein Baby gesund und richtig entwickelt ist.&nbsp;<\/p><p>Es ist faszinierend, wie Babys wachsen und sich entwickeln. Wenn Du Dir unsicher bist, ob sich Dein Baby altersgerecht entwickelt oder Du einfach nur neugierig bist, wie alt Dein Baby in Wochen ist, kannst Du den &#10148; <strong><a href=\"https:\/\/www.babyartikel.de\/magazin\/wie-alt-ist-mein-baby-wochenrechner\" target=\"_blank\" rel=\"noreferrer noopener\">Baby-Alter-Rechner<\/a> <\/strong>nutzen. Dieses n&uuml;tzliche Tool hilft Dir, das Alter Deines Babys auf den Tag genau zu bestimmen und es mit den Entwicklungsmeilensteinen abzugleichen.&nbsp;<\/p><p>Denk daran, dass diese Zahlen nur Richtwerte sind. Jedes Baby ist einzigartig und entwickelt sich in seinem eigenen Tempo. Der beste Ratgeber ist immer noch Dein Instinkt als Elternteil und die professionelle Einsch&auml;tzung Deines Kinderarztes. Sie k&ouml;nnen Dir die beste Orientierung geben, ob Dein Baby gesund und gl&uuml;cklich ist.&nbsp;<\/p><h2 class=\"wp-block-heading\" id=\"h-baby-14-monate-die-aktuelle-entwicklungsphase-nbsp\"><span class=\"ez-toc-section\" id=\"Baby_14_Monate_Die_aktuelle_Entwicklungsphase\"><\/span>Baby 14 Monate: Die aktuelle Entwicklungsphase&nbsp;<span class=\"ez-toc-section-end\"><\/span><\/h2><p>Der 15. Lebensmonat ist eine Zeit voller Entdeckungen und Herausforderungen. Dein Baby erkundet weiterhin seine Welt aktiv und neugierig. Dabei entwickelt es seine F&auml;higkeiten laufend weiter. <\/p><p>Besonders spannend ist die <a href=\"https:\/\/www.babyartikel.de\/magazin\/sprachentwicklung-beim-baby-so-lernt-dein-kind-sprechen\">Sprachentwicklung<\/a> mit 14 Monaten. Du kannst nun beobachten, wie Dein Kind <strong>neue W&ouml;rter lernt<\/strong> und vielleicht sogar schon <strong>1-Wort-S&auml;tze<\/strong> spricht. Auch seine motorischen F&auml;higkeiten verfeinert Dein Kleines. Es ist nicht ungew&ouml;hnlich, dass Dein Kind jetzt sicherer l&auml;uft, klettert und sich f&uuml;r alles interessiert, was greifbar ist.&nbsp;<\/p><p>&#10132; Wie Du Dein Baby beim Laufen lernen unterst&uuml;tzen kannst, erf&auml;hrst Du in <a href=\"https:\/\/www.babyartikel.de\/magazin\/baby-1-x-1-laufen-lernen\">Alisons Beitrag &bdquo;Baby 1&times;1: Laufen lernen&ldquo;.<\/a><\/p><h3 class=\"wp-block-heading\" id=\"h-umgang-mit-wutanfallen-und-herausforderndem-verhalten-nbsp\">Umgang mit Wutanf&auml;llen und herausforderndem Verhalten&nbsp;<\/h3><p><a href=\"https:\/\/www.babyartikel.de\/magazin\/wutanfall-beim-kleinkind-so-reagierst-du-richtig\">Wutanf&auml;lle<\/a> sind bei Babys mit 14 Monaten keine Seltenheit. Sie sind ein Zeichen daf&uuml;r, dass Dein Kind beginnt, <strong>seinen eigenen Willen zu entdecken und auszudr&uuml;cken<\/strong>. Es ist wichtig, in diesen Momenten geduldig zu bleiben. Dein Baby braucht Hilfe dabei, seine Gef&uuml;hle zu verstehen und zu bew&auml;ltigen. <\/p><ul class=\"wp-block-list\">\n<li>Biete <strong><a href=\"https:\/\/www.babyartikel.de\/magazin\/kinder-troesten-7-tipps-wie-es-am-besten-funktioniert\">Trost<\/a><\/strong> an, wenn Dein Kind frustriert ist. <\/li>\n\n\n\n<li>Setze aber auch konsequent <strong><a href=\"https:\/\/www.babyartikel.de\/magazin\/grenzen-setzen-bei-baby-und-kleinkind-muss-ich-das\">klare Grenzen<\/a><\/strong>, sie geben dem Baby Sicherheit. <\/li>\n\n\n\n<li>In schwierigen Situationen kannst Du versuchen, <strong>Ablenkungen<\/strong> zu schaffen, um Wutanf&auml;lle zu vermeiden oder zu verk&uuml;rzen.&nbsp;<\/li>\n<\/ul><h3 class=\"wp-block-heading\" id=\"h-teilnahme-am-familienalltag-nbsp\">Teilnahme am Familienalltag&nbsp;<\/h3><p>Wenn Dein Kleinkind 14 Monate alt ist, will es <strong>bei allem dabei sein, was Du tust <\/strong>&ndash; ob beim Kochen, Telefonieren, Staubsaugen oder anderen allt&auml;glichen Aufgaben. Und ehrlicherweise kann es auch nerven, wenn Dein Kind permanent zwischen Deinen Beinen herumwuselt. Das Gute ist: Du kannst diese &bdquo;&sbquo;Helfer&ldquo;-Phase positiv nutzen. Sie ist eine gro&szlig;artige Gelegenheit, <strong>Deinem Kind <a href=\"https:\/\/www.babyartikel.de\/magazin\/die-besten-haushalts-aufgaben-fuer-kleinkinder\">einfache Aufgaben zu &uuml;bertragen<\/a>, die es stolz erf&uuml;llen kann.&nbsp;<\/strong><\/p><h3 class=\"wp-block-heading\" id=\"h-emotionale-entwicklung-nbsp\">Emotionale Entwicklung&nbsp;<\/h3><p>Mit 14 Monaten beginnen Babys, ein breiteres Spektrum an Gef&uuml;hlen zu zeigen und zu erleben. Das liegt daran, dass die Kinder langsam verstanden haben, dass sie eigenst&auml;ndige Wesen sind. &Uuml;ber die Wut haben wir bereits gesprochen. Aber auch das <a href=\"https:\/\/www.babyartikel.de\/magazin\/mitgefuehl-bei-kleinkindern-so-kannst-du-deinem-kind-empathie-lernen\"><strong>Mitgef&uuml;hl<\/strong><\/a> wird langsam entdeckt. Die Kleinen k&ouml;nnen traurig werden, wenn sie sehen, dass jemand anders traurig ist, oder Freude empfinden, wenn sie andere lachen sehen. <\/p><p>Diese emotionale Reife ist ein Zeichen daf&uuml;r, dass sie sich langsam in andere hineinzuversetzen k&ouml;nnen. Allerdings entsteht <a href=\"https:\/\/www.big-direkt.de\/de\/gesund-leben\/familie-kinder\/so-lernen-kinder-empathie\" target=\"_blank\" rel=\"noreferrer noopener\">echte Empathie erst zwischen dem 3. und 4. Lebensjahr<\/a>. Mit 14. Monaten f&auml;ngt das Baby aber an, die ersten Grundlagen daf&uuml;r zu entwickeln.&nbsp;&nbsp;<\/p><h3 class=\"wp-block-heading\" id=\"h-feinmotorik-nbsp\">Feinmotorik&nbsp;<\/h3><p>Die Feinmotorik wird immer ausgefeilter. Dein Baby lernt Stifte zu halten und damit zu kritzeln, Bausteine zu stapeln und kleinere Gegenst&auml;nde zu greifen. Diese F&auml;higkeiten sind entscheidend f&uuml;r die weitere Entwicklung der Hand-Auge-Koordination. <\/p><p>Im Alter von 14 Monaten machen folgende Dinge Deinem Kleinkind besonders viel Spa&szlig;:<\/p><ul class=\"wp-block-list\">\n<li><a href=\"https:\/\/www.babyartikel.de\/magazin\/13-fingerspiele-fuer-babys-kleinkinder-die-alle-eltern-kennen-sollten\">Fingerspiele<\/a> sind eine wunderbare M&ouml;glichkeit, Dich Deinem Kind zuzuwenden und sie f&ouml;rdern gleichzeitig die Motorik. <\/li>\n\n\n\n<li>Mit 14 Monaten sind auf einmal viele neue Spielsachen interessant, mit denen Dein Kind noch vor ein paar Monaten motorisch &uuml;berfordert war, darunter bestimmte <a href=\"https:\/\/www.babyartikel.de\/cat\/motorikspielzeug\">Motorikschleifen<\/a>, <a href=\"https:\/\/www.babyartikel.de\/cat\/nachziehtiere-schiebespielzeug\">Nachziehtiere<\/a> oder <a href=\"https:\/\/www.babyartikel.de\/cat\/spiele-puzzle\">Steckpuzzles<\/a>. <\/li>\n<\/ul><div style=\"clear:both\"><\/div><div id=\"productPanel941\" class=\"product-panel-bottom\">&nbsp;<\/div><script type=\"module\">\n\t\t\t\t\t\t\trequestProductPanel(\"https:\/\/www.babyartikel.de\/magazin\/wp-content\/plugins\/wp-productpanel2\/ProductPanel.php\", \"?panel_type=automatic&basis_category=6-KS&basis_product=201500007576,201400009912,202300000292,202300000299&swipe_mobile=1&postid=906445&template=automatic&max=4&productPanelId=941&solrQuery=\", 941, 1);\n\t\t\t\t\t\t<\/script><a class=\"btn btn-primary\" href=\"https:\/\/www.babyartikel.de\/cat\/motorikspielzeug\">mehr Motorikspielzeug<\/a><h3 class=\"wp-block-heading\" id=\"h-geschmackssinn-nbsp\">Geschmackssinn&nbsp;<\/h3><p>Auch der Geschmackssinn Deines Kindes entwickelt sich weiter. Mit 14 Monaten darf Dein Baby fast alles essen, was auf den Familientisch kommt. Doch <strong>Vorsicht bei Salz, Zucker und starken Gew&uuml;rzen<\/strong> &ndash; hier ist Zur&uuml;ckhaltung geboten, um die nat&uuml;rliche Entwicklung des Geschmackssinns nicht zu beeintr&auml;chtigen.&nbsp;<\/p><h3 class=\"wp-block-heading\" id=\"h-haarwachstum-nbsp\">Haarwachstum&nbsp;<\/h3><p>Der feine Babyflaum beginnt nun, dichteren und <strong>dauerhaften Haaren<\/strong> Platz zu machen. Dies kann auch der Zeitpunkt sein, an dem Du &uuml;ber den <a href=\"https:\/\/www.babyartikel.de\/magazin\/baby-haare-schneiden-der-erste-haarschnitt-ohne-stress-und-traenen\">ersten Haarschnitt<\/a> nachdenkst, falls die Haare Deines Babys besonders schnell wachsen.&nbsp;<\/p><p class=\"has-background\" style=\"background-color:#e6cdd4\">Die Phase, wenn Dein Baby um die 14 Monate alt ist, ist voller <strong>Ver&auml;nderungen und Meilensteine<\/strong>. Es ist eine Zeit, in der Dein Kind beginnt, seine Pers&ouml;nlichkeit und Pr&auml;ferenzen zu zeigen. Genie&szlig;e diese besonderen Momente und unterst&uuml;tze Dein Kind liebevoll bei jedem neuen Schritt.&nbsp;<\/p><h2 class=\"wp-block-heading\" id=\"h-baby-14-monate-schub-im-anmarsch-nbsp\"><span class=\"ez-toc-section\" id=\"Baby_14_Monate_Schub_im_Anmarsch\"><\/span>Baby 14 Monate: Schub im Anmarsch?&nbsp;<span class=\"ez-toc-section-end\"><\/span><\/h2><p>Wahrscheinlich schl&auml;gst Du die H&auml;nde &uuml;ber dem Kopf zusammen, wenn Du h&ouml;rst, dass der n&auml;chste Schub ansteht. Mit 14 Monaten ist Dein Baby vielleicht auch bereits mittendrin. Denn ab etwa der 59. Woche startet der<a href=\"https:\/\/www.babyartikel.de\/magazin\/64-wochen-schub-erfahrungen-dauer-schlaf-schlimm-wann-vorbei\"> 9. Wachstumsschub (64-Wochen-Schub)<\/a>. Er wird mit der &ldquo;Welt der Prinzipien&rdquo; verkn&uuml;pft.&nbsp;&nbsp;<\/p><p><strong>Die Kinder erkennen jetzt Programme und Prinzipen.<\/strong> Dadurch sind sie in der Lage, zu imitieren. Aber auch die Konsequenzen ihres Handelns zu verstehen. Nachdem der Schub &uuml;berwunden ist, kann Dein Kind Dinge gegeneinander abw&auml;gen.&nbsp;<\/p><p>Wie bei jedem Entwicklungssprung ist auch der 9. Schub mit Stress verbunden: <\/p><ul class=\"wp-block-list\">\n<li>Die Kinder <strong>schlafen unruhiger.<\/strong> <\/li>\n\n\n\n<li>Manche <strong>essen schlechter oder besonders viel.<\/strong> <\/li>\n\n\n\n<li>Viele Kinder sind auch d&uuml;nnh&auml;utiger und neigen zu gewaltigen <strong>Gef&uuml;hlsausbr&uuml;chen<\/strong>.&nbsp;&nbsp;<\/li>\n<\/ul><p>Mir hat es immer geholfen, die Ursache zu verstehen. Dein Kind verh&auml;lt sich nicht aus b&ouml;sem Willen so, sondern es k&auml;mpft gerade mit gro&szlig;en Ver&auml;nderungen. Die neuen Erkenntnisse und Sichtweisen k&ouml;nnen Angst machen, weshalb Dein Baby sich h&auml;ufig mehr N&auml;he und Zuneigung w&uuml;nscht. Wenn Du ihm diese Bed&uuml;rfnisse erf&uuml;llst, werdet Ihr schneller und entspannter durch diesen Schub kommen.&nbsp;<\/p><p><a href=\"https:\/\/www.babyartikel.de\/magazin\/wachstumsschuebe-kleinkind-tabelle-ueberblick\"><em>Hier erf&auml;hrst Du mehr &uuml;ber die Wachstumssch&uuml;be im Kleinkindalter<\/em><\/a><\/p><h2 class=\"wp-block-heading\" id=\"h-baby-14-monate-schlaf-nbsp\"><span class=\"ez-toc-section\" id=\"Baby_14_Monate_Schlaf\"><\/span>Baby 14 Monate: Schlaf&nbsp;<span class=\"ez-toc-section-end\"><\/span><\/h2><p>Das Schlafverhalten von Babys mit 14 Monaten kann f&uuml;r Eltern eine echte Herausforderung sein. In diesem Alter sind die Kleinen voller Energie und Entdeckergeist, was sich auf ihr Schlafmuster auswirken kann.&nbsp;<\/p><p>Typische Schlafprobleme: Es ist nicht ungew&ouml;hnlich, dass Dein Baby mit 14 Monaten <strong>schlecht schl&auml;ft bzw. Schwierigkeiten hat, durchzuschlafen<\/strong>. <a href=\"https:\/\/www.babyartikel.de\/magazin\/hilfe-mein-kind-wacht-nachts-staendig-auf-und-weint\">Wacht auch Dein Kind nachts st&auml;ndig auf und weint?<\/a> Dieses alterstypische Ph&auml;nomen d&uuml;rfte vielen Eltern bekannt vorkommen. Der Grund daf&uuml;r ist, dass es beim Baby mit 14 Monaten nachts zu mehreren Schlafunterbrechungen kommen kann. Oft k&ouml;nnen sich die Kleinen dann nicht selbst beruhigen, um wieder in den Schlaf zu finden und brauchen Deine Hilfe daf&uuml;r. <\/p><p>Gr&uuml;nde f&uuml;r das st&auml;ndige Aufwachen in der Nacht:  <\/p><ul class=\"wp-block-list\">\n<li>Zahnungsschmerzen: <a href=\"https:\/\/www.dentolo.de\/ratgeber\/baby-zahnt\/#:~:text=Erst%20mit%20circa%2014%20Monaten,mit%202%20Jahren%20die%20Eckz%C3%A4hne.&amp;text=Sie%20w%C3%BCnschen%20sich%20eine%20Zahnzusatzversicherung,Ihr%20Kind%20bis%20zum%2018.\">Mit etwa 14 Monaten brechen oben und unten kleinen Backenz&auml;hne durch.<\/a><\/li>\n\n\n\n<li>Wachstumsschub: Steht der 9. Wachstumsschub schon an?<\/li>\n\n\n\n<li>Allgemeine Unruhe und der Wunsch, die Welt weiter zu erkunden<\/li>\n<\/ul><p><strong>Im Durchschnitt ben&ouml;tigen 14 Monate alte Babys etwa <a href=\"https:\/\/www.kindergesundheit-info.de\/themen\/schlafen\/1-6-jahre\/schlafbedarf\/\" target=\"_blank\" rel=\"noreferrer noopener\">13,5 bis 14 Stunden Schlaf<\/a> innerhalb eines 24-Stunden-Zeitraums.<\/strong> Dies schlie&szlig;t sowohl die Nacht als auch Nickerchen w&auml;hrend des Tages ein. Die meisten Babys in diesem Alter machen ein bis zwei Schl&auml;fchen am Tag, die jeweils 1 bis 2 Stunden dauern k&ouml;nnen.&nbsp;<\/p><h3 class=\"wp-block-heading\" id=\"h-tipps-fur-besseren-schlaf-und-nachtliche-routine-nbsp\">Tipps f&uuml;r besseren Schlaf und n&auml;chtliche Routine&nbsp;<\/h3><ul class=\"wp-block-list\">\n<li><strong>Regelm&auml;&szlig;ige Schlafenszeiten:<\/strong> Versuche, Dein Baby jeden Abend zur gleichen Zeit ins Bett zu bringen. Routine hilft Deinem Kind, sich auf den Schlaf vorzubereiten.&nbsp;<\/li>\n\n\n\n<li><strong>Beruhigende Aktivit&auml;ten:<\/strong> Integriere beruhigende Aktivit&auml;ten in die Abendroutine, wie ein warmes Bad, eine sanfte Massage oder das Vorlesen einer Geschichte.&nbsp;<\/li>\n\n\n\n<li><strong>Ruhige Umgebung:<\/strong> Sorge f&uuml;r eine ruhige, dunkle und bequeme Schlafumgebung. Verwende eventuell ein <a href=\"https:\/\/www.babyartikel.de\/magazin\/weisses-rauschen-dein-baby-liebt-diese-einschlafhilfe\">wei&szlig;es Rauschen<\/a> oder sanfte Musik, um Deinem Baby beim Einschlafen zu helfen.&nbsp;<\/li>\n\n\n\n<li><strong>Vermeide &Uuml;berm&uuml;dung:<\/strong> Achte darauf, dass Dein Baby nicht &uuml;berm&uuml;det ist, da es sonst schwieriger einschlafen kann. Achte auf Zeichen von M&uuml;digkeit und lege es rechtzeitig hin.&nbsp;<\/li>\n\n\n\n<li><strong>Konsistente Nickerchen:<\/strong> Halte auch die Nickerchen tags&uuml;ber konsequent, um &Uuml;berm&uuml;dung zu vermeiden und die n&auml;chtliche Schlafqualit&auml;t zu verbessern.&nbsp;<\/li>\n<\/ul><p>Es ist wichtig zu beachten, dass jedes Kind individuell ist und was f&uuml;r das eine Baby funktioniert, muss nicht unbedingt f&uuml;r ein anderes gelten. Sei geduldig und bereit, verschiedene Strategien auszuprobieren, um herauszufinden, was f&uuml;r Dein Baby am zuverl&auml;ssigsten funktioniert.&nbsp;<\/p><p>Weitere Anregungen f&uuml;r einen besseren Baby-Schlaf findest Du in folgenden Magazin-Beitr&auml;gen:<\/p><ul class=\"wp-block-list\">\n<li><a href=\"Schlafregression:%20Tipps%20f%C3%BCr%20einen%20besseren%20Babyschlaf\">Schlafregression: Tipps f&uuml;r einen besseren Babyschlaf<\/a><\/li>\n\n\n\n<li><a href=\"Einschlafbegleitung:%20Wenn%20Kinder%20nicht%20alleine%20einschlafen\">Einschlafbegleitung: Wenn Kinder nicht alleine einschlafen<\/a><\/li>\n\n\n\n<li><a href=\"Ferbern:%20Warum%20das%20Schlaftraining%20die%20falsche%20L%C3%B6sung%20ist\">Ferbern: Warum das Schlaftraining die falsche L&ouml;sung ist<\/a><\/li>\n<\/ul><h2 class=\"wp-block-heading\" id=\"h-die-sprachliche-und-motorische-entwicklung-bei-babys-im-15-lebensmonat-nbsp\"><span class=\"ez-toc-section\" id=\"Die_sprachliche_und_motorische_Entwicklung_bei_Babys_im_15_Lebensmonat\"><\/span>Die sprachliche und motorische Entwicklung bei Babys im 15. Lebensmonat&nbsp;<span class=\"ez-toc-section-end\"><\/span><\/h2><p>Falls es Dir so vorkommt, dass die sprachliche Entwicklung bei Deinem Baby mit 14 Monaten etwas ins Stocken geraden ist, dann k&ouml;nntest Du Recht haben. Teilweise macht jetzt die motorische Entwicklung einen Schub, w&auml;hrend die Sprache eine Pause einlegt. Aber &ndash; wie so h&auml;ufig bei der Babyentwicklung &ndash; ist dies nicht in Stein gemei&szlig;elt. Wir wissen, dass jedes Kind seine eigene Entwicklungsgeschwindigkeit hat.&nbsp;&nbsp;<\/p><h3 class=\"wp-block-heading\" id=\"h-baby-14-monate-sprechen-nbsp\">Baby 14 Monate: Sprechen&nbsp;<\/h3><p>Die meisten Babys k&ouml;nnen mit 14 Monaten <strong>einfache W&ouml;rter wie &ldquo;Mama&rdquo; und &ldquo;Papa&rdquo;<\/strong> sagen. Sie zeigen auf Dinge, die sie interessant finden. Das Kind versteht einfache Sachen, die Du sagst, und es antwortet darauf &ndash; manchmal mit Worten, manchmal nur mit einem L&auml;cheln oder indem es auf etwas zeigt. Um die sprachliche Entwicklung zu f&ouml;rdern, ist es wichtig, viel mit dem Baby zu reden, zu singen und ihm vorzulesen. So lernt es neue W&ouml;rter.&nbsp;<\/p><p>Achtung: Mit 14 Monaten sind Babys wie kleine Schw&auml;mme &ndash; sie saugen alles auf, was sie h&ouml;ren. Dein Baby wird anfangen, die <strong>W&ouml;rter, die es oft h&ouml;rt, nachzusprechen<\/strong>. Das bedeutet, dass Du darauf achten solltest, was Du sagst. Es kann n&auml;mlich passieren, dass Dein Kleines pl&ouml;tzlich W&ouml;rter wiederholt, die Du nicht erwartet h&auml;ttest &ndash; und das kann zu wirklich lustigen oder vielleicht auch etwas unangenehmen Momenten f&uuml;hren.&nbsp;<\/p><h3 class=\"wp-block-heading\" id=\"h-baby-14-monate-bewegung-nbsp\">Baby 14 Monate: Bewegung&nbsp;<\/h3><p>Dein Kind ist jetzt sehr agil. Viele Babys machen mit 14 Monaten bereits <strong>die ersten Schritte<\/strong>. Sie stehen schon relativ sicher, w&auml;hrend das Gehen in der Regel noch etwas wackelig ist. Der Gang Deines Kindes sieht im Moment noch etwas breitbeinig aus. Das liegt daran, dass die Kids in diesem Alter noch nicht mit dem Fu&szlig; abrollen. Keine Sorge, das ist v&ouml;llig normal. <\/p><p><strong>Die Babys klettern jetzt auch gerne &uuml;ber Hindernisse und spielen mit ihren Spielzeugen.<\/strong> Sie k&ouml;nnen schon gut Dinge in die Hand nehmen und etwas damit tun, wie <a href=\"https:\/\/www.babyartikel.de\/prod\/hauck-holz-stapelturm-mit-formen-stack-n-raise\">Bausteine<\/a> stapeln oder einen <a href=\"https:\/\/www.babyartikel.de\/prod\/sigikid-aktiv-ball-mit-rassel-o-19-cm\">Ball<\/a> werfen.&nbsp;&nbsp;<\/p><h2 class=\"wp-block-heading\" id=\"h-baby-14-monate-lauft-nicht-oder-spricht-nicht-ein-grund-zur-sorge\"><span class=\"ez-toc-section\" id=\"Baby_14_Monate_laeuft_nicht_oder_spricht_nicht_Ein_Grund_zur_Sorge\"><\/span>Baby 14 Monate l&auml;uft nicht oder spricht nicht: Ein Grund zur Sorge?<span class=\"ez-toc-section-end\"><\/span><\/h2><p>Wenn Dein Baby mit 14 Monaten bisher nicht spricht oder l&auml;uft, machst Du Dir vielleicht Sorgen. In den meisten F&auml;llen ist das unn&ouml;tig, denn Kinder entwickeln sich sehr individuell und folgen ihrem eigenen Zeitplan. <\/p><p><strong>Sprachentwicklung:&nbsp;<\/strong><\/p><ul class=\"wp-block-list\">\n<li>Mit 14 Monaten k&ouml;nnen einige Babys bereits einfache W&ouml;rter sagen, andere nutzen eher Laute und Gesten, um zu kommunizieren.&nbsp;<\/li>\n\n\n\n<li><strong>Nicht sprechen zu k&ouml;nnen, ist in diesem Alter nicht ungew&ouml;hnlich. <\/strong>Wichtig ist, dass Dein Baby auf Ger&auml;usche reagiert, Blickkontakt h&auml;lt und versucht, mit seiner Umgebung zu interagieren.&nbsp;<\/li>\n<\/ul><p><strong>Motorische Entwicklung:&nbsp;<\/strong><\/p><ul class=\"wp-block-list\">\n<li>Viele Babys machen ihre ersten Schritte zwischen 9 und 18 Monaten. Wenn Dein Baby mit 14 Monaten noch nicht l&auml;uft, ist das okay. Es hat noch viel Zeit, <a href=\"https:\/\/www.babyartikel.de\/magazin\/baby-1-x-1-laufen-lernen\">laufen zu lernen<\/a>. &nbsp;<\/li>\n\n\n\n<li>Achte darauf, ob Dein Kind anderweitig mobil ist. Kann es <a href=\"https:\/\/www.babyartikel.de\/magazin\/wann-krabbeln-babys\">krabbeln<\/a>, sich hochziehen oder an M&ouml;beln entlanglaufen?<\/li>\n<\/ul><p>Wenn Dein Baby nicht auf Ger&auml;usche oder seinen Namen reagiert, keinen Augenkontakt herstellt oder nicht versucht, mit Dir oder anderen zu kommunizieren, solltest Du dies bei der n&auml;chsten <a href=\"https:\/\/www.babyartikel.de\/magazin\/u-untersuchungen-vorsorgeuntersuchungen\">Vorsorgeuntersuchung<\/a> ansprechen. Auch, wenn Dein Baby keine Anstalten macht, sich zu bewegen, nicht krabbelt oder sich nicht hochzieht, ist es ratsam, dies mit Deinem Kinderarzt zu besprechen. Vielleicht hast Du dies bei der <a href=\"https:\/\/www.babyartikel.de\/magazin\/u6-untersuchung-motorik-check-mmr-impfung\">U6<\/a> bereits getan. <\/p><p>In der Regel steckt kein Problem dahinter. Sollte Dein Nachwuchs aber tats&auml;chlich Entwicklungsschwierigkeiten haben, ist es am besten, diese so fr&uuml;h wie m&ouml;glich zu erkennen und behandeln.&nbsp;&nbsp;<\/p><h2 class=\"wp-block-heading\" id=\"h-fordere-dein-baby-mit-14-monaten-durch-spiel-und-entdeckung-nbsp\"><span class=\"ez-toc-section\" id=\"Foerdere_Dein_Baby_mit_14_Monaten_durch_Spiel_und_Entdeckung\"><\/span>F&ouml;rdere Dein Baby mit 14 Monaten durch Spiel und Entdeckung&nbsp;<span class=\"ez-toc-section-end\"><\/span><\/h2><p>Dein Kind ist neugierig und lernbegierig. Hier sind einige Wege, wie Du seine Entwicklung spielerisch unterst&uuml;tzen und Dein 14 Monate altes Baby altersgem&auml;&szlig; besch&auml;ftigen kannst: <\/p><p><strong>Sprachentwicklung:&nbsp;<\/strong><\/p><ul class=\"wp-block-list\">\n<li>Benenne regelm&auml;&szlig;ig Gegenst&auml;nde und Aktionen im Alltag.&nbsp;<\/li>\n\n\n\n<li>Singe Lieder und sprich Reime auf.&nbsp;Besonders viel Spa&szlig; machen den Kleinen <a href=\"https:\/\/www.babyartikel.de\/magazin\/11-lustige-kniereiter-fuer-babys-kleinkinder\">Kniereiter-Spiele<\/a>, die Singen und Bewegung miteinander verbinden<\/li>\n\n\n\n<li>Lies Deinem Baby regelm&auml;&szlig;ig vor, um seine Sprachkenntnisse zu erweitern.&nbsp;<\/li>\n<\/ul><p><strong>Feinmotorik:&nbsp;<\/strong><\/p><ul class=\"wp-block-list\">\n<li>Biete <a href=\"https:\/\/www.babyartikel.de\/prod\/simba-toys-abc-soft-stapelwuerfel-6-stueck\" target=\"_blank\" rel=\"noreferrer noopener\">Baukl&ouml;tze zum Stapeln<\/a> an.&nbsp;<\/li>\n\n\n\n<li>F&ouml;rdere das Rollen und Werfen mit <a href=\"https:\/\/www.babyartikel.de\/prod\/cause-ball-mit-rassel\" target=\"_blank\" rel=\"noreferrer noopener\">weichen B&auml;llen<\/a>.&nbsp;<\/li>\n\n\n\n<li>Einfache <a href=\"https:\/\/www.babyartikel.de\/prod\/goki-steckpuzzle-gegenstaende\">Puzzles<\/a> und <a href=\"https:\/\/www.babyartikel.de\/prod\/eichhorn-sortierspiel-bauernhof\" target=\"_blank\" rel=\"noreferrer noopener\">Formensortierspiele<\/a> unterst&uuml;tzen das Verst&auml;ndnis f&uuml;r Formen und Farben.&nbsp;<\/li>\n<\/ul><p><strong>Grobmotorik und Koordination:&nbsp;<\/strong><\/p><ul class=\"wp-block-list\">\n<li>Baue einen Entdeckerparcours mit Kissen und weichen Gegenst&auml;nden.&nbsp;<\/li>\n\n\n\n<li>Tanze zu Musik oder spiele einfache Fangspiele.&nbsp;<\/li>\n\n\n\n<li>Lass Dein Baby mit T&ouml;pfen und L&ouml;ffeln &bdquo;Musik machen&ldquo;.&nbsp;<\/li>\n<\/ul><p><strong>Kreativit&auml;t und Bindung:&nbsp;<\/strong><\/p><ul class=\"wp-block-list\">\n<li>Gemeinsames Malen, auch wenn es zu Beginn mehr um das Erleben von Farben geht.&nbsp;<\/li>\n\n\n\n<li>Naturerkundungen im Park oder Wald, um die Sinne anzuregen.&nbsp;<\/li>\n\n\n\n<li>Versteckspiele wie &sbquo;Kuckuck-da&lsquo;, die das Verst&auml;ndnis f&uuml;r Objektpermanenz f&ouml;rdern.&nbsp;<\/li>\n<\/ul><p>Am wichtigsten ist es, dass Du und Dein Baby beim Spielen Spa&szlig; haben. Jede gemeinsame Aktivit&auml;t st&auml;rkt Eure Bindung und unterst&uuml;tzt die Entwicklung Deines Kindes.&nbsp;<\/p><p class=\"has-background\" style=\"background-color:#e6cdd4\">Mit jedem Tag w&auml;chst und gedeiht Dein kleiner Schatz und zeigt Dir die Welt aus einer neuen, staunenden Perspektive. Dein Baby erreicht mit 14 Monaten spannende Meilensteine in seiner Entwicklung. Genie&szlig;e die gemeinsamen Momente des Lernens und Lachens, denn diese kostbaren Zeiten sind so fl&uuml;chtig, wie sie sch&ouml;n sind.<\/p><hr class=\"wp-block-separator has-alpha-channel-opacity\"><script>\n\tjQuery(document).ready(function() {\n\t\t\/\/ Swiper: Slider\n\t\tvar swiper = new Swiper('.swiper-8450-1987', {\n\t\t\tslidesPerView: 9,\n\t\t\tslidesPerGroup: 1,\n\t\t\tspaceBetween: 5,\n\t\t\tinitialSlide: 13,\n\t\t\t\/\/direction: 'horizontal',\n\t\t\t\/\/loop: true,\n\t\t\tnavigation: {\n\t\t\t  nextEl: '.swiper-btn-nx-swiper-8450-1987',\n\t\t\t  prevEl: '.swiper-btn-pr-swiper-8450-1987',\n\t\t\t},\n\t\t\tbreakpoints: {\n\t\t\t\t1260: {\n\t\t\t\t\tslidesPerView: 7,\n\t\t\t\t},\n\t\t\t\t767: {\n\t\t\t\t\tslidesPerView: 5,\n\t\t\t\t},\n\t\t\t\t460: {\n\t\t\t\t\tslidesPerView: 4,\n\t\t\t\t},\n\t\t\t\t380: {\n\t\t\t\t\tslidesPerView: 3,\n\t\t\t\t},\n\t\t\t\t320: {\n\t\t\t\t\tslidesPerView: 2,\n\t\t\t\t}\n\t\t\t}\n\t\t  });\n\t\t});\n\t\t<\/script><section class=\"navigation-calender\">\n\t<div class=\"swiper-element\" style=\"background-color:white;\">\n\t\t<label class=\"text-center h2\">Alle Baby-Monate im &Uuml;berblick<\/label>\n\t\t<div class=\"swiper_wrap swiper-wrap-wop\">\n\t\t\t<!-- Slider main container -->\n\t\t\t<div class=\"swiper-container swiper-container-wop swiper-8450-1987\">\n\t\t\t\t<!-- Additional required wrapper -->\n\t\t\t\t<div class=\"swiper-wrapper\" style=\"width: 80%\">\n\t\t\t\t\t\n\t\t\t\t<div class=\"swiper-slide isagenav-slide\">\n\t\t\t\t\t<a href=\"\/magazin\/baby-1-monat\" class=\"notSelectedWeek\">Baby 1<br>Monat<\/a>\n\t\t\t\t<\/div>\n\t\t\t\t<div class=\"swiper-slide isagenav-slide\">\n\t\t\t\t\t<a href=\"\/magazin\/baby-2-monate\" class=\"notSelectedWeek\">Baby 2<br>Monate<\/a>\n\t\t\t\t<\/div>\n\t\t\t\t<div class=\"swiper-slide isagenav-slide\">\n\t\t\t\t\t<a href=\"\/magazin\/baby-3-monate\" class=\"notSelectedWeek\">Baby 3<br>Monate<\/a>\n\t\t\t\t<\/div>\n\t\t\t\t<div class=\"swiper-slide isagenav-slide\">\n\t\t\t\t\t<a href=\"\/magazin\/baby-4-monate\" class=\"notSelectedWeek\">Baby 4<br>Monate<\/a>\n\t\t\t\t<\/div>\n\t\t\t\t<div class=\"swiper-slide isagenav-slide\">\n\t\t\t\t\t<a href=\"\/magazin\/baby-5-monate\" class=\"notSelectedWeek\">Baby 5<br>Monate<\/a>\n\t\t\t\t<\/div>\n\t\t\t\t<div class=\"swiper-slide isagenav-slide\">\n\t\t\t\t\t<a href=\"\/magazin\/baby-6-monate-entwicklung\" class=\"notSelectedWeek\">Baby 6<br>Monate<\/a>\n\t\t\t\t<\/div>\n\t\t\t\t<div class=\"swiper-slide isagenav-slide\">\n\t\t\t\t\t<a href=\"\/magazin\/baby-7-monate\" class=\"notSelectedWeek\">Baby 7<br>Monate<\/a>\n\t\t\t\t<\/div>\n\t\t\t\t<div class=\"swiper-slide isagenav-slide\">\n\t\t\t\t\t<a href=\"\/magazin\/baby-8-monate\" class=\"notSelectedWeek\">Baby 8<br>Monate<\/a>\n\t\t\t\t<\/div>\n\t\t\t\t<div class=\"swiper-slide isagenav-slide\">\n\t\t\t\t\t<a href=\"\/magazin\/baby-9-monate-so-entwickelt-sich-dein-schatz\" class=\"notSelectedWeek\">Baby 9<br>Monate<\/a>\n\t\t\t\t<\/div>\n\t\t\t\t<div class=\"swiper-slide isagenav-slide\">\n\t\t\t\t\t<a href=\"\/magazin\/baby-10-monate-alles-ueber-schlaf-essen-entwicklung\" class=\"notSelectedWeek\">Baby 10<br>Monate<\/a>\n\t\t\t\t<\/div>\n\t\t\t\t<div class=\"swiper-slide isagenav-slide\">\n\t\t\t\t\t<a href=\"\/magazin\/baby-11-monate-entwicklung-und-foerderung\" class=\"notSelectedWeek\">Baby 11<br>Monate<\/a>\n\t\t\t\t<\/div>\n\t\t\t\t<div class=\"swiper-slide isagenav-slide\">\n\t\t\t\t\t<a href=\"\/magazin\/baby-1-jahr\" class=\"notSelectedWeek\">Baby 12<br>Monate<\/a>\n\t\t\t\t<\/div>\n\t\t\t\t<div class=\"swiper-slide isagenav-slide\">\n\t\t\t\t\t<a href=\"\/magazin\/baby-13-monate-entwicklung-schlaf-ernaehrung\" class=\"notSelectedWeek\">Baby 13<br>Monate<\/a>\n\t\t\t\t<\/div>\n\t\t\t\t<div class=\"swiper-slide isagenav-slide\">\n\t\t\t\t\t<a href=\"\/magazin\/baby-14-monate-vom-laufen-schlafen-und-wutanfaellen\" class=\"selectedWeek\">Baby 14<br>Monate<\/a>\n\t\t\t\t<\/div>\n\t\t\t\t<div class=\"swiper-slide isagenav-slide\">\n\t\t\t\t\t<a href=\"\/magazin\/baby-15-monate\" class=\"notSelectedWeek\">Baby 15<br>Monate<\/a>\n\t\t\t\t<\/div>\n\t\t\t\t<div class=\"swiper-slide isagenav-slide\">\n\t\t\t\t\t<a href=\"\/magazin\/16-monate-altes-kind\" class=\"notSelectedWeek\">Baby 16<br>Monate<\/a>\n\t\t\t\t<\/div>\n\t\t\t\t<div class=\"swiper-slide isagenav-slide\">\n\t\t\t\t\t<a href=\"\/magazin\/kind-17-monate-entwicklung-schlaf-essen-schub\" class=\"notSelectedWeek\">Baby 17<br>Monate<\/a>\n\t\t\t\t<\/div>\n\t\t\t\t<div class=\"swiper-slide isagenav-slide\">\n\t\t\t\t\t<a href=\"\/magazin\/kind-18-monate-entwicklung-herausforderungen\" class=\"notSelectedWeek\">Baby 18<br>Monate<\/a>\n\t\t\t\t<\/div>\n\t\t\t\t<\/div>\n\t\t\t\t\n\t\t\t<\/div>\n\t\t\t<!-- If we need navigation buttons -->\n\t\t\t<div class=\"swiper-button-prev-wop swiper-btn-pr-swiper-8450-1987\" style=\"right: auto;\">\n\t\t\t\t<svg xmlns=\"http:\/\/www.w3.org\/2000\/svg\" width=\"25\" height=\"25\" fill=\"#3e3e3e\" class=\"bi bi-chevron-left\" viewbox=\"0 0 16 16\">\n\t\t\t\t\t<path fill-rule=\"evenodd\" d=\"M11.354 1.646a.5.5 0 0 1 0 .708L5.707 8l5.647 5.646a.5.5 0 0 1-.708.708l-6-6a.5.5 0 0 1 0-.708l6-6a.5.5 0 0 1 .708 0z\"><\/path>\n\t\t\t\t<\/svg>\n\t\t\t<\/div>\n\t\t\t<div class=\"swiper-button-next-wop swiper-btn-nx-swiper-8450-1987\" style=\"right: 0px; left: auto;\">\n\t\t\t\t<svg xmlns=\"http:\/\/www.w3.org\/2000\/svg\" width=\"25\" height=\"25\" fill=\"#3e3e3e\" class=\"bi bi-chevron-right\" viewbox=\"0 0 16 16\">\n\t\t\t\t\t<path fill-rule=\"evenodd\" d=\"M4.646 1.646a.5.5 0 0 1 .708 0l6 6a.5.5 0 0 1 0 .708l-6 6a.5.5 0 0 1-.708-.708L10.293 8 4.646 2.354a.5.5 0 0 1 0-.708z\"><\/path>\n\t\t\t\t<\/svg>\n\t\t\t<\/div>\n\t\t<\/div>\n\t<\/div>\n\t<\/section><hr class=\"wp-block-separator has-alpha-channel-opacity\"><h3 class=\"wp-block-heading\" id=\"h-wie-geht-es-weiter\">Wie geht es weiter?<\/h3><p><strong><em>Zum Weiterlesen: Wie es mit 15 Monaten weitergeht, erkl&auml;rt Dir Sophie im Beitrag <a href=\"https:\/\/www.babyartikel.de\/magazin\/baby-15-monate\">Baby 15 Monate: Entwicklung, Schlaf, Ern&auml;hrung &amp; der 9. Schub<\/a><\/em><\/strong><\/p><p class=\"has-small-font-size\">Quellen:&nbsp;<\/p><ul class=\"wp-block-list\">\n<li class=\"has-small-font-size\">Wachstumskurven: Universit&auml;ts-Kinderspitel Z&uuml;rich pdf &bdquo;Wachstumskurven&ldquo;, URL: https:\/\/www.kispi.uzh.ch\/d3\/1043\/wachstumskurven?id=1043 (aufgerufen am 23.11.23)<\/li>\n\n\n\n<li class=\"has-small-font-size\">Schlafdauer und Schlafbedarf: <a href=\"https:\/\/www.kindergesundheit-info.de\/themen\/schlafen\/1-6-jahre\/schlafbedarf\/\" target=\"_blank\" rel=\"noreferrer noopener\">https:\/\/www.kindergesundheit-info.de\/themen\/schlafen\/1-6-jahre\/schlafbedarf\/<\/a>&nbsp;<\/li>\n\n\n\n<li class=\"has-small-font-size\">So lernen Kinder Empathie <a href=\"https:\/\/www.big-direkt.de\/de\/gesund-leben\/familie-kinder\/so-lernen-kinder-empathie\" target=\"_blank\" rel=\"noreferrer noopener\">https:\/\/www.big-direkt.de\/de\/gesund-leben\/familie-kinder\/so-lernen-kinder-empathie<\/a>&nbsp;<\/li>\n\n\n\n<li class=\"has-small-font-size\">Wachstumsschub 9 &ndash; 64. Woche <a href=\"https:\/\/www.ojeichwachse.de\/sprung-9\/\" target=\"_blank\" rel=\"noreferrer noopener\">https:\/\/www.ojeichwachse.de\/sprung-9\/<\/a>&nbsp;<\/li>\n\n\n\n<li class=\"has-small-font-size\">dentolo &bdquo;Wenn Ihr Baby zahnt: Erste Symptome &amp; schnelle Hilfe&ldquo; URL: https:\/\/www.dentolo.de\/ratgeber\/baby-zahnt (aufgerufen am 23.11.23) <\/li>\n<\/ul><div class=\"credits-overlay\" data-target=\".wp-image-907342\"><a href=\"#\" target=\"_blank\">&copy; pikselstock &ndash; stock.adobe.com<\/a><\/div><\/p>\n","protected":false},"excerpt":{"rendered":"<p>In meinem Freundeskreis gibt es gerade einen kleinen Entdecker, der 14 Monate alt ist. Es ist faszinierend zu sehen, wie er die Welt erobert. Wenn ein Baby 14 Monate alt ist, steckt es voller Energie und &Uuml;berraschungen, denn es entwickelt seinen eigenen Kopf. Das Familienleben bekommt dadurch eine ganz neue Dynamik. Du fragst Dich, was [&#8230;]<\/p>\n<p><a class=\"btn btn-secondary understrap-read-more-link\" href=\"https:\/\/www.babyartikel.de\/magazin\/baby-14-monate-vom-laufen-schlafen-und-wutanfaellen\">Weiterlesen&#8230;<\/a><\/p>\n","protected":false},"author":104,"featured_media":907342,"comment_status":"open","ping_status":"closed","sticky":false,"template":"","format":"standard","meta":{"_acf_changed":false,"footnotes":""},"categories":[1430],"tags":[23140,1044,23141],"class_list":["post-906445","post","type-post","status-publish","format-standard","has-post-thumbnail","hentry","category-kleinkind","tag-baby-14-monate","tag-entwicklung","tag-month-14-primary"],"acf":[],"yoast_head":"<!-- This site is optimized with the Yoast SEO Premium plugin v27.2 (Yoast SEO v27.2) - https:\/\/yoast.com\/product\/yoast-seo-premium-wordpress\/ -->\n<title>Baby 14 Monate: Laufen, Schlafen, Wutanf\u00e4lle | Babyartikel.de Magazin<\/title>\n<meta name=\"description\" content=\"Entwickelt sich Dein 14 Monate altes Baby altersgerecht? Lies hier alles \u00fcber das Laufen lernen, guten Schlaf und den Umgang mit Wutanf\u00e4llen.\" \/>\n<meta name=\"robots\" content=\"index, follow, max-snippet:-1, max-image-preview:large, max-video-preview:-1\" \/>\n<link rel=\"canonical\" href=\"https:\/\/www.babyartikel.de\/magazin\/baby-14-monate-vom-laufen-schlafen-und-wutanfaellen\" \/>\n<meta property=\"og:locale\" content=\"de_DE\" \/>\n<meta property=\"og:type\" content=\"article\" \/>\n<meta property=\"og:title\" content=\"Baby 14 Monate: Vom Laufen, Schlafen und Wutanf\u00e4llen\" \/>\n<meta property=\"og:description\" content=\"Entwickelt sich Dein 14 Monate altes Baby altersgerecht? Lies hier alles \u00fcber das Laufen lernen, guten Schlaf und den Umgang mit Wutanf\u00e4llen.\" \/>\n<meta property=\"og:url\" content=\"https:\/\/www.babyartikel.de\/magazin\/baby-14-monate-vom-laufen-schlafen-und-wutanfaellen\" \/>\n<meta property=\"og:site_name\" content=\"Babyartikel.de Magazin\" \/>\n<meta property=\"article:published_time\" content=\"2023-12-03T06:55:00+00:00\" \/>\n<meta property=\"article:modified_time\" content=\"2025-04-25T07:39:56+00:00\" \/>\n<meta property=\"og:image\" content=\"https:\/\/cdn.magazin.babyartikel.de\/magazin\/wp-content\/uploads\/2023\/11\/baby-14-monate-e1700746933745-1050x727.jpg\" \/>\n\t<meta property=\"og:image:width\" content=\"1050\" \/>\n\t<meta property=\"og:image:height\" content=\"727\" \/>\n\t<meta property=\"og:image:type\" content=\"image\/jpeg\" \/>\n<meta name=\"author\" content=\"Julia Starkey\" \/>\n<meta name=\"twitter:card\" content=\"summary_large_image\" \/>\n<meta name=\"twitter:label1\" content=\"Verfasst von\" \/>\n\t<meta name=\"twitter:data1\" content=\"Julia Starkey\" \/>\n\t<meta name=\"twitter:label2\" content=\"Gesch\u00e4tzte Lesezeit\" \/>\n\t<meta name=\"twitter:data2\" content=\"15\u00a0Minuten\" \/>\n<script type=\"application\/ld+json\" class=\"yoast-schema-graph\">{\"@context\":\"https:\/\/schema.org\",\"@graph\":[{\"@type\":\"Article\",\"@id\":\"https:\/\/www.babyartikel.de\/magazin\/baby-14-monate-vom-laufen-schlafen-und-wutanfaellen#article\",\"isPartOf\":{\"@id\":\"https:\/\/www.babyartikel.de\/magazin\/baby-14-monate-vom-laufen-schlafen-und-wutanfaellen\"},\"author\":{\"name\":\"Julia Starkey\",\"@id\":\"https:\/\/www.babyartikel.de\/magazin\/#\/schema\/person\/a78cef54bc738f4744e638de843ab745\"},\"headline\":\"Baby 14 Monate: Vom Laufen, Schlafen und Wutanf\u00e4llen\",\"datePublished\":\"2023-12-03T06:55:00+00:00\",\"dateModified\":\"2025-04-25T07:39:56+00:00\",\"mainEntityOfPage\":{\"@id\":\"https:\/\/www.babyartikel.de\/magazin\/baby-14-monate-vom-laufen-schlafen-und-wutanfaellen\"},\"wordCount\":2711,\"commentCount\":0,\"image\":{\"@id\":\"https:\/\/www.babyartikel.de\/magazin\/baby-14-monate-vom-laufen-schlafen-und-wutanfaellen#primaryimage\"},\"thumbnailUrl\":\"https:\/\/media.babyartikel.de\/magazin\/wp-content\/uploads\/2023\/11\/baby-14-monate-e1700746933745.jpg\",\"keywords\":[\"baby 14 monate\",\"entwicklung\",\"MONTH-14-primary\"],\"articleSection\":[\"Kleinkind\"],\"inLanguage\":\"de\",\"potentialAction\":[{\"@type\":\"CommentAction\",\"name\":\"Comment\",\"target\":[\"https:\/\/www.babyartikel.de\/magazin\/baby-14-monate-vom-laufen-schlafen-und-wutanfaellen#respond\"]}]},{\"@type\":\"WebPage\",\"@id\":\"https:\/\/www.babyartikel.de\/magazin\/baby-14-monate-vom-laufen-schlafen-und-wutanfaellen\",\"url\":\"https:\/\/www.babyartikel.de\/magazin\/baby-14-monate-vom-laufen-schlafen-und-wutanfaellen\",\"name\":\"Baby 14 Monate: Laufen, Schlafen, Wutanf\u00e4lle | Babyartikel.de Magazin\",\"isPartOf\":{\"@id\":\"https:\/\/www.babyartikel.de\/magazin\/#website\"},\"primaryImageOfPage\":{\"@id\":\"https:\/\/www.babyartikel.de\/magazin\/baby-14-monate-vom-laufen-schlafen-und-wutanfaellen#primaryimage\"},\"image\":{\"@id\":\"https:\/\/www.babyartikel.de\/magazin\/baby-14-monate-vom-laufen-schlafen-und-wutanfaellen#primaryimage\"},\"thumbnailUrl\":\"https:\/\/media.babyartikel.de\/magazin\/wp-content\/uploads\/2023\/11\/baby-14-monate-e1700746933745.jpg\",\"datePublished\":\"2023-12-03T06:55:00+00:00\",\"dateModified\":\"2025-04-25T07:39:56+00:00\",\"author\":{\"@id\":\"https:\/\/www.babyartikel.de\/magazin\/#\/schema\/person\/a78cef54bc738f4744e638de843ab745\"},\"description\":\"Entwickelt sich Dein 14 Monate altes Baby altersgerecht? Lies hier alles \u00fcber das Laufen lernen, guten Schlaf und den Umgang mit Wutanf\u00e4llen.\",\"breadcrumb\":{\"@id\":\"https:\/\/www.babyartikel.de\/magazin\/baby-14-monate-vom-laufen-schlafen-und-wutanfaellen#breadcrumb\"},\"inLanguage\":\"de\",\"potentialAction\":[{\"@type\":\"ReadAction\",\"target\":[\"https:\/\/www.babyartikel.de\/magazin\/baby-14-monate-vom-laufen-schlafen-und-wutanfaellen\"]}]},{\"@type\":\"ImageObject\",\"inLanguage\":\"de\",\"@id\":\"https:\/\/www.babyartikel.de\/magazin\/baby-14-monate-vom-laufen-schlafen-und-wutanfaellen#primaryimage\",\"url\":\"https:\/\/media.babyartikel.de\/magazin\/wp-content\/uploads\/2023\/11\/baby-14-monate-e1700746933745.jpg\",\"contentUrl\":\"https:\/\/media.babyartikel.de\/magazin\/wp-content\/uploads\/2023\/11\/baby-14-monate-e1700746933745.jpg\",\"width\":5902,\"height\":4087,\"caption\":\"baby 14 monate l\u00e4uft nach schub an der hand von papa\"},{\"@type\":\"BreadcrumbList\",\"@id\":\"https:\/\/www.babyartikel.de\/magazin\/baby-14-monate-vom-laufen-schlafen-und-wutanfaellen#breadcrumb\",\"itemListElement\":[{\"@type\":\"ListItem\",\"position\":1,\"name\":\"Startseite\",\"item\":\"https:\/\/www.babyartikel.de\/magazin\"},{\"@type\":\"ListItem\",\"position\":2,\"name\":\"Baby 14 Monate: Vom Laufen, Schlafen und Wutanf\u00e4llen\"}]},{\"@type\":\"WebSite\",\"@id\":\"https:\/\/www.babyartikel.de\/magazin\/#website\",\"url\":\"https:\/\/www.babyartikel.de\/magazin\/\",\"name\":\"Babyartikel.de Magazin\",\"description\":\"\",\"potentialAction\":[{\"@type\":\"SearchAction\",\"target\":{\"@type\":\"EntryPoint\",\"urlTemplate\":\"https:\/\/www.babyartikel.de\/magazin\/?s={search_term_string}\"},\"query-input\":{\"@type\":\"PropertyValueSpecification\",\"valueRequired\":true,\"valueName\":\"search_term_string\"}}],\"inLanguage\":\"de\"},{\"@type\":\"Person\",\"@id\":\"https:\/\/www.babyartikel.de\/magazin\/#\/schema\/person\/a78cef54bc738f4744e638de843ab745\",\"name\":\"Julia Starkey\",\"image\":{\"@type\":\"ImageObject\",\"inLanguage\":\"de\",\"@id\":\"https:\/\/secure.gravatar.com\/avatar\/010c984bef0b0f8e88895fd8dec7eb2c5f0118982f4b682256cfc6667ba4ee5a?s=96&d=mm&r=g\",\"url\":\"https:\/\/secure.gravatar.com\/avatar\/010c984bef0b0f8e88895fd8dec7eb2c5f0118982f4b682256cfc6667ba4ee5a?s=96&d=mm&r=g\",\"contentUrl\":\"https:\/\/secure.gravatar.com\/avatar\/010c984bef0b0f8e88895fd8dec7eb2c5f0118982f4b682256cfc6667ba4ee5a?s=96&d=mm&r=g\",\"caption\":\"Julia Starkey\"},\"description\":\"Vor mehr als 10 Jahren startete ich als Bloggerin f\u00fcr Familien-, Gesundheits- und Lifestyle-Themen durch. Dann wurde ich im Herbst 2015 selbst Mutter einer bezaubernden Tochter. Gemeinsam leben wir in unserer Wahlheimat Bali. Meine Leidenschaft ist die Recherche zu unterschiedlichsten Themen. Es erf\u00fcllt mein Herz, dass ich hier meine Erkenntnisse, aber auch pers\u00f6nlichen Erfahrungen als Mama mit Dir teilen darf.\",\"sameAs\":[\"https:\/\/julia-starkey.de\/\",\"https:\/\/www.instagram.com\/julia.starkey.official\/\"],\"url\":\"https:\/\/www.babyartikel.de\/magazin\/author\/julia-trippingtribe\"}]}<\/script>\n<!-- \/ Yoast SEO Premium plugin. -->","yoast_head_json":{"title":"Baby 14 Monate: Laufen, Schlafen, Wutanf\u00e4lle | Babyartikel.de Magazin","description":"Entwickelt sich Dein 14 Monate altes Baby altersgerecht? Lies hier alles \u00fcber das Laufen lernen, guten Schlaf und den Umgang mit Wutanf\u00e4llen.","robots":{"index":"index","follow":"follow","max-snippet":"max-snippet:-1","max-image-preview":"max-image-preview:large","max-video-preview":"max-video-preview:-1"},"canonical":"https:\/\/www.babyartikel.de\/magazin\/baby-14-monate-vom-laufen-schlafen-und-wutanfaellen","og_locale":"de_DE","og_type":"article","og_title":"Baby 14 Monate: Vom Laufen, Schlafen und Wutanf\u00e4llen","og_description":"Entwickelt sich Dein 14 Monate altes Baby altersgerecht? Lies hier alles \u00fcber das Laufen lernen, guten Schlaf und den Umgang mit Wutanf\u00e4llen.","og_url":"https:\/\/www.babyartikel.de\/magazin\/baby-14-monate-vom-laufen-schlafen-und-wutanfaellen","og_site_name":"Babyartikel.de Magazin","article_published_time":"2023-12-03T06:55:00+00:00","article_modified_time":"2025-04-25T07:39:56+00:00","og_image":[{"width":1050,"height":727,"url":"https:\/\/cdn.magazin.babyartikel.de\/magazin\/wp-content\/uploads\/2023\/11\/baby-14-monate-e1700746933745-1050x727.jpg","type":"image\/jpeg"}],"author":"Julia Starkey","twitter_card":"summary_large_image","twitter_misc":{"Verfasst von":"Julia Starkey","Gesch\u00e4tzte Lesezeit":"15\u00a0Minuten"},"schema":{"@context":"https:\/\/schema.org","@graph":[{"@type":"Article","@id":"https:\/\/www.babyartikel.de\/magazin\/baby-14-monate-vom-laufen-schlafen-und-wutanfaellen#article","isPartOf":{"@id":"https:\/\/www.babyartikel.de\/magazin\/baby-14-monate-vom-laufen-schlafen-und-wutanfaellen"},"author":{"name":"Julia Starkey","@id":"https:\/\/www.babyartikel.de\/magazin\/#\/schema\/person\/a78cef54bc738f4744e638de843ab745"},"headline":"Baby 14 Monate: Vom Laufen, Schlafen und Wutanf\u00e4llen","datePublished":"2023-12-03T06:55:00+00:00","dateModified":"2025-04-25T07:39:56+00:00","mainEntityOfPage":{"@id":"https:\/\/www.babyartikel.de\/magazin\/baby-14-monate-vom-laufen-schlafen-und-wutanfaellen"},"wordCount":2711,"commentCount":0,"image":{"@id":"https:\/\/www.babyartikel.de\/magazin\/baby-14-monate-vom-laufen-schlafen-und-wutanfaellen#primaryimage"},"thumbnailUrl":"https:\/\/media.babyartikel.de\/magazin\/wp-content\/uploads\/2023\/11\/baby-14-monate-e1700746933745.jpg","keywords":["baby 14 monate","entwicklung","MONTH-14-primary"],"articleSection":["Kleinkind"],"inLanguage":"de","potentialAction":[{"@type":"CommentAction","name":"Comment","target":["https:\/\/www.babyartikel.de\/magazin\/baby-14-monate-vom-laufen-schlafen-und-wutanfaellen#respond"]}]},{"@type":"WebPage","@id":"https:\/\/www.babyartikel.de\/magazin\/baby-14-monate-vom-laufen-schlafen-und-wutanfaellen","url":"https:\/\/www.babyartikel.de\/magazin\/baby-14-monate-vom-laufen-schlafen-und-wutanfaellen","name":"Baby 14 Monate: Laufen, Schlafen, Wutanf\u00e4lle | Babyartikel.de Magazin","isPartOf":{"@id":"https:\/\/www.babyartikel.de\/magazin\/#website"},"primaryImageOfPage":{"@id":"https:\/\/www.babyartikel.de\/magazin\/baby-14-monate-vom-laufen-schlafen-und-wutanfaellen#primaryimage"},"image":{"@id":"https:\/\/www.babyartikel.de\/magazin\/baby-14-monate-vom-laufen-schlafen-und-wutanfaellen#primaryimage"},"thumbnailUrl":"https:\/\/media.babyartikel.de\/magazin\/wp-content\/uploads\/2023\/11\/baby-14-monate-e1700746933745.jpg","datePublished":"2023-12-03T06:55:00+00:00","dateModified":"2025-04-25T07:39:56+00:00","author":{"@id":"https:\/\/www.babyartikel.de\/magazin\/#\/schema\/person\/a78cef54bc738f4744e638de843ab745"},"description":"Entwickelt sich Dein 14 Monate altes Baby altersgerecht? Lies hier alles \u00fcber das Laufen lernen, guten Schlaf und den Umgang mit Wutanf\u00e4llen.","breadcrumb":{"@id":"https:\/\/www.babyartikel.de\/magazin\/baby-14-monate-vom-laufen-schlafen-und-wutanfaellen#breadcrumb"},"inLanguage":"de","potentialAction":[{"@type":"ReadAction","target":["https:\/\/www.babyartikel.de\/magazin\/baby-14-monate-vom-laufen-schlafen-und-wutanfaellen"]}]},{"@type":"ImageObject","inLanguage":"de","@id":"https:\/\/www.babyartikel.de\/magazin\/baby-14-monate-vom-laufen-schlafen-und-wutanfaellen#primaryimage","url":"https:\/\/media.babyartikel.de\/magazin\/wp-content\/uploads\/2023\/11\/baby-14-monate-e1700746933745.jpg","contentUrl":"https:\/\/media.babyartikel.de\/magazin\/wp-content\/uploads\/2023\/11\/baby-14-monate-e1700746933745.jpg","width":5902,"height":4087,"caption":"baby 14 monate l\u00e4uft nach schub an der hand von papa"},{"@type":"BreadcrumbList","@id":"https:\/\/www.babyartikel.de\/magazin\/baby-14-monate-vom-laufen-schlafen-und-wutanfaellen#breadcrumb","itemListElement":[{"@type":"ListItem","position":1,"name":"Startseite","item":"https:\/\/www.babyartikel.de\/magazin"},{"@type":"ListItem","position":2,"name":"Baby 14 Monate: Vom Laufen, Schlafen und Wutanf\u00e4llen"}]},{"@type":"WebSite","@id":"https:\/\/www.babyartikel.de\/magazin\/#website","url":"https:\/\/www.babyartikel.de\/magazin\/","name":"Babyartikel.de Magazin","description":"","potentialAction":[{"@type":"SearchAction","target":{"@type":"EntryPoint","urlTemplate":"https:\/\/www.babyartikel.de\/magazin\/?s={search_term_string}"},"query-input":{"@type":"PropertyValueSpecification","valueRequired":true,"valueName":"search_term_string"}}],"inLanguage":"de"},{"@type":"Person","@id":"https:\/\/www.babyartikel.de\/magazin\/#\/schema\/person\/a78cef54bc738f4744e638de843ab745","name":"Julia Starkey","image":{"@type":"ImageObject","inLanguage":"de","@id":"https:\/\/secure.gravatar.com\/avatar\/010c984bef0b0f8e88895fd8dec7eb2c5f0118982f4b682256cfc6667ba4ee5a?s=96&d=mm&r=g","url":"https:\/\/secure.gravatar.com\/avatar\/010c984bef0b0f8e88895fd8dec7eb2c5f0118982f4b682256cfc6667ba4ee5a?s=96&d=mm&r=g","contentUrl":"https:\/\/secure.gravatar.com\/avatar\/010c984bef0b0f8e88895fd8dec7eb2c5f0118982f4b682256cfc6667ba4ee5a?s=96&d=mm&r=g","caption":"Julia Starkey"},"description":"Vor mehr als 10 Jahren startete ich als Bloggerin f\u00fcr Familien-, Gesundheits- und Lifestyle-Themen durch. Dann wurde ich im Herbst 2015 selbst Mutter einer bezaubernden Tochter. Gemeinsam leben wir in unserer Wahlheimat Bali. Meine Leidenschaft ist die Recherche zu unterschiedlichsten Themen. Es erf\u00fcllt mein Herz, dass ich hier meine Erkenntnisse, aber auch pers\u00f6nlichen Erfahrungen als Mama mit Dir teilen darf.","sameAs":["https:\/\/julia-starkey.de\/","https:\/\/www.instagram.com\/julia.starkey.official\/"],"url":"https:\/\/www.babyartikel.de\/magazin\/author\/julia-trippingtribe"}]}},"abstract_sku":"","_links":{"self":[{"href":"https:\/\/www.babyartikel.de\/magazin\/wp-json\/wp\/v2\/posts\/906445","targetHints":{"allow":["GET"]}}],"collection":[{"href":"https:\/\/www.babyartikel.de\/magazin\/wp-json\/wp\/v2\/posts"}],"about":[{"href":"https:\/\/www.babyartikel.de\/magazin\/wp-json\/wp\/v2\/types\/post"}],"author":[{"embeddable":true,"href":"https:\/\/www.babyartikel.de\/magazin\/wp-json\/wp\/v2\/users\/104"}],"replies":[{"embeddable":true,"href":"https:\/\/www.babyartikel.de\/magazin\/wp-json\/wp\/v2\/comments?post=906445"}],"version-history":[{"count":34,"href":"https:\/\/www.babyartikel.de\/magazin\/wp-json\/wp\/v2\/posts\/906445\/revisions"}],"predecessor-version":[{"id":960290,"href":"https:\/\/www.babyartikel.de\/magazin\/wp-json\/wp\/v2\/posts\/906445\/revisions\/960290"}],"wp:featuredmedia":[{"embeddable":true,"href":"https:\/\/www.babyartikel.de\/magazin\/wp-json\/wp\/v2\/media\/907342"}],"wp:attachment":[{"href":"https:\/\/www.babyartikel.de\/magazin\/wp-json\/wp\/v2\/media?parent=906445"}],"wp:term":[{"taxonomy":"category","embeddable":true,"href":"https:\/\/www.babyartikel.de\/magazin\/wp-json\/wp\/v2\/categories?post=906445"},{"taxonomy":"post_tag","embeddable":true,"href":"https:\/\/www.babyartikel.de\/magazin\/wp-json\/wp\/v2\/tags?post=906445"}],"curies":[{"name":"wp","href":"https:\/\/api.w.org\/{rel}","templated":true}]}}