
{"id":929315,"date":"2024-02-13T08:40:00","date_gmt":"2024-02-13T07:40:00","guid":{"rendered":"https:\/\/www.babyartikel.de\/magazin\/?p=929315"},"modified":"2024-03-19T13:20:36","modified_gmt":"2024-03-19T12:20:36","slug":"64-wochen-schub-erfahrungen-dauer-schlaf-schlimm-wann-vorbei","status":"publish","type":"post","link":"https:\/\/www.babyartikel.de\/magazin\/64-wochen-schub-erfahrungen-dauer-schlaf-schlimm-wann-vorbei","title":{"rendered":"Der 64-Wochen-Schub: Dauer, Entwicklung, Schlaf &#8211; und wann er endlich vorbei ist"},"content":{"rendered":"<p>Ich <img loading=\"lazy\" decoding=\"async\" width=\"1\" height=\"1\" src=\"https:\/\/vg01.met.vgwort.de\/na\/e86c2ae230dd4d4685f71cf3cf08061f\" alt=\"\">wei&szlig; noch, wie ich damals beim ersten Kind dachte: &bdquo;Krass, kommt der jetzt schon in die Trotzphase?!&ldquo; Mit 15 Monaten lag er bei Kleinigkeiten weinend auf dem Boden und schien sich richtig zu &auml;rgern, wenn etwas nicht so war, wie er wollte. Tats&auml;chlich war mein Kleinkind nicht in der Trotzphase &ndash; sondern im 9. Wachstumsschub, dem <strong>64-Wochen-Schub<\/strong>. Wenn Dein Kind sich mit 15 bzw. 16 Monaten ebenfalls ungewohnt gereizt, ungeduldig und quengelig verh&auml;lt, erkl&auml;re ich Dir jetzt, woran das liegt. <script>\n\tjQuery(document).ready(function() {\n\t\t\/\/ Swiper: Slider\n\t\tvar swiper = new Swiper('.swiper-7645-3260', {\n\t\t\tslidesPerView: 9,\n\t\t\tslidesPerGroup: 1,\n\t\t\tspaceBetween: 5,\n\t\t\tinitialSlide: 8,\n\t\t\t\/\/direction: 'horizontal',\n\t\t\t\/\/loop: true,\n\t\t\tnavigation: {\n\t\t\t  nextEl: '.swiper-btn-nx-swiper-7645-3260',\n\t\t\t  prevEl: '.swiper-btn-pr-swiper-7645-3260',\n\t\t\t},\n\t\t\tbreakpoints: {\n\t\t\t\t1260: {\n\t\t\t\t\tslidesPerView: 7,\n\t\t\t\t},\n\t\t\t\t767: {\n\t\t\t\t\tslidesPerView: 5,\n\t\t\t\t},\n\t\t\t\t460: {\n\t\t\t\t\tslidesPerView: 4,\n\t\t\t\t},\n\t\t\t\t380: {\n\t\t\t\t\tslidesPerView: 3,\n\t\t\t\t},\n\t\t\t\t320: {\n\t\t\t\t\tslidesPerView: 2,\n\t\t\t\t}\n\t\t\t}\n\t\t  });\n\t\t});\n\t\t<\/script><section class=\"navigation-calender\">\n\t<div class=\"swiper-element\" style=\"background-color:white;\">\n\t\t<label class=\"text-center h2\">Baby Wachstumssch&uuml;be<\/label>\n\t\t<div class=\"swiper_wrap swiper-wrap-wop\">\n\t\t\t<!-- Slider main container -->\n\t\t\t<div class=\"swiper-container swiper-container-wop swiper-7645-3260\">\n\t\t\t\t<!-- Additional required wrapper -->\n\t\t\t\t<div class=\"swiper-wrapper\" style=\"width: 80%\">\n\t\t\t\t\t\n\t\t\t<div class=\"swiper-slide\">\n\t\t\t\t<a href=\"\/magazin\/der-erste-wachstumsschub-erkennen\" class=\"notSelectedWeek\">1.<br>Schub<\/a>\n\t\t\t<\/div>\n\t\t\t<div class=\"swiper-slide\">\n\t\t\t\t<a href=\"\/magazin\/8-wochen-schub-anzeichen-dauer-schreien-schlaf\" class=\"notSelectedWeek\">2.<br>Schub<\/a>\n\t\t\t<\/div>\n\t\t\t<div class=\"swiper-slide\">\n\t\t\t\t<a href=\"\/magazin\/12-wochen-schub-so-erkennst-du-ihn\" class=\"notSelectedWeek\">3.<br>Schub<\/a>\n\t\t\t<\/div>\n\t\t\t<div class=\"swiper-slide\">\n\t\t\t\t<a href=\"\/magazin\/voll-erwischt-der-19-wochen-schub\" class=\"notSelectedWeek\">4.<br>Schub<\/a>\n\t\t\t<\/div>\n\t\t\t<div class=\"swiper-slide\">\n\t\t\t\t<a href=\"\/magazin\/der-26-wochen-schub-tipps-fuer-den-5-schub-beim-baby\" class=\"notSelectedWeek\">5.<br>Schub<\/a>\n\t\t\t<\/div>\n\t\t\t<div class=\"swiper-slide\">\n\t\t\t\t<a href=\"\/magazin\/babys-6-wachstumsschub-37-wochen-schub-typische-anzeichen-was-dein-kind-jetzt-lernt\" class=\"notSelectedWeek\">6.<br>Schub<\/a>\n\t\t\t<\/div>\n\t\t\t<div class=\"swiper-slide\">\n\t\t\t\t<a href=\"\/magazin\/46-wochen-schub-alter-anzeichen-wann-vor\" class=\"notSelectedWeek\">7.<br>Schub<\/a>\n\t\t\t<\/div>\n\t\t\t<div class=\"swiper-slide\">\n\t\t\t\t<a href=\"\/magazin\/8-wachstumsschub-baby-55-wochen-schub-dauer-anzeichen-erfahrungen\" class=\"notSelectedWeek\">8.<br>Schub<\/a>\n\t\t\t<\/div>\n\t\t\t<div class=\"swiper-slide\">\n\t\t\t\t<a href=\"\/magazin\/64-wochen-schub-erfahrungen-dauer-schlaf-schlimm-wann-vorbei\" class=\"selectedWeek\">9.<br>Schub<\/a>\n\t\t\t<\/div>\n\t\t\t\t<\/div>\n\t\t\t\t\n\t\t\t<\/div>\n\t\t\t<!-- If we need navigation buttons -->\n\t\t\t<div class=\"swiper-button-prev-wop swiper-btn-pr-swiper-7645-3260\" style=\"right: auto;\">\n\t\t\t\t<svg xmlns=\"http:\/\/www.w3.org\/2000\/svg\" width=\"25\" height=\"25\" fill=\"#3e3e3e\" class=\"bi bi-chevron-left\" viewbox=\"0 0 16 16\">\n\t\t\t\t\t<path fill-rule=\"evenodd\" d=\"M11.354 1.646a.5.5 0 0 1 0 .708L5.707 8l5.647 5.646a.5.5 0 0 1-.708.708l-6-6a.5.5 0 0 1 0-.708l6-6a.5.5 0 0 1 .708 0z\"><\/path>\n\t\t\t\t<\/svg>\n\t\t\t<\/div>\n\t\t\t<div class=\"swiper-button-next-wop swiper-btn-nx-swiper-7645-3260\" style=\"right: 0px; left: auto;\">\n\t\t\t\t<svg xmlns=\"http:\/\/www.w3.org\/2000\/svg\" width=\"25\" height=\"25\" fill=\"#3e3e3e\" class=\"bi bi-chevron-right\" viewbox=\"0 0 16 16\">\n\t\t\t\t\t<path fill-rule=\"evenodd\" d=\"M4.646 1.646a.5.5 0 0 1 .708 0l6 6a.5.5 0 0 1 0 .708l-6 6a.5.5 0 0 1-.708-.708L10.293 8 4.646 2.354a.5.5 0 0 1 0-.708z\"><\/path>\n\t\t\t\t<\/svg>\n\t\t\t<\/div>\n\t\t<\/div>\n\t<\/div>\n\t<\/section><div id=\"ez-toc-container\" class=\"ez-toc-v2_0_82_2 counter-flat ez-toc-counter ez-toc-white ez-toc-container-direction\">\n<div class=\"ez-toc-title-container\">\n<p class=\"ez-toc-title\" style=\"cursor:inherit\">Inhaltsverzeichnis<\/p>\n<span class=\"ez-toc-title-toggle\"><a href=\"#\" class=\"ez-toc-pull-right ez-toc-btn ez-toc-btn-xs ez-toc-btn-default ez-toc-toggle\" aria-label=\"Toggle Table of Content\"><span class=\"ez-toc-js-icon-con\"><span class=\"\"><span class=\"eztoc-hide\" style=\"display:none;\">Toggle<\/span><span class=\"ez-toc-icon-toggle-span\"><svg style=\"fill: #999;color:#999\" xmlns=\"http:\/\/www.w3.org\/2000\/svg\" class=\"list-377408\" width=\"20px\" height=\"20px\" viewBox=\"0 0 24 24\" fill=\"none\"><path d=\"M6 6H4v2h2V6zm14 0H8v2h12V6zM4 11h2v2H4v-2zm16 0H8v2h12v-2zM4 16h2v2H4v-2zm16 0H8v2h12v-2z\" fill=\"currentColor\"><\/path><\/svg><svg style=\"fill: #999;color:#999\" class=\"arrow-unsorted-368013\" xmlns=\"http:\/\/www.w3.org\/2000\/svg\" width=\"10px\" height=\"10px\" viewBox=\"0 0 24 24\" version=\"1.2\" baseProfile=\"tiny\"><path d=\"M18.2 9.3l-6.2-6.3-6.2 6.3c-.2.2-.3.4-.3.7s.1.5.3.7c.2.2.4.3.7.3h11c.3 0 .5-.1.7-.3.2-.2.3-.5.3-.7s-.1-.5-.3-.7zM5.8 14.7l6.2 6.3 6.2-6.3c.2-.2.3-.5.3-.7s-.1-.5-.3-.7c-.2-.2-.4-.3-.7-.3h-11c-.3 0-.5.1-.7.3-.2.2-.3.5-.3.7s.1.5.3.7z\"\/><\/svg><\/span><\/span><\/span><\/a><\/span><\/div>\n<nav><ul class='ez-toc-list ez-toc-list-level-1 ' ><li class='ez-toc-page-1'><a class=\"ez-toc-link ez-toc-heading-1\" href=\"https:\/\/www.babyartikel.de\/magazin\/64-wochen-schub-erfahrungen-dauer-schlaf-schlimm-wann-vorbei\/#Wann_beginnt_der_64_Wochen_Schub\" >Wann beginnt der 64 Wochen Schub?<\/a><\/li><li class='ez-toc-page-1'><a class=\"ez-toc-link ez-toc-heading-2\" href=\"https:\/\/www.babyartikel.de\/magazin\/64-wochen-schub-erfahrungen-dauer-schlaf-schlimm-wann-vorbei\/#Was_passiert_im_64_Wochen_Schub\" >Was passiert im 64 Wochen Schub?<\/a><\/li><li class='ez-toc-page-1'><a class=\"ez-toc-link ez-toc-heading-3\" href=\"https:\/\/www.babyartikel.de\/magazin\/64-wochen-schub-erfahrungen-dauer-schlaf-schlimm-wann-vorbei\/#Der_9_Wachstumsschub_Schlaf\" >Der 9. Wachstumsschub &amp; Schlaf<\/a><\/li><li class='ez-toc-page-1'><a class=\"ez-toc-link ez-toc-heading-4\" href=\"https:\/\/www.babyartikel.de\/magazin\/64-wochen-schub-erfahrungen-dauer-schlaf-schlimm-wann-vorbei\/#Warum_ist_der_64_Wochen_Schub_so_schlimm\" >Warum ist der 64 Wochen Schub so schlimm?<\/a><\/li><\/ul><\/nav><\/div>\n<h2 class=\"wp-block-heading\" id=\"h-wann-beginnt-der-64-wochen-schub\"><span class=\"ez-toc-section\" id=\"Wann_beginnt_der_64_Wochen_Schub\"><\/span>Wann beginnt der 64 Wochen Schub?<span class=\"ez-toc-section-end\"><\/span><\/h2><p>Der 9. Entwicklungsschub k&uuml;ndigt sich <strong>ab Woche 59<\/strong> nach dem errechneten Entbindungstermin (ET) an und erreicht in der 64. Woche seinen H&ouml;hepunkt, daher der Name. Normalerweise dauert er also etwa <strong>5 Wochen<\/strong>, es kann aber auch<strong> bis zu 9 Wochen <\/strong>dauern, bis sich Dein Kind an all die neuen F&auml;higkeiten gew&ouml;hnt hat. Wann genau er vorbei ist, ist also von Kind zu Kind individuell. Der Zeitpunkt, wann die jeweiligen Entwicklungssch&uuml;be stattfinden und welche kognitiven Grundlagen in dieser Zeit erlernt werden, ist aber bei allen Kindern gleich. <\/p><p class=\"has-background\" style=\"background-color:#e6cdd4\">Erstmals beschrieben wurden die ersten 10 Entwicklungssch&uuml;be bei Babys und Kleinkindern im Elternratgeber <strong><a href=\"https:\/\/amzn.to\/4blrhWu\">&bdquo;Ohje, ich wachse&ldquo;<\/a>.<\/strong> Das gibt es als Buch oder App, die Dir den jeweiligen Schub bei Deinem Kind anzeigt. Im Normalfall erkennst Du aber auch ohne Literatur oder App ganz deutlich, dass bei Deinem Kind etwas anders ist &ndash; es ist in diesen Phasen oft nicht wieder zu erkennen, ist pl&ouml;tzlich anh&auml;nglich, n&ouml;rgelt viel und schl&auml;ft schlecht. <\/p><div class=\"marketing-slot\"><div id=\"block-18\" class=\"content-post-widget marketing-slot-1 widget_block\"><a href=\"#\" class=\"newsletter_popup\" style=\"\n  display: inline-block;\n  box-shadow: 0 4px 10px rgba(0,0,0,0.1);\n  margin: 20px auto;\n  max-width: 800px;\n  width: 100%;\">\n  <img src=\"https:\/\/media.babyartikel.de\/magazin\/wp-content\/uploads\/2025\/08\/NL-Banner-Magazin-8-25.webp\" alt=\"Newsletter Banner\" style=\"\n    width: 100%;\n    height: auto;\n    display: block;\" onclick=\"ga('send', 'event', 'banner', 'click', 'magazin-banner-newsletter-8-25');\">\n<\/a>\n\n\t<!-- Modal -->\n\t<div class=\"modal fade modal_popup\" id=\"newsletter_popup\" tabindex=\"-1\" aria-labelledby=\"exampleModalLabel\" aria-hidden=\"true\">\n\t\t<div class=\"modal-dialog modal-dialog-centered modal-dialog-scrollable\">\n\t\t\t<div class=\"modal-content\">\n\t\t\t\t<div class=\"modal-header small-header\">\n\t\t\t\t\t<h5 class=\"modal-title\" id=\"newsletterModalLabel\">\n\t\t\t\t\t\tNewsletter\t\t\t\t\t<\/h5>\n\t\t\t\t\t<button type=\"button\" class=\"btn-close small-close\" data-bs-dismiss=\"modal\" aria-label=\"Close\"><\/button>\n\t\t\t\t<\/div>\n\n\t\t\t\t<div class=\"modal-body\">\n\t\t\t\t\t\t<div class=\"newsletterForm-embed popup-form\">\n        <form name=\"newsletterSubscriptionForm\" id=\"newsletter_popup_69f20f99194a0_form\" data-newsletter-id=\"newsletter_popup_69f20f99194a0\" method=\"POST\">\n\n\t\t\t<input type=\"text\" name=\"website\" class=\"hidden\" tabindex=\"-1\" autocomplete=\"off\" style=\"position:absolute;left:-9999px;\">\n\t\t\t<input type=\"hidden\" name=\"ts\" value=\"1777471385\">\n\n\t\t\t                <input type=\"hidden\" name=\"emarsys-event-id\" value=\"3756\">\n            \n            \t\t\t<div class=\"mb-3\">\n\t\t\t\t<label for=\"date\" class=\"form-label\">Geburtstag\/ -termin Deines Babys<\/label>\n                <input type=\"date\" name=\"date\" class=\"input input--expand form-control\" required>\n\t\t\t<\/div>\n            \n\t\t\t<div class=\"mb-3\">\n\t\t\t\t<label for=\"email\" class=\"form-label\">E-Mail-Adresse<\/label>\n\t\t\t\t<input type=\"email\" name=\"email\" placeholder=\"E-Mail-Adresse\" class=\"input input--expand form-control\" required>\n\t\t\t<\/div>\n\n\t\t\t\t\t\t\t<button type=\"submit\" class=\"btn btn-primary\">Absenden<\/button>\n\t\t\t\n\t\t\t\t\t\t\t<div class=\"small mt-3\" style=\"font-weight:normal;\">\n\t\t\t\t\t\n\t\t\t<div class=\"mt-3\">\n\t\t\t\tJa, ich m&ouml;chte den Newsletter von Babyartikel.de erhalten und &uuml;ber Aktionen informiert werden.\n  Dabei darf mein Nutzungsverhalten (z. B. &Ouml;ffnungen und Klicks) zur Personalisierung ausgewertet werden.\n  Mehr finde ich in der <a href=\"\/de\/datenschutz\" style=\"text-decoration:underline\">Datenschutzerkl&auml;rung<\/a>.\n\t\t\t<\/div>\n\t\t\t\t\t\t<\/div>\n\t\t\t\n\t\t\t\t\t\t\t<div class=\"small mb-3 mt-3\" style=\"font-weight:normal;\">\n\t\t\t\t\tJederzeit abbestellbar | <a href=\"\/de\/datenschutz\" style=\"text-decoration:underline\">\n\t\t\t\t\t\tDatenschutzerkl&auml;rung\n\t\t\t\t\t<\/a>\n\t\t\t\t<\/div>\n\t\t\t\n        <\/form>\n    <\/div>\n\t\n\t\t\t\t\t<div class=\"response-messages_newsletter_popup_69f20f99194a0\">\n\t\t\t\t\t\t<div class=\"alert alert-success success mt-3 mb-3 d-none\">\n\t\t\t\t\t\t\tNur noch ein Klick! Best&auml;tige Deine Anmeldung in der E-Mail, die du gleich erh&auml;ltst.\t\t\t\t\t\t<\/div>\n\t\t\t\t\t\t<div class=\"error mt-3 mb-3 d-none\">\n\t\t\t\t\t\t\t<div class=\"alert alert-danger \">\n\t\t\t\t\t\t\t\tEin Fehler ist aufgetreten. Bitte versuche es sp&auml;ter erneut.\t\t\t\t\t\t\t<\/div>\n\t\t\t\t\t\t<\/div>\n\t\t\t\t\t\t<div class=\"alert alert-danger other-2007 mt-3 mb-3 d-none\">\n\t\t\t\t\t\t\tUng&Atilde;&frac14;ltiges Datumsformat\t\t\t\t\t\t<\/div>\n\t\t\t\t\t<\/div>\n\t\t\t\t<\/div>\n\t\t\t<\/div>\n\t\t<\/div>\n\t<\/div>\n\n\t<\/div><!-- content-widget --><\/div><p><a href=\"https:\/\/www.babyartikel.de\/magazin\/wie-alt-ist-mein-baby-wochenrechner\"><em><strong>&#10140;<\/strong> B<strong>erechne mit unserem praktischen Wochenrechner, wie alt Dein Kind auf den Tag genau ist.<\/strong><\/em><\/a><\/p><h2 class=\"wp-block-heading\" id=\"h-was-passiert-im-64-wochen-schub\"><span class=\"ez-toc-section\" id=\"Was_passiert_im_64_Wochen_Schub\"><\/span>Was passiert im 64 Wochen Schub? <span class=\"ez-toc-section-end\"><\/span><\/h2><h3 class=\"wp-block-heading\" id=\"h-kognitive-fahigkeiten-uber-nacht\">&#10140; Kognitive F&auml;higkeiten &uuml;ber Nacht<\/h3><p>Das unangenehme Verhalten von Babys und Kleinkindern w&auml;hrend eines Schubs wird, so die Annahme, dadurch verursacht, dass im Kopf viel passiert. Mit jedem Entwicklungsschub kommen schlagartig <strong>neue kognitive F&auml;higkeiten<\/strong>, die erst einmal verarbeitet werden m&uuml;ssen. Wir k&ouml;nnen uns das vielleicht so vorstellen, als w&uuml;rden wir eines morgens aufwachen und die ganze Welt v&ouml;llig neu sehen k&ouml;nnen. Wir haben ganz neue M&ouml;glichkeiten und alles wirkt pl&ouml;tzlich gar nicht mehr so selbstverst&auml;ndlich und vertraut. Dann sind wir damit besch&auml;ftigt, all die neuen M&ouml;glichkeiten auszuprobieren und neue F&auml;higkeiten zu perfektionieren. Dass das auch Stress bedeutet, kann man gut nachvollziehen. <\/p><div class=\"postslot1\">\t\t<div style=\"clear:both\"><\/div>\n\t\t\t\t\t\t<div id=\"productPanel486\" class=\"product-panel-bottom\">&nbsp;<\/div>\n\t\t\t\t\t\t<script type=\"module\">\n\t\t\t\t\t\t\trequestProductPanel(\"https:\/\/www.babyartikel.de\/magazin\/wp-content\/plugins\/wp-productpanel2\/ProductPanel.php\", \"?panel_type=automatic&basis_category=6-KS&basis_product=&swipe_mobile=1&postid=929315&template=auto&max=4&productPanelId=486&solrQuery=\", 486, 1);\n\t\t\t\t\t\t<\/script>\n\t\t\t\t\t<link rel=\"stylesheet\" href=\"https:\/\/cdn.jsdelivr.net\/npm\/swiper@8\/swiper-bundle.min.css\"><\/div><div class=\"marketing-slot\"><div id=\"block-25\" class=\"content-post-widget marketing-slot-2 widget_block\"><a href=\"https:\/\/www.babyartikel.de\/de\/angebote\" data-track-link-click=\"true\" data-track-name=\"nyoutlet2026-magazin\" data-track-medium=\"banner-magazin-post\" data-track-campaign=\"magazin-banner-nyoutlet2026\" onclick=\"ga('send', 'event', 'banner', 'click', 'magazin-banner-nyoutlet2026');\" style=\"display:block;width:100%;text-align:center;\"><img src=\"https:\/\/media.babyartikel.de\/magazin\/wp-content\/uploads\/2026\/01\/NY-Outlet-10-2026.webp\" alt=\"Sale\" style=\"max-width:100%;\"><\/a><\/div><!-- content-widget --><\/div><h3 class=\"wp-block-heading\" id=\"h-von-programmen-zu-prinzipien\">&#10140; Von &bdquo;Programmen&ldquo; zu &bdquo;Prinzipien&ldquo;<\/h3><p>Im Schub mit 64 Wochen ist h&auml;ufig von der Welt der &bdquo;Prinzipien&ldquo; die Rede. Das bedeutet nichts anderes, als dass Dein Kind jetzt seine bisherigen Verhaltensweisen viel sicherer durchf&uuml;hren, aber auch variieren kann. Bisher konnte Dein Kind &bdquo;Programme&ldquo; ausf&uuml;hren &ndash; also eine feste Abfolge von T&auml;tigkeiten. Jetzt ist es in der Lage, diese <strong>Abfolgen zu variieren, zu &uuml;berdenken und eigene zu erfinden<\/strong>. Dann spricht man von &bdquo;Prinzipien&ldquo; &ndash; die Programme sind jetzt variabel.<\/p><h3 class=\"wp-block-heading\" id=\"h-strategisches-handeln\">&#10140; Strategisches Handeln<\/h3><p>Du kannst Dir das vorstellen wie ein kognitives &bdquo;Update&ldquo; &ndash; Kleinkinder k&ouml;nnen jetzt <strong>nachdenken, vorausschauend handeln und die Konsequenzen abw&auml;gen<\/strong>. Dein Kind macht also Pl&auml;ne und geht davon aus, dass diese funktionieren. Es hat eine Strategie &ndash; zum ersten Mal im Leben! Wenn die nicht funktioniert, weil einem <a href=\"https:\/\/www.babyartikel.de\/magazin\/16-monate-altes-kind\">Kind mit 16 Monaten<\/a> eben die Erfahrung fehlt und es vieles noch nicht kann, dann ist das frustrierend. <\/p><h3 class=\"wp-block-heading\" id=\"h-frustrationstoleranz-gleich-null\">&#10140; Frustrationstoleranz gleich null<\/h3><p>Diese Frustration zeigt sich dann in den lautstarken <a href=\"https:\/\/rubbelbatz.de\/entwicklung-kind-16-monate\/\">&bdquo;Wutanf&auml;llen&ldquo; mit 16 Monaten<\/a>. Denn es entwickelt zwar mehr und mehr Eigenst&auml;ndigkeit, ihm fehlt aber noch die Geduld und Frustrationstoleranz, um Fehlschl&auml;ge in diesem Prozess zu verarbeiten. <\/p><p>Verbote sind jetzt ein gro&szlig;es Thema, Grenzen werden neu verhandelt. <a href=\"https:\/\/www.babyartikel.de\/magazin\/ab-wann-versteht-mein-baby-ein-nein\">Kleinkinder verstehen sehr gut, was ein &bdquo;Nein&ldquo; bedeutet<\/a>, w&auml;hrend des 64-Wochen-Schubs reagieren sie aber besonders sensibel darauf. Das ist gut nachvollziehbar, wenn man sich vor Augen h&auml;lt, dass sie sich gedanklich etwas zurecht gelegt haben &ndash; und dann wird es durch ein einfaches Wort zunichte gemacht. <\/p><h3 class=\"wp-block-heading\" id=\"h-anhanglich-hoch-zehn\">&#10140; Anh&auml;nglich hoch zehn<\/h3><p>Dein Kind muss jetzt <strong>viele Entscheidungen treffen<\/strong>, und das ist anstrengend. Auch ohne viele Verbote kann es darum sein, dass es quengelig und vor allem anh&auml;nglich ist. Wenn Du kannst, <strong>gib ihm die N&auml;he und Zuneigung, die es braucht. <\/strong>Warum Dir das vielleicht nicht immer gelingt, dazu gleich mehr. <\/p><p>Gleichzeitig wirst Du merken, wie<strong> allt&auml;gliche Vorg&auml;nge und Bewegungsmuster<\/strong> immer besser und sicherer funktionieren. Imitieren und Vorg&auml;nge nachahmen ist weiterhin ein gro&szlig;es Thema &ndash; und wird jetzt um so vieles besser beherrscht. Vielleicht f&uuml;hlst Du Dich manchmal, als w&uuml;rde Dir der Spiegel vorgehalten? Du verstehst jetzt sicher, warum es h&auml;ufig hei&szlig;t, Kinder machen nicht das, was man ihnen sagt, sondern was man ihnen vorlebt. <\/p><h3 class=\"wp-block-heading\" id=\"h-sprachliche-fortschritte\">&#10140; Sprachliche Fortschritte<\/h3><p>Manche Kinder machen jetzt sprachlich wahnsinnige Fortschritte. Sie verstehen gef&uuml;hlt auf einmal alles. Die Aufforderung, bestimmte Schuhe zu bringen oder die Arme zu heben f&uuml;hrt genau zum gewollten Ergebnis. Einige Kinder versuchen jetzt, fast alle Worte nachzusprechen, die sie h&ouml;ren. B&uuml;cher sind in dieser Phase unvergleichlich wertvoll. <a href=\"https:\/\/www.babyartikel.de\/magazin\/buecher-fuer-babys-diese-11-sollten-alle-eltern-kennen\">B&uuml;cher anschauen<\/a> und <a href=\"https:\/\/www.babyartikel.de\/magazin\/warum-vorlesen-so-wichtig-ist\">Vorlesen<\/a> f&ouml;rdert die Sprachentwicklung Deines Kindes auch schon mit 15 Monaten. <\/p><p><a href=\"https:\/\/www.babyartikel.de\/magazin\/sprechen-lernen-foerdern-7-fehler\"><em>Lies hier, was Du beim Sprechen lernen f&ouml;rdern beachten solltest<\/em><\/a><\/p><h3 class=\"wp-block-heading\" id=\"h-motorisch-weiterkommen\">&#10140; Motorisch weiterkommen<\/h3><p>W&auml;hrend einige Kinder also sprachlich sehr schnell sind, entwickeln andere im 64-Wochen-Schub vor allem die motorischen F&auml;higkeiten weiter und lernen z.B. frei stehen und aufstehen oder <a href=\"https:\/\/www.babyartikel.de\/magazin\/baby-1-x-1-laufen-lernen\">frei laufen<\/a>. <br>Wahrscheinlich wirst Du bei Deinem Kind auch k&ouml;rperliches Wachstum in dieser Zeit feststellen, vielleicht braucht ihr eine neue Kleidergr&ouml;&szlig;e. Auch der K&ouml;rperbau ver&auml;ndert sich vom gedrungenen Babyk&ouml;rper hin zu einem schlankeren, l&auml;ngeren Kleinkindk&ouml;rper. <strong>Kognitiver Entwicklungsschub und k&ouml;rperlicher Wachstumsschub gehen in aller Regel Hand in Hand. <\/strong><\/p><h2 class=\"wp-block-heading\" id=\"h-der-9-wachstumsschub-amp-schlaf\"><span class=\"ez-toc-section\" id=\"Der_9_Wachstumsschub_Schlaf\"><\/span>Der 9. Wachstumsschub &amp; Schlaf<span class=\"ez-toc-section-end\"><\/span><\/h2><p>Leider bedeuten Entwicklungssch&uuml;be bei Babys und Kleinkindern fast immer, dass sie schlechter einschlafen oder <a href=\"https:\/\/www.babyartikel.de\/magazin\/ab-wann-schlafen-babys-durch-ein-leitfaden\">durchschlafen<\/a>. <strong>Auch Kinder, die jetzt schon durchgeschlafen haben, werden nachts vielleicht wieder h&auml;ufiger wach. <\/strong>Andere wachen panisch auf und lassen sich ausschlie&szlig;lich von Mama beruhigen. Wie Kinder im 64 Wochen Schub schlafen, variiert nat&uuml;rlich sehr stark. Es gibt auch Kinder, die im Schlafverhalten &uuml;berhaupt keine Ver&auml;nderung zeigen. <\/p><p>Auch essen kann w&auml;hrend eines Schubs schwierig werden. Stillkinder wollen jetzt vermutlich wieder vermehrt an die Brust, Flaschenkinder fordern pl&ouml;tzlich wieder Milch statt fester Nahrung. Unsere Kleinen werden anh&auml;nglich, Mama darf nicht allein auf Toilette oder sich zu weit entfernen. <\/p><p><em><strong>Viele hilfreiche Tipps zum Thema Schlafen &amp; Durchschlafen erkl&auml;rt Dir Lara im Beitrag &bdquo;<a href=\"https:\/\/www.babyartikel.de\/magazin\/kleinkind-schlaeft-nicht-durch-kleinkind-durchschlafen\">Dein Kleinkind schl&auml;ft nicht durch: Ursachen &amp; Strategien<\/a>&bdquo;<\/strong><\/em><\/p><h2 class=\"wp-block-heading\" id=\"h-warum-ist-der-64-wochen-schub-so-schlimm\"><span class=\"ez-toc-section\" id=\"Warum_ist_der_64_Wochen_Schub_so_schlimm\"><\/span>Warum ist der 64 Wochen Schub so schlimm?<span class=\"ez-toc-section-end\"><\/span><\/h2><p>Wenn Du in diesen Tagen Dein Kind sprichw&ouml;rtlich an die Wand klatschen k&ouml;nntest und oft das Gef&uuml;hl hast, die Situation nicht mehr auszuhalten, dann lass Dir vor allem sagen: Du bist nicht allein. So geht es sehr vielen Eltern. Immerhin machen wir das Ganze jetzt zum 9. Mal durch und langsam sinkt das Verst&auml;ndnis. &bdquo;Du bist doch jetzt kein Baby mehr&ldquo;, habe ich mir oft gedacht. Von einem Kleinkind mit 15 oder 16 Monaten kann man doch wohl erwarten, dass es kurz wartet, bis ich mir ein Brot geschmiert oder meine Haare gef&ouml;hnt habe &ndash; oder? <\/p><p><strong>Das Verhalten des Kindes im 64 Wochen Schub l&ouml;st bei vielen Eltern Stress und &Auml;rger aus.<\/strong> Eine Situation, der man am liebsten entfliehen w&uuml;rde. Allerdings k&ouml;nnen wir das selten, denn wir m&uuml;ssen uns ja um unser Kind k&uuml;mmern. Die psychologische Reaktion auf diese Situation ist Wut. Wut ist eine nat&uuml;rliche Reaktion, wenn wir unsere Bed&uuml;rfnisse nicht erf&uuml;llt oder &uuml;bergangen sehen. Wenn uns jemand nicht in Ruhe l&auml;sst. <\/p><div class=\"wp-block-group has-background\" style=\"background-color:#e6cdd4\"><div class=\"wp-block-group__inner-container is-layout-constrained wp-block-group-is-layout-constrained\">\n<p><strong>Du musst Dich also nicht schuldig f&uuml;hlen, wenn Du w&uuml;tend wirst. Versuche stattdessen, die Wochen w&auml;hrend des Schubs irgendwie ertr&auml;glicher f&uuml;r Dich zu machen, indem Du: <\/strong><\/p>\n\n\n\n<ul class=\"wp-block-list\">\n<li>Unterst&uuml;tzung von Freunden und Familie suchst<\/li>\n\n\n\n<li>Viel nach drau&szlig;en in die Natur gehst<\/li>\n\n\n\n<li>Dir m&ouml;glichst wenige Termine in diesen Zeitraum legst<\/li>\n\n\n\n<li>Besuch von anderen Mamas mit Kind hast &ndash; das schafft Ablenkung und f&uuml;hrt Dir vor Augen, dass andere Eltern die selben Schwierigkeiten haben<\/li>\n\n\n\n<li>Ausreichend schl&auml;fst <\/li>\n\n\n\n<li>F&uuml;r ausreichend Schlaf bei Deinem Kind sorgst<\/li>\n\n\n\n<li>Auch mal Nein sagst, wenn Dir das mehr Luft im Alltag verschafft<\/li>\n<\/ul>\n<\/div><\/div><p>Wenn Du denkst, der Schub ist ja zum Gl&uuml;ck bald vorbei, kann ich schon mal spoilern: Der 75-Wochen-Schub kommt schneller, als Du denkst.  <\/p><p><strong><em>&#10140; Zum Weiterlesen: Im Beitrag <a href=\"https:\/\/www.babyartikel.de\/magazin\/wachstumsschuebe-kleinkind-tabelle-ueberblick\">Wachstumssch&uuml;be beim Kleinkind: Tabelle und &Uuml;berblick<\/a> habe ich Dir die Sch&uuml;be im Kleinkindalter &uuml;bersichtlich zusammengefasst.<\/em><\/strong><\/p><p><strong>Welche Erfahrungen mit dem 9. Wachstumsschub hast Du gemacht? Erz&auml;hl es uns in den Kommentaren, das hilft bestimmt auch anderen Eltern. <\/strong><\/p><div class=\"wp-block-group has-small-font-size\"><div class=\"wp-block-group__inner-container is-layout-constrained wp-block-group-is-layout-constrained\">\n<p>Quellen:<\/p>\n\n\n\n<ul class=\"wp-block-list\">\n<li>Ojeichwachse.de (2023): <a href=\"https:\/\/www.ojeichwachse.de\/sprung-9\/\">&bdquo;Wachstumsschub 9 &ndash; 64. Woche&ldquo;<\/a><\/li>\n<\/ul>\n<\/div><\/div><div class=\"credits-overlay\" data-target=\".wp-image-929619\"><a href=\"#\" target=\"_blank\">&copy; Tierney &ndash; stock.adobe.com<\/a><\/div><\/p>\n","protected":false},"excerpt":{"rendered":"<p>Ich wei&szlig; noch, wie ich damals beim ersten Kind dachte: &bdquo;Krass, kommt der jetzt schon in die Trotzphase?!&ldquo; Mit 15 Monaten lag er bei Kleinigkeiten weinend auf dem Boden und schien sich richtig zu &auml;rgern, wenn etwas nicht so war, wie er wollte. Tats&auml;chlich war mein Kleinkind nicht in der Trotzphase &ndash; sondern im 9. [&#8230;]<\/p>\n<p><a class=\"btn btn-secondary understrap-read-more-link\" href=\"https:\/\/www.babyartikel.de\/magazin\/64-wochen-schub-erfahrungen-dauer-schlaf-schlimm-wann-vorbei\">Weiterlesen&#8230;<\/a><\/p>\n","protected":false},"author":34,"featured_media":929619,"comment_status":"open","ping_status":"closed","sticky":false,"template":"","format":"standard","meta":{"_acf_changed":false,"footnotes":""},"categories":[3248,1430,2824],"tags":[3339,23147,1044,18894],"class_list":["post-929315","post","type-post","status-publish","format-standard","has-post-thumbnail","hentry","category-babyentwicklungskalender","category-kleinkind","category-entwicklung-kleinkind","tag-alltag-mit-kleinkind","tag-boost-9-primary","tag-entwicklung","tag-wachstum"],"acf":[],"yoast_head":"<!-- This site is optimized with the Yoast SEO Premium plugin v27.2 (Yoast SEO v27.2) - https:\/\/yoast.com\/product\/yoast-seo-premium-wordpress\/ -->\n<title>Der 64 Wochen Schub beim Kleinkind | Babyartikel.de Magazin<\/title>\n<meta name=\"description\" content=\"Der 64-Wochen-Schub \/ 9. Wachstumsschub: Was Dein Kind jetzt lernt, welche Erfahrungen ich gemacht habe - und warum er sich so schlimm anf\u00fchlt\" \/>\n<meta name=\"robots\" content=\"index, follow, max-snippet:-1, max-image-preview:large, max-video-preview:-1\" \/>\n<link rel=\"canonical\" href=\"https:\/\/www.babyartikel.de\/magazin\/64-wochen-schub-erfahrungen-dauer-schlaf-schlimm-wann-vorbei\" \/>\n<meta property=\"og:locale\" content=\"de_DE\" \/>\n<meta property=\"og:type\" content=\"article\" \/>\n<meta property=\"og:title\" content=\"Der 64-Wochen-Schub: Dauer, Entwicklung, Schlaf - und wann er endlich vorbei ist\" \/>\n<meta property=\"og:description\" content=\"Der 64-Wochen-Schub \/ 9. Wachstumsschub: Was Dein Kind jetzt lernt, welche Erfahrungen ich gemacht habe - und warum er sich so schlimm anf\u00fchlt\" \/>\n<meta property=\"og:url\" content=\"https:\/\/www.babyartikel.de\/magazin\/64-wochen-schub-erfahrungen-dauer-schlaf-schlimm-wann-vorbei\" \/>\n<meta property=\"og:site_name\" content=\"Babyartikel.de Magazin\" \/>\n<meta property=\"article:author\" content=\"https:\/\/www.facebook.com\/babyledweaning.de\/\" \/>\n<meta property=\"article:published_time\" content=\"2024-02-13T07:40:00+00:00\" \/>\n<meta property=\"article:modified_time\" content=\"2024-03-19T12:20:36+00:00\" \/>\n<meta property=\"og:image\" content=\"https:\/\/cdn.magazin.babyartikel.de\/magazin\/wp-content\/uploads\/2024\/02\/64-wochen-schub-9-wachstumsschub-kleinkind-1050x700.jpg\" \/>\n\t<meta property=\"og:image:width\" content=\"1050\" \/>\n\t<meta property=\"og:image:height\" content=\"700\" \/>\n\t<meta property=\"og:image:type\" content=\"image\/jpeg\" \/>\n<meta name=\"author\" content=\"Hanna Bose\" \/>\n<meta name=\"twitter:card\" content=\"summary_large_image\" \/>\n<meta name=\"twitter:label1\" content=\"Verfasst von\" \/>\n\t<meta name=\"twitter:data1\" content=\"Hanna Bose\" \/>\n\t<meta name=\"twitter:label2\" content=\"Gesch\u00e4tzte Lesezeit\" \/>\n\t<meta name=\"twitter:data2\" content=\"8\u00a0Minuten\" \/>\n<script type=\"application\/ld+json\" class=\"yoast-schema-graph\">{\"@context\":\"https:\/\/schema.org\",\"@graph\":[{\"@type\":\"Article\",\"@id\":\"https:\/\/www.babyartikel.de\/magazin\/64-wochen-schub-erfahrungen-dauer-schlaf-schlimm-wann-vorbei#article\",\"isPartOf\":{\"@id\":\"https:\/\/www.babyartikel.de\/magazin\/64-wochen-schub-erfahrungen-dauer-schlaf-schlimm-wann-vorbei\"},\"author\":{\"name\":\"Hanna Bose\",\"@id\":\"https:\/\/www.babyartikel.de\/magazin\/#\/schema\/person\/6ee1e315ac6bd5b2cf5cfc51901067dd\"},\"headline\":\"Der 64-Wochen-Schub: Dauer, Entwicklung, Schlaf &#8211; und wann er endlich vorbei ist\",\"datePublished\":\"2024-02-13T07:40:00+00:00\",\"dateModified\":\"2024-03-19T12:20:36+00:00\",\"mainEntityOfPage\":{\"@id\":\"https:\/\/www.babyartikel.de\/magazin\/64-wochen-schub-erfahrungen-dauer-schlaf-schlimm-wann-vorbei\"},\"wordCount\":1425,\"commentCount\":3,\"image\":{\"@id\":\"https:\/\/www.babyartikel.de\/magazin\/64-wochen-schub-erfahrungen-dauer-schlaf-schlimm-wann-vorbei#primaryimage\"},\"thumbnailUrl\":\"https:\/\/media.babyartikel.de\/magazin\/wp-content\/uploads\/2024\/02\/64-wochen-schub-9-wachstumsschub-kleinkind.jpg\",\"keywords\":[\"alltag mit kleinkind\",\"BOOST-9-primary\",\"entwicklung\",\"wachstum\"],\"articleSection\":[\"Baby-Entwicklungskalender\",\"Kleinkind\",\"Leben mit Kleinkind\"],\"inLanguage\":\"de\",\"potentialAction\":[{\"@type\":\"CommentAction\",\"name\":\"Comment\",\"target\":[\"https:\/\/www.babyartikel.de\/magazin\/64-wochen-schub-erfahrungen-dauer-schlaf-schlimm-wann-vorbei#respond\"]}]},{\"@type\":\"WebPage\",\"@id\":\"https:\/\/www.babyartikel.de\/magazin\/64-wochen-schub-erfahrungen-dauer-schlaf-schlimm-wann-vorbei\",\"url\":\"https:\/\/www.babyartikel.de\/magazin\/64-wochen-schub-erfahrungen-dauer-schlaf-schlimm-wann-vorbei\",\"name\":\"Der 64 Wochen Schub beim Kleinkind | Babyartikel.de Magazin\",\"isPartOf\":{\"@id\":\"https:\/\/www.babyartikel.de\/magazin\/#website\"},\"primaryImageOfPage\":{\"@id\":\"https:\/\/www.babyartikel.de\/magazin\/64-wochen-schub-erfahrungen-dauer-schlaf-schlimm-wann-vorbei#primaryimage\"},\"image\":{\"@id\":\"https:\/\/www.babyartikel.de\/magazin\/64-wochen-schub-erfahrungen-dauer-schlaf-schlimm-wann-vorbei#primaryimage\"},\"thumbnailUrl\":\"https:\/\/media.babyartikel.de\/magazin\/wp-content\/uploads\/2024\/02\/64-wochen-schub-9-wachstumsschub-kleinkind.jpg\",\"datePublished\":\"2024-02-13T07:40:00+00:00\",\"dateModified\":\"2024-03-19T12:20:36+00:00\",\"author\":{\"@id\":\"https:\/\/www.babyartikel.de\/magazin\/#\/schema\/person\/6ee1e315ac6bd5b2cf5cfc51901067dd\"},\"description\":\"Der 64-Wochen-Schub \/ 9. Wachstumsschub: Was Dein Kind jetzt lernt, welche Erfahrungen ich gemacht habe - und warum er sich so schlimm anf\u00fchlt\",\"breadcrumb\":{\"@id\":\"https:\/\/www.babyartikel.de\/magazin\/64-wochen-schub-erfahrungen-dauer-schlaf-schlimm-wann-vorbei#breadcrumb\"},\"inLanguage\":\"de\",\"potentialAction\":[{\"@type\":\"ReadAction\",\"target\":[\"https:\/\/www.babyartikel.de\/magazin\/64-wochen-schub-erfahrungen-dauer-schlaf-schlimm-wann-vorbei\"]}]},{\"@type\":\"ImageObject\",\"inLanguage\":\"de\",\"@id\":\"https:\/\/www.babyartikel.de\/magazin\/64-wochen-schub-erfahrungen-dauer-schlaf-schlimm-wann-vorbei#primaryimage\",\"url\":\"https:\/\/media.babyartikel.de\/magazin\/wp-content\/uploads\/2024\/02\/64-wochen-schub-9-wachstumsschub-kleinkind.jpg\",\"contentUrl\":\"https:\/\/media.babyartikel.de\/magazin\/wp-content\/uploads\/2024\/02\/64-wochen-schub-9-wachstumsschub-kleinkind.jpg\",\"width\":5760,\"height\":3840,\"caption\":\"kleinkind auf rutsche, 64 wochen schub, 9. wachstumsschub beim kleinkind, 64 wochen schub schlaf, 64 wochen schub erfahrungen, 64 wochen schub schlimm\"},{\"@type\":\"BreadcrumbList\",\"@id\":\"https:\/\/www.babyartikel.de\/magazin\/64-wochen-schub-erfahrungen-dauer-schlaf-schlimm-wann-vorbei#breadcrumb\",\"itemListElement\":[{\"@type\":\"ListItem\",\"position\":1,\"name\":\"Startseite\",\"item\":\"https:\/\/www.babyartikel.de\/magazin\"},{\"@type\":\"ListItem\",\"position\":2,\"name\":\"Der 64-Wochen-Schub: Dauer, Entwicklung, Schlaf &#8211; und wann er endlich vorbei ist\"}]},{\"@type\":\"WebSite\",\"@id\":\"https:\/\/www.babyartikel.de\/magazin\/#website\",\"url\":\"https:\/\/www.babyartikel.de\/magazin\/\",\"name\":\"Babyartikel.de Magazin\",\"description\":\"\",\"potentialAction\":[{\"@type\":\"SearchAction\",\"target\":{\"@type\":\"EntryPoint\",\"urlTemplate\":\"https:\/\/www.babyartikel.de\/magazin\/?s={search_term_string}\"},\"query-input\":{\"@type\":\"PropertyValueSpecification\",\"valueRequired\":true,\"valueName\":\"search_term_string\"}}],\"inLanguage\":\"de\"},{\"@type\":\"Person\",\"@id\":\"https:\/\/www.babyartikel.de\/magazin\/#\/schema\/person\/6ee1e315ac6bd5b2cf5cfc51901067dd\",\"name\":\"Hanna Bose\",\"image\":{\"@type\":\"ImageObject\",\"inLanguage\":\"de\",\"@id\":\"https:\/\/secure.gravatar.com\/avatar\/1dd69317cf23cfe19f265b2c9eca62c20a8cd1bef58878b246fa55e1a1840b81?s=96&d=mm&r=g\",\"url\":\"https:\/\/secure.gravatar.com\/avatar\/1dd69317cf23cfe19f265b2c9eca62c20a8cd1bef58878b246fa55e1a1840b81?s=96&d=mm&r=g\",\"contentUrl\":\"https:\/\/secure.gravatar.com\/avatar\/1dd69317cf23cfe19f265b2c9eca62c20a8cd1bef58878b246fa55e1a1840b81?s=96&d=mm&r=g\",\"caption\":\"Hanna Bose\"},\"description\":\"Ich bin Hanna und Mama von drei Jungs. Als Fachkraft f\u00fcr babyfreundliche Beikost schreibe ich unter anderem \u00fcber Baby Led Weaning und Beikostthemen, aber auch \u00fcber alle anderen Belange rund um Schwangerschaft, Babyzeit und dar\u00fcber hinaus.\",\"sameAs\":[\"https:\/\/babyled-weaning.de\",\"https:\/\/www.facebook.com\/babyledweaning.de\/\",\"https:\/\/www.instagram.com\/baby.led.weaning_de\/\",\"https:\/\/www.pinterest.de\/mutterinstinkte\/\"],\"url\":\"https:\/\/www.babyartikel.de\/magazin\/author\/hanna\"}]}<\/script>\n<!-- \/ Yoast SEO Premium plugin. -->","yoast_head_json":{"title":"Der 64 Wochen Schub beim Kleinkind | Babyartikel.de Magazin","description":"Der 64-Wochen-Schub \/ 9. Wachstumsschub: Was Dein Kind jetzt lernt, welche Erfahrungen ich gemacht habe - und warum er sich so schlimm anf\u00fchlt","robots":{"index":"index","follow":"follow","max-snippet":"max-snippet:-1","max-image-preview":"max-image-preview:large","max-video-preview":"max-video-preview:-1"},"canonical":"https:\/\/www.babyartikel.de\/magazin\/64-wochen-schub-erfahrungen-dauer-schlaf-schlimm-wann-vorbei","og_locale":"de_DE","og_type":"article","og_title":"Der 64-Wochen-Schub: Dauer, Entwicklung, Schlaf - und wann er endlich vorbei ist","og_description":"Der 64-Wochen-Schub \/ 9. Wachstumsschub: Was Dein Kind jetzt lernt, welche Erfahrungen ich gemacht habe - und warum er sich so schlimm anf\u00fchlt","og_url":"https:\/\/www.babyartikel.de\/magazin\/64-wochen-schub-erfahrungen-dauer-schlaf-schlimm-wann-vorbei","og_site_name":"Babyartikel.de Magazin","article_author":"https:\/\/www.facebook.com\/babyledweaning.de\/","article_published_time":"2024-02-13T07:40:00+00:00","article_modified_time":"2024-03-19T12:20:36+00:00","og_image":[{"width":1050,"height":700,"url":"https:\/\/cdn.magazin.babyartikel.de\/magazin\/wp-content\/uploads\/2024\/02\/64-wochen-schub-9-wachstumsschub-kleinkind-1050x700.jpg","type":"image\/jpeg"}],"author":"Hanna Bose","twitter_card":"summary_large_image","twitter_misc":{"Verfasst von":"Hanna Bose","Gesch\u00e4tzte Lesezeit":"8\u00a0Minuten"},"schema":{"@context":"https:\/\/schema.org","@graph":[{"@type":"Article","@id":"https:\/\/www.babyartikel.de\/magazin\/64-wochen-schub-erfahrungen-dauer-schlaf-schlimm-wann-vorbei#article","isPartOf":{"@id":"https:\/\/www.babyartikel.de\/magazin\/64-wochen-schub-erfahrungen-dauer-schlaf-schlimm-wann-vorbei"},"author":{"name":"Hanna Bose","@id":"https:\/\/www.babyartikel.de\/magazin\/#\/schema\/person\/6ee1e315ac6bd5b2cf5cfc51901067dd"},"headline":"Der 64-Wochen-Schub: Dauer, Entwicklung, Schlaf &#8211; und wann er endlich vorbei ist","datePublished":"2024-02-13T07:40:00+00:00","dateModified":"2024-03-19T12:20:36+00:00","mainEntityOfPage":{"@id":"https:\/\/www.babyartikel.de\/magazin\/64-wochen-schub-erfahrungen-dauer-schlaf-schlimm-wann-vorbei"},"wordCount":1425,"commentCount":3,"image":{"@id":"https:\/\/www.babyartikel.de\/magazin\/64-wochen-schub-erfahrungen-dauer-schlaf-schlimm-wann-vorbei#primaryimage"},"thumbnailUrl":"https:\/\/media.babyartikel.de\/magazin\/wp-content\/uploads\/2024\/02\/64-wochen-schub-9-wachstumsschub-kleinkind.jpg","keywords":["alltag mit kleinkind","BOOST-9-primary","entwicklung","wachstum"],"articleSection":["Baby-Entwicklungskalender","Kleinkind","Leben mit Kleinkind"],"inLanguage":"de","potentialAction":[{"@type":"CommentAction","name":"Comment","target":["https:\/\/www.babyartikel.de\/magazin\/64-wochen-schub-erfahrungen-dauer-schlaf-schlimm-wann-vorbei#respond"]}]},{"@type":"WebPage","@id":"https:\/\/www.babyartikel.de\/magazin\/64-wochen-schub-erfahrungen-dauer-schlaf-schlimm-wann-vorbei","url":"https:\/\/www.babyartikel.de\/magazin\/64-wochen-schub-erfahrungen-dauer-schlaf-schlimm-wann-vorbei","name":"Der 64 Wochen Schub beim Kleinkind | Babyartikel.de Magazin","isPartOf":{"@id":"https:\/\/www.babyartikel.de\/magazin\/#website"},"primaryImageOfPage":{"@id":"https:\/\/www.babyartikel.de\/magazin\/64-wochen-schub-erfahrungen-dauer-schlaf-schlimm-wann-vorbei#primaryimage"},"image":{"@id":"https:\/\/www.babyartikel.de\/magazin\/64-wochen-schub-erfahrungen-dauer-schlaf-schlimm-wann-vorbei#primaryimage"},"thumbnailUrl":"https:\/\/media.babyartikel.de\/magazin\/wp-content\/uploads\/2024\/02\/64-wochen-schub-9-wachstumsschub-kleinkind.jpg","datePublished":"2024-02-13T07:40:00+00:00","dateModified":"2024-03-19T12:20:36+00:00","author":{"@id":"https:\/\/www.babyartikel.de\/magazin\/#\/schema\/person\/6ee1e315ac6bd5b2cf5cfc51901067dd"},"description":"Der 64-Wochen-Schub \/ 9. Wachstumsschub: Was Dein Kind jetzt lernt, welche Erfahrungen ich gemacht habe - und warum er sich so schlimm anf\u00fchlt","breadcrumb":{"@id":"https:\/\/www.babyartikel.de\/magazin\/64-wochen-schub-erfahrungen-dauer-schlaf-schlimm-wann-vorbei#breadcrumb"},"inLanguage":"de","potentialAction":[{"@type":"ReadAction","target":["https:\/\/www.babyartikel.de\/magazin\/64-wochen-schub-erfahrungen-dauer-schlaf-schlimm-wann-vorbei"]}]},{"@type":"ImageObject","inLanguage":"de","@id":"https:\/\/www.babyartikel.de\/magazin\/64-wochen-schub-erfahrungen-dauer-schlaf-schlimm-wann-vorbei#primaryimage","url":"https:\/\/media.babyartikel.de\/magazin\/wp-content\/uploads\/2024\/02\/64-wochen-schub-9-wachstumsschub-kleinkind.jpg","contentUrl":"https:\/\/media.babyartikel.de\/magazin\/wp-content\/uploads\/2024\/02\/64-wochen-schub-9-wachstumsschub-kleinkind.jpg","width":5760,"height":3840,"caption":"kleinkind auf rutsche, 64 wochen schub, 9. wachstumsschub beim kleinkind, 64 wochen schub schlaf, 64 wochen schub erfahrungen, 64 wochen schub schlimm"},{"@type":"BreadcrumbList","@id":"https:\/\/www.babyartikel.de\/magazin\/64-wochen-schub-erfahrungen-dauer-schlaf-schlimm-wann-vorbei#breadcrumb","itemListElement":[{"@type":"ListItem","position":1,"name":"Startseite","item":"https:\/\/www.babyartikel.de\/magazin"},{"@type":"ListItem","position":2,"name":"Der 64-Wochen-Schub: Dauer, Entwicklung, Schlaf &#8211; und wann er endlich vorbei ist"}]},{"@type":"WebSite","@id":"https:\/\/www.babyartikel.de\/magazin\/#website","url":"https:\/\/www.babyartikel.de\/magazin\/","name":"Babyartikel.de Magazin","description":"","potentialAction":[{"@type":"SearchAction","target":{"@type":"EntryPoint","urlTemplate":"https:\/\/www.babyartikel.de\/magazin\/?s={search_term_string}"},"query-input":{"@type":"PropertyValueSpecification","valueRequired":true,"valueName":"search_term_string"}}],"inLanguage":"de"},{"@type":"Person","@id":"https:\/\/www.babyartikel.de\/magazin\/#\/schema\/person\/6ee1e315ac6bd5b2cf5cfc51901067dd","name":"Hanna Bose","image":{"@type":"ImageObject","inLanguage":"de","@id":"https:\/\/secure.gravatar.com\/avatar\/1dd69317cf23cfe19f265b2c9eca62c20a8cd1bef58878b246fa55e1a1840b81?s=96&d=mm&r=g","url":"https:\/\/secure.gravatar.com\/avatar\/1dd69317cf23cfe19f265b2c9eca62c20a8cd1bef58878b246fa55e1a1840b81?s=96&d=mm&r=g","contentUrl":"https:\/\/secure.gravatar.com\/avatar\/1dd69317cf23cfe19f265b2c9eca62c20a8cd1bef58878b246fa55e1a1840b81?s=96&d=mm&r=g","caption":"Hanna Bose"},"description":"Ich bin Hanna und Mama von drei Jungs. Als Fachkraft f\u00fcr babyfreundliche Beikost schreibe ich unter anderem \u00fcber Baby Led Weaning und Beikostthemen, aber auch \u00fcber alle anderen Belange rund um Schwangerschaft, Babyzeit und dar\u00fcber hinaus.","sameAs":["https:\/\/babyled-weaning.de","https:\/\/www.facebook.com\/babyledweaning.de\/","https:\/\/www.instagram.com\/baby.led.weaning_de\/","https:\/\/www.pinterest.de\/mutterinstinkte\/"],"url":"https:\/\/www.babyartikel.de\/magazin\/author\/hanna"}]}},"abstract_sku":"","_links":{"self":[{"href":"https:\/\/www.babyartikel.de\/magazin\/wp-json\/wp\/v2\/posts\/929315","targetHints":{"allow":["GET"]}}],"collection":[{"href":"https:\/\/www.babyartikel.de\/magazin\/wp-json\/wp\/v2\/posts"}],"about":[{"href":"https:\/\/www.babyartikel.de\/magazin\/wp-json\/wp\/v2\/types\/post"}],"author":[{"embeddable":true,"href":"https:\/\/www.babyartikel.de\/magazin\/wp-json\/wp\/v2\/users\/34"}],"replies":[{"embeddable":true,"href":"https:\/\/www.babyartikel.de\/magazin\/wp-json\/wp\/v2\/comments?post=929315"}],"version-history":[{"count":24,"href":"https:\/\/www.babyartikel.de\/magazin\/wp-json\/wp\/v2\/posts\/929315\/revisions"}],"predecessor-version":[{"id":930911,"href":"https:\/\/www.babyartikel.de\/magazin\/wp-json\/wp\/v2\/posts\/929315\/revisions\/930911"}],"wp:featuredmedia":[{"embeddable":true,"href":"https:\/\/www.babyartikel.de\/magazin\/wp-json\/wp\/v2\/media\/929619"}],"wp:attachment":[{"href":"https:\/\/www.babyartikel.de\/magazin\/wp-json\/wp\/v2\/media?parent=929315"}],"wp:term":[{"taxonomy":"category","embeddable":true,"href":"https:\/\/www.babyartikel.de\/magazin\/wp-json\/wp\/v2\/categories?post=929315"},{"taxonomy":"post_tag","embeddable":true,"href":"https:\/\/www.babyartikel.de\/magazin\/wp-json\/wp\/v2\/tags?post=929315"}],"curies":[{"name":"wp","href":"https:\/\/api.w.org\/{rel}","templated":true}]}}