
{"id":94360,"date":"2019-12-28T13:30:00","date_gmt":"2019-12-28T12:30:00","guid":{"rendered":"https:\/\/www.babyartikel.de\/magazin\/?p=94360"},"modified":"2022-03-27T15:52:39","modified_gmt":"2022-03-27T13:52:39","slug":"mutter-kind-kur","status":"publish","type":"post","link":"https:\/\/www.babyartikel.de\/magazin\/mutter-kind-kur","title":{"rendered":"Mutter-Kind-Kur &#8211; meine Erfahrungen"},"content":{"rendered":"<p>Kann jede Mama mit ihrem Kind zur Mutter-Kind-Kur? <strong>Welche Voraussetzungen<\/strong> m&uuml;ssen gegeben sein und wie und wo kannst Du eine Kur beantragen? Ich war gerade mit meinen beiden Kindern auf Kur und w&uuml;rde Dir gerne von meinen Erfahrungen erz&auml;hlen und Dir erkl&auml;ren, <strong>wie Du zu einer Mutter-Kind-Ma&szlig;nahme kommst<\/strong>.<div id=\"ez-toc-container\" class=\"ez-toc-v2_0_82_2 counter-flat ez-toc-counter ez-toc-white ez-toc-container-direction\">\n<div class=\"ez-toc-title-container\">\n<p class=\"ez-toc-title\" style=\"cursor:inherit\">Inhaltsverzeichnis<\/p>\n<span class=\"ez-toc-title-toggle\"><a href=\"#\" class=\"ez-toc-pull-right ez-toc-btn ez-toc-btn-xs ez-toc-btn-default ez-toc-toggle\" aria-label=\"Toggle Table of Content\"><span class=\"ez-toc-js-icon-con\"><span class=\"\"><span class=\"eztoc-hide\" style=\"display:none;\">Toggle<\/span><span class=\"ez-toc-icon-toggle-span\"><svg style=\"fill: #999;color:#999\" xmlns=\"http:\/\/www.w3.org\/2000\/svg\" class=\"list-377408\" width=\"20px\" height=\"20px\" viewBox=\"0 0 24 24\" fill=\"none\"><path d=\"M6 6H4v2h2V6zm14 0H8v2h12V6zM4 11h2v2H4v-2zm16 0H8v2h12v-2zM4 16h2v2H4v-2zm16 0H8v2h12v-2z\" fill=\"currentColor\"><\/path><\/svg><svg style=\"fill: #999;color:#999\" class=\"arrow-unsorted-368013\" xmlns=\"http:\/\/www.w3.org\/2000\/svg\" width=\"10px\" height=\"10px\" viewBox=\"0 0 24 24\" version=\"1.2\" baseProfile=\"tiny\"><path d=\"M18.2 9.3l-6.2-6.3-6.2 6.3c-.2.2-.3.4-.3.7s.1.5.3.7c.2.2.4.3.7.3h11c.3 0 .5-.1.7-.3.2-.2.3-.5.3-.7s-.1-.5-.3-.7zM5.8 14.7l6.2 6.3 6.2-6.3c.2-.2.3-.5.3-.7s-.1-.5-.3-.7c-.2-.2-.4-.3-.7-.3h-11c-.3 0-.5.1-.7.3-.2.2-.3.5-.3.7s.1.5.3.7z\"\/><\/svg><\/span><\/span><\/span><\/a><\/span><\/div>\n<nav><ul class='ez-toc-list ez-toc-list-level-1 ' ><li class='ez-toc-page-1'><a class=\"ez-toc-link ez-toc-heading-1\" href=\"https:\/\/www.babyartikel.de\/magazin\/mutter-kind-kur\/#Wie_kommt_man_zu_einer_Mutter-Kind-Kur\" >Wie kommt man zu einer Mutter-Kind-Kur?<\/a><\/li><li class='ez-toc-page-1'><a class=\"ez-toc-link ez-toc-heading-2\" href=\"https:\/\/www.babyartikel.de\/magazin\/mutter-kind-kur\/#Meine_Mutter-Kind-Kur_%E2%80%93_vom_Antrag_bis_zur_Heimreise\" >Meine Mutter-Kind-Kur &ndash; vom Antrag bis zur Heimreise<\/a><\/li><li class='ez-toc-page-1'><a class=\"ez-toc-link ez-toc-heading-3\" href=\"https:\/\/www.babyartikel.de\/magazin\/mutter-kind-kur\/#Fazit\" >Fazit<\/a><\/li><\/ul><\/nav><\/div>\n<h2 class=\"wp-block-heading\"><span class=\"ez-toc-section\" id=\"Wie_kommt_man_zu_einer_Mutter-Kind-Kur\"><\/span>Wie kommt man zu einer Mutter-Kind-Kur?<span class=\"ez-toc-section-end\"><\/span><\/h2><p>Als meine Kur genehmigt war und ich unserem Umfeld davon erz&auml;hlte, wurde ich oft gefragt, warum ich das mache. Ich sei doch nicht krank und die Kinder auch nicht. Tats&auml;chlich ist es so, dass viele denken, man m&uuml;sse ernsthaft krank sein, um an einer Mutter-Kind-Ma&szlig;nahme teilnehmen zu k&ouml;nnen. Das wird gerne mit der Reha verwechselt, die in solchen F&auml;llen dann in Frage kommt.<\/p><h3 class=\"wp-block-heading\">Wer kann eine Mutter-Kind-Ma&szlig;nahme beantragen?<\/h3><p>Du als Mama, und auch Papas, haben Anspruch auf eine medizinische Vorsorge- oder Rehabilitationsma&szlig;nahme. Deine gesetzliche Krankenkasse ist in diesem Fall der zust&auml;ndige Kostentr&auml;ger. Eine wichtige Voraussetzung f&uuml;r die Antragstellung ist ein Gesundheitsproblem. Dieses muss in Zusammenhang mit Belastungen und Beanspruchungen als Mama im Alltag stehen. Das k&ouml;nnte beispielsweise sein:<\/p><div class=\"marketing-slot\"><div id=\"block-18\" class=\"content-post-widget marketing-slot-1 widget_block\"><a href=\"#\" class=\"newsletter_popup\" style=\"\n  display: inline-block;\n  box-shadow: 0 4px 10px rgba(0,0,0,0.1);\n  margin: 20px auto;\n  max-width: 800px;\n  width: 100%;\">\n  <img src=\"https:\/\/media.babyartikel.de\/magazin\/wp-content\/uploads\/2025\/08\/NL-Banner-Magazin-8-25.webp\" alt=\"Newsletter Banner\" style=\"\n    width: 100%;\n    height: auto;\n    display: block;\" onclick=\"ga('send', 'event', 'banner', 'click', 'magazin-banner-newsletter-8-25');\">\n<\/a>\n\n\t<!-- Modal -->\n\t<div class=\"modal fade modal_popup\" id=\"newsletter_popup\" tabindex=\"-1\" aria-labelledby=\"exampleModalLabel\" aria-hidden=\"true\">\n\t\t<div class=\"modal-dialog modal-dialog-centered modal-dialog-scrollable\">\n\t\t\t<div class=\"modal-content\">\n\t\t\t\t<div class=\"modal-header small-header\">\n\t\t\t\t\t<h5 class=\"modal-title\" id=\"newsletterModalLabel\">\n\t\t\t\t\t\tNewsletter\t\t\t\t\t<\/h5>\n\t\t\t\t\t<button type=\"button\" class=\"btn-close small-close\" data-bs-dismiss=\"modal\" aria-label=\"Close\"><\/button>\n\t\t\t\t<\/div>\n\n\t\t\t\t<div class=\"modal-body\">\n\t\t\t\t\t\t<div class=\"newsletterForm-embed popup-form\">\n        <form name=\"newsletterSubscriptionForm\" id=\"newsletter_popup_69f4e0ace878f_form\" data-newsletter-id=\"newsletter_popup_69f4e0ace878f\" method=\"POST\">\n\n\t\t\t<input type=\"text\" name=\"website\" class=\"hidden\" tabindex=\"-1\" autocomplete=\"off\" style=\"position:absolute;left:-9999px;\">\n\t\t\t<input type=\"hidden\" name=\"ts\" value=\"1777655980\">\n\n\t\t\t                <input type=\"hidden\" name=\"emarsys-event-id\" value=\"3756\">\n            \n            \t\t\t<div class=\"mb-3\">\n\t\t\t\t<label for=\"date\" class=\"form-label\">Geburtstag\/ -termin Deines Babys<\/label>\n                <input type=\"date\" name=\"date\" class=\"input input--expand form-control\" required>\n\t\t\t<\/div>\n            \n\t\t\t<div class=\"mb-3\">\n\t\t\t\t<label for=\"email\" class=\"form-label\">E-Mail-Adresse<\/label>\n\t\t\t\t<input type=\"email\" name=\"email\" placeholder=\"E-Mail-Adresse\" class=\"input input--expand form-control\" required>\n\t\t\t<\/div>\n\n\t\t\t\t\t\t\t<button type=\"submit\" class=\"btn btn-primary\">Absenden<\/button>\n\t\t\t\n\t\t\t\t\t\t\t<div class=\"small mt-3\" style=\"font-weight:normal;\">\n\t\t\t\t\t\n\t\t\t<div class=\"mt-3\">\n\t\t\t\tJa, ich m&ouml;chte den Newsletter von Babyartikel.de erhalten und &uuml;ber Aktionen informiert werden.\n  Dabei darf mein Nutzungsverhalten (z. B. &Ouml;ffnungen und Klicks) zur Personalisierung ausgewertet werden.\n  Mehr finde ich in der <a href=\"\/de\/datenschutz\" style=\"text-decoration:underline\">Datenschutzerkl&auml;rung<\/a>.\n\t\t\t<\/div>\n\t\t\t\t\t\t<\/div>\n\t\t\t\n\t\t\t\t\t\t\t<div class=\"small mb-3 mt-3\" style=\"font-weight:normal;\">\n\t\t\t\t\tJederzeit abbestellbar | <a href=\"\/de\/datenschutz\" style=\"text-decoration:underline\">\n\t\t\t\t\t\tDatenschutzerkl&auml;rung\n\t\t\t\t\t<\/a>\n\t\t\t\t<\/div>\n\t\t\t\n        <\/form>\n    <\/div>\n\t\n\t\t\t\t\t<div class=\"response-messages_newsletter_popup_69f4e0ace878f\">\n\t\t\t\t\t\t<div class=\"alert alert-success success mt-3 mb-3 d-none\">\n\t\t\t\t\t\t\tNur noch ein Klick! Best&auml;tige Deine Anmeldung in der E-Mail, die du gleich erh&auml;ltst.\t\t\t\t\t\t<\/div>\n\t\t\t\t\t\t<div class=\"error mt-3 mb-3 d-none\">\n\t\t\t\t\t\t\t<div class=\"alert alert-danger \">\n\t\t\t\t\t\t\t\tEin Fehler ist aufgetreten. Bitte versuche es sp&auml;ter erneut.\t\t\t\t\t\t\t<\/div>\n\t\t\t\t\t\t<\/div>\n\t\t\t\t\t\t<div class=\"alert alert-danger other-2007 mt-3 mb-3 d-none\">\n\t\t\t\t\t\t\tUng&Atilde;&frac14;ltiges Datumsformat\t\t\t\t\t\t<\/div>\n\t\t\t\t\t<\/div>\n\t\t\t\t<\/div>\n\t\t\t<\/div>\n\t\t<\/div>\n\t<\/div>\n\n\t<\/div><!-- content-widget --><\/div><ul class=\"wp-block-list\"><li><strong>Stress <\/strong>(psychisch oder k&ouml;rperlich, bei mir war es der Stress im Alltag mit beiden Kindern und der Schwangerschaft, von dem ich einfach eine Pause wollte)<\/li><li><strong>Psychologische Probleme<\/strong> (Depressionen, Trennung vom Partner, ein Todesfall in der Familie)<\/li><li><strong>Krankheiten <\/strong>(Essst&ouml;rung, Hautkrankheiten) <\/li><li><strong>K&ouml;rperliche Probleme<\/strong> (&Uuml;bergewicht, R&uuml;ckenschmerzen)<\/li><\/ul><p>Betrifft das gesundheitliche Problem Dich, ist Dein Kind ein Begleitkind, welches nicht an Ma&szlig;nahmen teilnimmt. Fahrt Ihr allerdings zur Kur, weil Dein Kind st&auml;ndig krank ist, nehmt Ihr beide an Behandlungen teil.<\/p><h3 class=\"wp-block-heading\">Der Antrag<\/h3><p><strong>Der erste Ansprechpartner ist Dein Hausarzt<\/strong>. Er wird ein Attest ausf&uuml;llen, welches entscheidet, ob eine Vorsorge- oder  Rehabilitationsma&szlig;nahme beantragt wird. Mit diesem Attest kannst Du dann bei Deiner Krankenkasse die Kur beantragen. Nach der Genehmigung wird diese Dir einige Einrichtungen vorschlagen, allerdings kannst Du das Wunsch- und Wahlrecht nutzen und selbst eine Klinik aussuchen. Sie muss jedoch f&uuml;r die Behandlung geeignet sein und das Alter der Kinder spielt auch eine Rolle.<\/p><div class=\"postslot1\">[articles]<link rel=\"stylesheet\" href=\"https:\/\/cdn.jsdelivr.net\/npm\/swiper@8\/swiper-bundle.min.css\"><\/div><p>Antr&auml;ge k&ouml;nnen aber auch anders ablaufen. Es gibt <strong>Vermittlungsstellen f&uuml;r Mutter- bzw. Vater-Kind-Kuren<\/strong>, die vorab eine Klink mit Dir aussuchen, den Termin reservieren und den Antrag damit bei Deiner Krankenkasse stellen. In diesem Fall kann es jedoch sein, dass die Krankenkassen auf Kliniken bestehen, mit denen sie zusammenarbeiten und von Dir ausgesuchte ablehnen. Du kannst Dich auch selbst, zum Beispiel online, um eine Klink k&uuml;mmern und einen Kurtermin reservieren und danach den Antrag stellen. In jedem Fall muss der Attest vom Hausarzt beiliegen.<\/p><div class=\"marketing-slot\"><div id=\"block-25\" class=\"content-post-widget marketing-slot-2 widget_block\"><a href=\"https:\/\/www.babyartikel.de\/de\/angebote\" data-track-link-click=\"true\" data-track-name=\"nyoutlet2026-magazin\" data-track-medium=\"banner-magazin-post\" data-track-campaign=\"magazin-banner-nyoutlet2026\" onclick=\"ga('send', 'event', 'banner', 'click', 'magazin-banner-nyoutlet2026');\" style=\"display:block;width:100%;text-align:center;\"><img src=\"https:\/\/media.babyartikel.de\/magazin\/wp-content\/uploads\/2026\/01\/NY-Outlet-10-2026.webp\" alt=\"Sale\" style=\"max-width:100%;\"><\/a><\/div><!-- content-widget --><\/div><h3 class=\"wp-block-heading\">Wie viel Zeit vergeht vom Antrag bis zur Kur?<\/h3><p>Wie viel Zeit vom Antrag bis zur Kur vergehen kann, ist wirklich sehr unterschiedlich. Es kann passieren, dass Du den Antrag stellst, er nach einer Woche genehmigt wird und Deine Wunschklinik schon zwei Wochen sp&auml;ter einen freien Platz hat. Es k&ouml;nnen aber auch Monate vergehen. Es kommt immer darauf an, ob Du in eine bestimmte Klinik oder vielleicht auch zu einer bestimmten Jahreszeit gehen m&ouml;chtest. <\/p><h3 class=\"wp-block-heading\">Ablehnungsgr&uuml;nde<\/h3><p>In den meisten F&auml;llen wird eine Mutter-Kind-Kur genehmigt. Es kann jedoch passieren, dass Deine Krankenkasse den Antrag ablehnt. Die h&auml;ufigsten Gr&uuml;nde sind<\/p><ul class=\"wp-block-list\"><li>nicht ausgesch&ouml;pfte ambulante Ma&szlig;nahmen<\/li><li>keine medizinische Notwendigkeit<\/li><li>keinen Zusammenhang zwischen Erkrankung und der Rolle als Mutter<\/li><\/ul><p>Im Falle einer Ablehnung solltest Du Widerspruch einlegen und diesen ggf. begr&uuml;nden.<\/p><h3 class=\"wp-block-heading\">Wie lange geht eine Kur?<\/h3><p>Damit Du die M&ouml;glichkeit hast, Dich zu erholen und an allen Anwendungen teilzunehmen, ist eine <strong>Mindestdauer von drei Wochen<\/strong> vorgesehen. Es gibt  Einrichtungen, die nach R&uuml;cksprache auch um ein oder zwei Wochen verl&auml;ngern.<\/p><h2 class=\"wp-block-heading\"><span class=\"ez-toc-section\" id=\"Meine_Mutter-Kind-Kur_%E2%80%93_vom_Antrag_bis_zur_Heimreise\"><\/span>Meine Mutter-Kind-Kur &ndash; vom Antrag bis zur Heimreise<span class=\"ez-toc-section-end\"><\/span><\/h2><p>Ich war vor Kurzem mit meinen beiden Kindern zur Kur und w&uuml;rde Dir gerne erz&auml;hlen, wie ich diese beantragt habe, wo wir waren und ob ich es empfehlen kann.<\/p><h3 class=\"wp-block-heading\">Der Antrag bei einer Vermittlungsstelle<\/h3><p>In unserer Stadt gibt es zwei Vermittlungsstellen, ich selbst war beim Deutschen Roten Kreuz. Dort gab es einen Mitarbeiter, der sich nur um Mutter-Kind-Kuren gek&uuml;mmert hat. Er erkl&auml;rte mir beim ersten Termin, wie ein Antrag abl&auml;uft, was ich ben&ouml;tige und bat mich, zum n&auml;chsten Termin ein Attest vom Hausarzt und ein pers&ouml;nliches Schreiben an die Krankenkasse mitzunehmen, in dem ich selbst erkl&auml;re, warum ich die Kur beantrage.<\/p><p>Der Grund, warum ich gerne mit meinen Kindern zur Kur wollte, war ganz einfach der allt&auml;gliche Stress, aus dem ich gerne raus wollte. Zwei kleine Kinder und eine Schwangerschaft, ein Haushalt und ein Job machen sich k&ouml;rperlich stark bemerkbar. Ich stand permanent unter Strom und mit einem berufst&auml;tigen Mann hatte ich den gr&ouml;&szlig;ten Teil alleine zu bew&auml;ltigen. Hinzu kamen R&uuml;cken- und Nackenschmerzen und die Sehnsucht nach etwas Nichtstun.<\/p><p>Beim zweiten Termin wurde eine Einrichtung gesucht. Ich wollte gerne ans Meer oder in den S&uuml;den, also an die Nord- oder Ostsee, ins Allg&auml;u oder in den Schwarzwald. Wir lieben das Meer und die Nordsee, doch ich wusste, dass es f&uuml;r dort lange Wartezeiten gibt. Da wir noch nie an der Ostsee waren, war ich total offen daf&uuml;r. Doch ohne Kostenzusage der Krankenkasse gab es keinen Termin. So wurde erst der Antrag eingereicht und nach kurzer Zeit genehmigt. Die Kasse war einverstanden, dass ich mich selbst um eine Klink k&uuml;mmere. Ich informierte den Vermittler und hatte das Gl&uuml;ck, dass ein paar Minuten zuvor eine Mutter mit zwei Kindern einer reservierten Einrichtung abgesagt hatte. So wurde mir dieser Termin &uuml;berlassen.<\/p><h3 class=\"wp-block-heading\">Unsere Mutter-Kind-Kur an der Ostsee<\/h3><p>Zweieinhalb Monate nach der Zusage und einen Tag nach dem zweiten Geburtstag meiner Tochter (die Einrichtung nimmt nur Kinder ab 2 Jahren) sind wir an die Ostsee gereist. Der erste Eindruck war etwas komisch, da wir uns erst einmal zurecht finden mussten und wirklich keine Ahnung hatten, was da auf uns zukam. Einen Tag sp&auml;ter wurden wir eingewiesen, am zweiten Tag wurden die Kinder im Kinderclub eingew&ouml;hnt und wir Mamas hatten Zeit f&uuml;r uns. Je nach Therapieplan konnte man die Zeit f&uuml;r sich mit einem Spaziergang am Meer nutzen oder an den zugeteilten Aktivit&auml;ten wie Walking, Physiotherapie, Gymnastik oder Gruppengespr&auml;chen teilnehmen.<\/p><p>Da ich schwanger bin, war mein Plan recht &uuml;berschaubar und auf Massage, Schwangerschaftsgymnastik und Entspannungstherapie beschr&auml;nkt. F&uuml;r Einzel- und Gruppentherapie wurde ich nicht eingeteilt, ich konnte jedoch freiwillig daran teilnehmen. Aush&auml;nge informierten dar&uuml;ber, ich selbst habe jedoch nicht teilgenommen. Die freie Zeit verbrachte ich lesend am Meer bei einem guten Kaffee und die Auszeit habe ich mehr als genossen. Ich habe schnell Anschluss gefunden und mich mit einer ebenfalls schwangerern Mama angefreundet und die Vormittage oft mit ihr verbracht.<\/p><p>Die Kinder waren in zwei verschiedenen Gruppen untergebracht und mehr als gut versorgt. Sie waren viel drau&szlig;en, hatten kreatives Programm und auch viel Gymnastik. Meinen beiden Kindern (4,5 und 2 Jahre) hat es sehr gut gefallen. Die Kinder fr&uuml;hs&uuml;ckten und a&szlig;en auch mittags in den Gruppen, sodass ich meine Mahlzeiten in Ruhe einnehmen konnte. M&uuml;tter wissen, was das bedeutet :) Das Mittagessen konnte man sich &uuml;brigens einen Tag vorher aussuchen. Es gab ein normales Gericht, etwas Vegetarisches oder reduzierte Kost. Dazu trug man sich einfach in die Liste ein. Ein Salatbuffet gab es immer. Essen konnte ich, worauf ich Lust hatte, da ich keine Verordnung hatte. Andere mussten sich z.B. an reduzierte Kost halten. Kontrolliert wurde es aber nicht.<\/p><h3 class=\"wp-block-heading\">Wie verliefen unsere Tage?<\/h3><p>Die Zeit bis zum Mittagessen konnte ich alleine verbringen bzw. ich hatte dort meine Anwendungen. Nach dem Mittagessen bin ich mit den Kindern in unserem Zimmer gewesen, damit meine Tochter Mittagsschlaf machen und mein Sohn sich ausruhen konnte. Danach haben wir zusammen Zeit verbracht und waren haupts&auml;chlich am Strand. Ich h&auml;tte sie zwar am nachmittag nochmal in die Betreuung geben k&ouml;nnen aber Zeit zusammen mit ihnen war mir genauso wichtig wie f&uuml;r mich alleine. Ich habe so eine gute Mischung gefunden. Nach dem Abendessen sind wir dann ins Zimmer, weil die Kinder immer sehr kaputt waren. Man hatte jedoch die M&ouml;glichkeit, sich im Gemeinschaftsraum zu treffen, nochmal rauszugehen oder an Angeboten wie Muschelsuchen teilzunehmen. Die Wochenenden geh&ouml;rten uns und wir hatten &bdquo;frei&ldquo;. Man durfte Besuch empfangen und wir haben Ausfl&uuml;ge nach Rostock und Warnem&uuml;nde gemacht.<\/p><h3 class=\"wp-block-heading\">Warum waren die anderen M&uuml;tter dort?<\/h3><p>Sicher interessiert Dich auch, warum die anderen M&uuml;tter dort waren. Nat&uuml;rlich hat nicht jede frei von sich heraus erz&auml;hlt, aus welchem Grund sie zur Mutter-Kind-Kur an der Ostsee ist und das musste auch keine. Es gab keinen Gespr&auml;chskreis, wo jede Frau erz&auml;hlen musste oder eine Vorstellungsrunde. Doch wenn man sich untereinander unterh&auml;lt, erf&auml;hrt man schon mal etwas. Viele waren aus dem gleichen Grund dort wie ich: Ausbrechen aus dem stressigen Alltag. Andere hatten eine Trennung hinter sich und wollten Zeit f&uuml;r sich und das Kind. Andere wiederum hatten mit dem Gewicht zu k&auml;mpfen und einige Kinder hatten Atemwegskrankheiten oder auch Gewichtsprobleme.<\/p><h2 class=\"wp-block-heading\"><span class=\"ez-toc-section\" id=\"Fazit\"><\/span>Fazit<span class=\"ez-toc-section-end\"><\/span><\/h2><p>Ich kann wirklich jeder Mama eine solche Mutter-Kind-Kur empfehlen. Du musst daf&uuml;r nicht ernsthaft erkrankt sein. Wir geben t&auml;glich 150% f&uuml;r die Kinder und den Haushalt und wir d&uuml;rfen aus unserem Alltag ausbrechen und uns erholen. Ich brauchte eine Pause vom Alltag, der aus Kindergarten, Haushalt und Fahrdienst bestand und zus&auml;tzlich durch eine weitere Schwangerschaft. Das Ausbrechen hat uns gutgetan &ndash; sowohl uns als Familie, aber auch unserer Partnerschaft. Wir hatten keine Probleme miteinander, falls es so klingt. Aber sich einmal drei Wochen zu vermissen hat doch gezeigt, was man am Anderen hat und umso sch&ouml;ner war es, wieder nach Hause zu kommen. Drei Wochen waren sehr schnell vorbei und wir hatten wieder Kraft f&uuml;r unseren Alltag.<\/p><div class=\"credits-overlay\" data-target=\".wp-image-803524\"><a href=\"#\" target=\"_blank\">&copy; idee23 &ndash; stock.adobe.com<\/a><\/div><\/p>\n","protected":false},"excerpt":{"rendered":"<p>Kann jede Mama mit ihrem Kind zur Mutter-Kind-Kur? Welche Voraussetzungen m&uuml;ssen gegeben sein und wie und wo kannst Du eine Kur beantragen? Ich war gerade mit meinen beiden Kindern auf Kur und w&uuml;rde Dir gerne von meinen Erfahrungen erz&auml;hlen und Dir erkl&auml;ren, wie Du zu einer Mutter-Kind-Ma&szlig;nahme kommst.Wie kommt man zu einer Mutter-Kind-Kur?Als meine Kur [&#8230;]<\/p>\n<p><a class=\"btn btn-secondary understrap-read-more-link\" href=\"https:\/\/www.babyartikel.de\/magazin\/mutter-kind-kur\">Weiterlesen&#8230;<\/a><\/p>\n","protected":false},"author":57,"featured_media":803524,"comment_status":"open","ping_status":"closed","sticky":false,"template":"","format":"standard","meta":{"_acf_changed":false,"footnotes":""},"categories":[2824,2798,2818],"tags":[3334],"class_list":["post-94360","post","type-post","status-publish","format-standard","has-post-thumbnail","hentry","category-entwicklung-kleinkind","category-nach-der-geburt","category-pflege-gesundheit","tag-gesundheit"],"acf":[],"yoast_head":"<!-- This site is optimized with the Yoast SEO Premium plugin v27.2 (Yoast SEO v27.2) - https:\/\/yoast.com\/product\/yoast-seo-premium-wordpress\/ -->\n<title>Mutter-Kind-Kur Erfahrungsbericht und Tipps<\/title>\n<meta name=\"description\" content=\"Kann jede Mama mit ihrem Kind zur Mutter-Kind-Kur? Welche Voraussetzungen es braucht und wo Du eine Kur beantragen kannst, erf\u00e4hrst Du hier.\" \/>\n<meta name=\"robots\" content=\"index, follow, max-snippet:-1, max-image-preview:large, max-video-preview:-1\" \/>\n<link rel=\"canonical\" href=\"https:\/\/www.babyartikel.de\/magazin\/mutter-kind-kur\" \/>\n<meta property=\"og:locale\" content=\"de_DE\" \/>\n<meta property=\"og:type\" content=\"article\" \/>\n<meta property=\"og:title\" content=\"Mutter-Kind-Kur - meine Erfahrungen\" \/>\n<meta property=\"og:description\" content=\"Kann jede Mama mit ihrem Kind zur Mutter-Kind-Kur? Welche Voraussetzungen es braucht und wo Du eine Kur beantragen kannst, erf\u00e4hrst Du hier.\" \/>\n<meta property=\"og:url\" content=\"https:\/\/www.babyartikel.de\/magazin\/mutter-kind-kur\" \/>\n<meta property=\"og:site_name\" content=\"Babyartikel.de Magazin\" \/>\n<meta property=\"article:author\" content=\"www.facebook.com\/mamapremiere\" \/>\n<meta property=\"article:published_time\" content=\"2019-12-28T12:30:00+00:00\" \/>\n<meta property=\"article:modified_time\" content=\"2022-03-27T13:52:39+00:00\" \/>\n<meta property=\"og:image\" content=\"https:\/\/www.babyartikel.de\/magazin\/wp-content\/uploads\/2019\/12\/Mutter-kind-kur-beantragen.jpg\" \/>\n\t<meta property=\"og:image:width\" content=\"1200\" \/>\n\t<meta property=\"og:image:height\" content=\"627\" \/>\n\t<meta property=\"og:image:type\" content=\"image\/jpeg\" \/>\n<meta name=\"author\" content=\"Simone\" \/>\n<meta name=\"twitter:card\" content=\"summary_large_image\" \/>\n<meta name=\"twitter:creator\" content=\"@mamapremiere\" \/>\n<meta name=\"twitter:label1\" content=\"Verfasst von\" \/>\n\t<meta name=\"twitter:data1\" content=\"Simone\" \/>\n\t<meta name=\"twitter:label2\" content=\"Gesch\u00e4tzte Lesezeit\" \/>\n\t<meta name=\"twitter:data2\" content=\"9\u00a0Minuten\" \/>\n<script type=\"application\/ld+json\" class=\"yoast-schema-graph\">{\"@context\":\"https:\/\/schema.org\",\"@graph\":[{\"@type\":\"Article\",\"@id\":\"https:\/\/www.babyartikel.de\/magazin\/mutter-kind-kur#article\",\"isPartOf\":{\"@id\":\"https:\/\/www.babyartikel.de\/magazin\/mutter-kind-kur\"},\"author\":{\"name\":\"Simone\",\"@id\":\"https:\/\/www.babyartikel.de\/magazin\/#\/schema\/person\/de23436078078f4dc28107852c8d5687\"},\"headline\":\"Mutter-Kind-Kur &#8211; meine Erfahrungen\",\"datePublished\":\"2019-12-28T12:30:00+00:00\",\"dateModified\":\"2022-03-27T13:52:39+00:00\",\"mainEntityOfPage\":{\"@id\":\"https:\/\/www.babyartikel.de\/magazin\/mutter-kind-kur\"},\"wordCount\":1634,\"commentCount\":2,\"image\":{\"@id\":\"https:\/\/www.babyartikel.de\/magazin\/mutter-kind-kur#primaryimage\"},\"thumbnailUrl\":\"https:\/\/media.babyartikel.de\/magazin\/wp-content\/uploads\/2019\/12\/mutter-kind-kur-scaled.jpeg\",\"keywords\":[\"gesundheit\"],\"articleSection\":[\"Leben mit Kleinkind\",\"Mama nach der Geburt\",\"Pflege &amp; Gesundheit\"],\"inLanguage\":\"de\",\"potentialAction\":[{\"@type\":\"CommentAction\",\"name\":\"Comment\",\"target\":[\"https:\/\/www.babyartikel.de\/magazin\/mutter-kind-kur#respond\"]}]},{\"@type\":\"WebPage\",\"@id\":\"https:\/\/www.babyartikel.de\/magazin\/mutter-kind-kur\",\"url\":\"https:\/\/www.babyartikel.de\/magazin\/mutter-kind-kur\",\"name\":\"Mutter-Kind-Kur Erfahrungsbericht und Tipps\",\"isPartOf\":{\"@id\":\"https:\/\/www.babyartikel.de\/magazin\/#website\"},\"primaryImageOfPage\":{\"@id\":\"https:\/\/www.babyartikel.de\/magazin\/mutter-kind-kur#primaryimage\"},\"image\":{\"@id\":\"https:\/\/www.babyartikel.de\/magazin\/mutter-kind-kur#primaryimage\"},\"thumbnailUrl\":\"https:\/\/media.babyartikel.de\/magazin\/wp-content\/uploads\/2019\/12\/mutter-kind-kur-scaled.jpeg\",\"datePublished\":\"2019-12-28T12:30:00+00:00\",\"dateModified\":\"2022-03-27T13:52:39+00:00\",\"author\":{\"@id\":\"https:\/\/www.babyartikel.de\/magazin\/#\/schema\/person\/de23436078078f4dc28107852c8d5687\"},\"description\":\"Kann jede Mama mit ihrem Kind zur Mutter-Kind-Kur? Welche Voraussetzungen es braucht und wo Du eine Kur beantragen kannst, erf\u00e4hrst Du hier.\",\"breadcrumb\":{\"@id\":\"https:\/\/www.babyartikel.de\/magazin\/mutter-kind-kur#breadcrumb\"},\"inLanguage\":\"de\",\"potentialAction\":[{\"@type\":\"ReadAction\",\"target\":[\"https:\/\/www.babyartikel.de\/magazin\/mutter-kind-kur\"]}]},{\"@type\":\"ImageObject\",\"inLanguage\":\"de\",\"@id\":\"https:\/\/www.babyartikel.de\/magazin\/mutter-kind-kur#primaryimage\",\"url\":\"https:\/\/media.babyartikel.de\/magazin\/wp-content\/uploads\/2019\/12\/mutter-kind-kur-scaled.jpeg\",\"contentUrl\":\"https:\/\/media.babyartikel.de\/magazin\/wp-content\/uploads\/2019\/12\/mutter-kind-kur-scaled.jpeg\",\"width\":2560,\"height\":1707,\"caption\":\"Mutter Kind Kur Ostsee Erholung Gesundheit Psyche Therapie Hilfe Eltern\"},{\"@type\":\"BreadcrumbList\",\"@id\":\"https:\/\/www.babyartikel.de\/magazin\/mutter-kind-kur#breadcrumb\",\"itemListElement\":[{\"@type\":\"ListItem\",\"position\":1,\"name\":\"Startseite\",\"item\":\"https:\/\/www.babyartikel.de\/magazin\"},{\"@type\":\"ListItem\",\"position\":2,\"name\":\"Mutter-Kind-Kur &#8211; meine Erfahrungen\"}]},{\"@type\":\"WebSite\",\"@id\":\"https:\/\/www.babyartikel.de\/magazin\/#website\",\"url\":\"https:\/\/www.babyartikel.de\/magazin\/\",\"name\":\"Babyartikel.de Magazin\",\"description\":\"\",\"potentialAction\":[{\"@type\":\"SearchAction\",\"target\":{\"@type\":\"EntryPoint\",\"urlTemplate\":\"https:\/\/www.babyartikel.de\/magazin\/?s={search_term_string}\"},\"query-input\":{\"@type\":\"PropertyValueSpecification\",\"valueRequired\":true,\"valueName\":\"search_term_string\"}}],\"inLanguage\":\"de\"},{\"@type\":\"Person\",\"@id\":\"https:\/\/www.babyartikel.de\/magazin\/#\/schema\/person\/de23436078078f4dc28107852c8d5687\",\"name\":\"Simone\",\"image\":{\"@type\":\"ImageObject\",\"inLanguage\":\"de\",\"@id\":\"https:\/\/secure.gravatar.com\/avatar\/fb3df32d53b52d8a53f13e8f1ea4b106b1b17c5e9e2c5b9960b90519c8533492?s=96&d=mm&r=g\",\"url\":\"https:\/\/secure.gravatar.com\/avatar\/fb3df32d53b52d8a53f13e8f1ea4b106b1b17c5e9e2c5b9960b90519c8533492?s=96&d=mm&r=g\",\"contentUrl\":\"https:\/\/secure.gravatar.com\/avatar\/fb3df32d53b52d8a53f13e8f1ea4b106b1b17c5e9e2c5b9960b90519c8533492?s=96&d=mm&r=g\",\"caption\":\"Simone\"},\"description\":\"Von einer Gro\u00dfstadtliebhaberin in Bayern zur Mama \\\"auf'm L\u00e4ndle\\\"... Im Januar 2015 kam mein Sohn zur Welt, im Sommer 2016 wude geheiratet und im August 2017 machte uns ein kleines M\u00e4dchen (vorerst) komplett. Mit den dreien lebe ich in Baden-W\u00fcrttemberg und wenn ich nicht gerade mit Mann, Kind, Haushalt und meiner Arbeit besch\u00e4ftigt bin, dann blogge ich \u00fcber mein Leben als Mama :)\",\"sameAs\":[\"www.facebook.com\/mamapremiere\",\"https:\/\/x.com\/mamapremiere\"],\"url\":\"https:\/\/www.babyartikel.de\/magazin\/author\/simone-nestvogel\"}]}<\/script>\n<!-- \/ Yoast SEO Premium plugin. -->","yoast_head_json":{"title":"Mutter-Kind-Kur Erfahrungsbericht und Tipps","description":"Kann jede Mama mit ihrem Kind zur Mutter-Kind-Kur? Welche Voraussetzungen es braucht und wo Du eine Kur beantragen kannst, erf\u00e4hrst Du hier.","robots":{"index":"index","follow":"follow","max-snippet":"max-snippet:-1","max-image-preview":"max-image-preview:large","max-video-preview":"max-video-preview:-1"},"canonical":"https:\/\/www.babyartikel.de\/magazin\/mutter-kind-kur","og_locale":"de_DE","og_type":"article","og_title":"Mutter-Kind-Kur - meine Erfahrungen","og_description":"Kann jede Mama mit ihrem Kind zur Mutter-Kind-Kur? Welche Voraussetzungen es braucht und wo Du eine Kur beantragen kannst, erf\u00e4hrst Du hier.","og_url":"https:\/\/www.babyartikel.de\/magazin\/mutter-kind-kur","og_site_name":"Babyartikel.de Magazin","article_author":"www.facebook.com\/mamapremiere","article_published_time":"2019-12-28T12:30:00+00:00","article_modified_time":"2022-03-27T13:52:39+00:00","og_image":[{"width":1200,"height":627,"url":"https:\/\/www.babyartikel.de\/magazin\/wp-content\/uploads\/2019\/12\/Mutter-kind-kur-beantragen.jpg","type":"image\/jpeg"}],"author":"Simone","twitter_card":"summary_large_image","twitter_creator":"@mamapremiere","twitter_misc":{"Verfasst von":"Simone","Gesch\u00e4tzte Lesezeit":"9\u00a0Minuten"},"schema":{"@context":"https:\/\/schema.org","@graph":[{"@type":"Article","@id":"https:\/\/www.babyartikel.de\/magazin\/mutter-kind-kur#article","isPartOf":{"@id":"https:\/\/www.babyartikel.de\/magazin\/mutter-kind-kur"},"author":{"name":"Simone","@id":"https:\/\/www.babyartikel.de\/magazin\/#\/schema\/person\/de23436078078f4dc28107852c8d5687"},"headline":"Mutter-Kind-Kur &#8211; meine Erfahrungen","datePublished":"2019-12-28T12:30:00+00:00","dateModified":"2022-03-27T13:52:39+00:00","mainEntityOfPage":{"@id":"https:\/\/www.babyartikel.de\/magazin\/mutter-kind-kur"},"wordCount":1634,"commentCount":2,"image":{"@id":"https:\/\/www.babyartikel.de\/magazin\/mutter-kind-kur#primaryimage"},"thumbnailUrl":"https:\/\/media.babyartikel.de\/magazin\/wp-content\/uploads\/2019\/12\/mutter-kind-kur-scaled.jpeg","keywords":["gesundheit"],"articleSection":["Leben mit Kleinkind","Mama nach der Geburt","Pflege &amp; Gesundheit"],"inLanguage":"de","potentialAction":[{"@type":"CommentAction","name":"Comment","target":["https:\/\/www.babyartikel.de\/magazin\/mutter-kind-kur#respond"]}]},{"@type":"WebPage","@id":"https:\/\/www.babyartikel.de\/magazin\/mutter-kind-kur","url":"https:\/\/www.babyartikel.de\/magazin\/mutter-kind-kur","name":"Mutter-Kind-Kur Erfahrungsbericht und Tipps","isPartOf":{"@id":"https:\/\/www.babyartikel.de\/magazin\/#website"},"primaryImageOfPage":{"@id":"https:\/\/www.babyartikel.de\/magazin\/mutter-kind-kur#primaryimage"},"image":{"@id":"https:\/\/www.babyartikel.de\/magazin\/mutter-kind-kur#primaryimage"},"thumbnailUrl":"https:\/\/media.babyartikel.de\/magazin\/wp-content\/uploads\/2019\/12\/mutter-kind-kur-scaled.jpeg","datePublished":"2019-12-28T12:30:00+00:00","dateModified":"2022-03-27T13:52:39+00:00","author":{"@id":"https:\/\/www.babyartikel.de\/magazin\/#\/schema\/person\/de23436078078f4dc28107852c8d5687"},"description":"Kann jede Mama mit ihrem Kind zur Mutter-Kind-Kur? Welche Voraussetzungen es braucht und wo Du eine Kur beantragen kannst, erf\u00e4hrst Du hier.","breadcrumb":{"@id":"https:\/\/www.babyartikel.de\/magazin\/mutter-kind-kur#breadcrumb"},"inLanguage":"de","potentialAction":[{"@type":"ReadAction","target":["https:\/\/www.babyartikel.de\/magazin\/mutter-kind-kur"]}]},{"@type":"ImageObject","inLanguage":"de","@id":"https:\/\/www.babyartikel.de\/magazin\/mutter-kind-kur#primaryimage","url":"https:\/\/media.babyartikel.de\/magazin\/wp-content\/uploads\/2019\/12\/mutter-kind-kur-scaled.jpeg","contentUrl":"https:\/\/media.babyartikel.de\/magazin\/wp-content\/uploads\/2019\/12\/mutter-kind-kur-scaled.jpeg","width":2560,"height":1707,"caption":"Mutter Kind Kur Ostsee Erholung Gesundheit Psyche Therapie Hilfe Eltern"},{"@type":"BreadcrumbList","@id":"https:\/\/www.babyartikel.de\/magazin\/mutter-kind-kur#breadcrumb","itemListElement":[{"@type":"ListItem","position":1,"name":"Startseite","item":"https:\/\/www.babyartikel.de\/magazin"},{"@type":"ListItem","position":2,"name":"Mutter-Kind-Kur &#8211; meine Erfahrungen"}]},{"@type":"WebSite","@id":"https:\/\/www.babyartikel.de\/magazin\/#website","url":"https:\/\/www.babyartikel.de\/magazin\/","name":"Babyartikel.de Magazin","description":"","potentialAction":[{"@type":"SearchAction","target":{"@type":"EntryPoint","urlTemplate":"https:\/\/www.babyartikel.de\/magazin\/?s={search_term_string}"},"query-input":{"@type":"PropertyValueSpecification","valueRequired":true,"valueName":"search_term_string"}}],"inLanguage":"de"},{"@type":"Person","@id":"https:\/\/www.babyartikel.de\/magazin\/#\/schema\/person\/de23436078078f4dc28107852c8d5687","name":"Simone","image":{"@type":"ImageObject","inLanguage":"de","@id":"https:\/\/secure.gravatar.com\/avatar\/fb3df32d53b52d8a53f13e8f1ea4b106b1b17c5e9e2c5b9960b90519c8533492?s=96&d=mm&r=g","url":"https:\/\/secure.gravatar.com\/avatar\/fb3df32d53b52d8a53f13e8f1ea4b106b1b17c5e9e2c5b9960b90519c8533492?s=96&d=mm&r=g","contentUrl":"https:\/\/secure.gravatar.com\/avatar\/fb3df32d53b52d8a53f13e8f1ea4b106b1b17c5e9e2c5b9960b90519c8533492?s=96&d=mm&r=g","caption":"Simone"},"description":"Von einer Gro\u00dfstadtliebhaberin in Bayern zur Mama \"auf'm L\u00e4ndle\"... Im Januar 2015 kam mein Sohn zur Welt, im Sommer 2016 wude geheiratet und im August 2017 machte uns ein kleines M\u00e4dchen (vorerst) komplett. Mit den dreien lebe ich in Baden-W\u00fcrttemberg und wenn ich nicht gerade mit Mann, Kind, Haushalt und meiner Arbeit besch\u00e4ftigt bin, dann blogge ich \u00fcber mein Leben als Mama :)","sameAs":["www.facebook.com\/mamapremiere","https:\/\/x.com\/mamapremiere"],"url":"https:\/\/www.babyartikel.de\/magazin\/author\/simone-nestvogel"}]}},"abstract_sku":"","_links":{"self":[{"href":"https:\/\/www.babyartikel.de\/magazin\/wp-json\/wp\/v2\/posts\/94360","targetHints":{"allow":["GET"]}}],"collection":[{"href":"https:\/\/www.babyartikel.de\/magazin\/wp-json\/wp\/v2\/posts"}],"about":[{"href":"https:\/\/www.babyartikel.de\/magazin\/wp-json\/wp\/v2\/types\/post"}],"author":[{"embeddable":true,"href":"https:\/\/www.babyartikel.de\/magazin\/wp-json\/wp\/v2\/users\/57"}],"replies":[{"embeddable":true,"href":"https:\/\/www.babyartikel.de\/magazin\/wp-json\/wp\/v2\/comments?post=94360"}],"version-history":[{"count":7,"href":"https:\/\/www.babyartikel.de\/magazin\/wp-json\/wp\/v2\/posts\/94360\/revisions"}],"predecessor-version":[{"id":855397,"href":"https:\/\/www.babyartikel.de\/magazin\/wp-json\/wp\/v2\/posts\/94360\/revisions\/855397"}],"wp:featuredmedia":[{"embeddable":true,"href":"https:\/\/www.babyartikel.de\/magazin\/wp-json\/wp\/v2\/media\/803524"}],"wp:attachment":[{"href":"https:\/\/www.babyartikel.de\/magazin\/wp-json\/wp\/v2\/media?parent=94360"}],"wp:term":[{"taxonomy":"category","embeddable":true,"href":"https:\/\/www.babyartikel.de\/magazin\/wp-json\/wp\/v2\/categories?post=94360"},{"taxonomy":"post_tag","embeddable":true,"href":"https:\/\/www.babyartikel.de\/magazin\/wp-json\/wp\/v2\/tags?post=94360"}],"curies":[{"name":"wp","href":"https:\/\/api.w.org\/{rel}","templated":true}]}}