
{"id":94364,"date":"2020-01-19T10:10:00","date_gmt":"2020-01-19T09:10:00","guid":{"rendered":"https:\/\/www.babyartikel.de\/magazin\/?p=94364"},"modified":"2024-11-14T14:02:03","modified_gmt":"2024-11-14T13:02:03","slug":"drei-einfache-ideen-fuer-den-2-geburtstag","status":"publish","type":"post","link":"https:\/\/www.babyartikel.de\/magazin\/drei-einfache-ideen-fuer-den-2-geburtstag","title":{"rendered":"Drei einfache Ideen f\u00fcr den 2. Geburtstag"},"content":{"rendered":"<p>Der 2. Geburtstag Deines Kindes steht bevor und Du wei&szlig;t nicht so recht, wie Ihr ihn feiern sollt? Ich habe <strong>drei tolle Ideen<\/strong> und verrate Dir zus&auml;tzlich noch, worauf Du achten musst, welche Geschenke geeignet sind und welche <strong>Tipps<\/strong> Du ber&uuml;cksichtigen solltest, damit einer entspannten Geburtstagsfeier nichts im Wege steht. Au&szlig;erdem verraten wir Dir den angesagtesten <strong>Party-Trend zum 2. Geburtstag<\/strong>. <div id=\"ez-toc-container\" class=\"ez-toc-v2_0_82_2 counter-flat ez-toc-counter ez-toc-white ez-toc-container-direction\">\n<div class=\"ez-toc-title-container\">\n<p class=\"ez-toc-title\" style=\"cursor:inherit\">Inhaltsverzeichnis<\/p>\n<span class=\"ez-toc-title-toggle\"><a href=\"#\" class=\"ez-toc-pull-right ez-toc-btn ez-toc-btn-xs ez-toc-btn-default ez-toc-toggle\" aria-label=\"Toggle Table of Content\"><span class=\"ez-toc-js-icon-con\"><span class=\"\"><span class=\"eztoc-hide\" style=\"display:none;\">Toggle<\/span><span class=\"ez-toc-icon-toggle-span\"><svg style=\"fill: #999;color:#999\" xmlns=\"http:\/\/www.w3.org\/2000\/svg\" class=\"list-377408\" width=\"20px\" height=\"20px\" viewBox=\"0 0 24 24\" fill=\"none\"><path d=\"M6 6H4v2h2V6zm14 0H8v2h12V6zM4 11h2v2H4v-2zm16 0H8v2h12v-2zM4 16h2v2H4v-2zm16 0H8v2h12v-2z\" fill=\"currentColor\"><\/path><\/svg><svg style=\"fill: #999;color:#999\" class=\"arrow-unsorted-368013\" xmlns=\"http:\/\/www.w3.org\/2000\/svg\" width=\"10px\" height=\"10px\" viewBox=\"0 0 24 24\" version=\"1.2\" baseProfile=\"tiny\"><path d=\"M18.2 9.3l-6.2-6.3-6.2 6.3c-.2.2-.3.4-.3.7s.1.5.3.7c.2.2.4.3.7.3h11c.3 0 .5-.1.7-.3.2-.2.3-.5.3-.7s-.1-.5-.3-.7zM5.8 14.7l6.2 6.3 6.2-6.3c.2-.2.3-.5.3-.7s-.1-.5-.3-.7c-.2-.2-.4-.3-.7-.3h-11c-.3 0-.5.1-.7.3-.2.2-.3.5-.3.7s.1.5.3.7z\"\/><\/svg><\/span><\/span><\/span><\/a><\/span><\/div>\n<nav><ul class='ez-toc-list ez-toc-list-level-1 ' ><li class='ez-toc-page-1'><a class=\"ez-toc-link ez-toc-heading-1\" href=\"https:\/\/www.babyartikel.de\/magazin\/drei-einfache-ideen-fuer-den-2-geburtstag\/#Ist_ein_Zweijaehriges_schon_bereit_fuer_eine_Geburtstagsparty\" >Ist ein Zweij&auml;hriges schon bereit f&uuml;r eine Geburtstagsparty?<\/a><\/li><li class='ez-toc-page-1'><a class=\"ez-toc-link ez-toc-heading-2\" href=\"https:\/\/www.babyartikel.de\/magazin\/drei-einfache-ideen-fuer-den-2-geburtstag\/#Ideen_fuer_eine_Party_zum_2_Geburtstag\" >Ideen f&uuml;r eine Party zum 2. Geburtstag<\/a><\/li><li class='ez-toc-page-1'><a class=\"ez-toc-link ez-toc-heading-3\" href=\"https:\/\/www.babyartikel.de\/magazin\/drei-einfache-ideen-fuer-den-2-geburtstag\/#Wie_viele_Gaeste_soll_ich_einladen\" >Wie viele G&auml;ste soll ich einladen?<\/a><\/li><li class='ez-toc-page-1'><a class=\"ez-toc-link ez-toc-heading-4\" href=\"https:\/\/www.babyartikel.de\/magazin\/drei-einfache-ideen-fuer-den-2-geburtstag\/#Welches_Essen_ist_fuer_einen_Kindergeburtstag_geeignet\" >Welches Essen ist f&uuml;r einen Kindergeburtstag geeignet?<\/a><\/li><li class='ez-toc-page-1'><a class=\"ez-toc-link ez-toc-heading-5\" href=\"https:\/\/www.babyartikel.de\/magazin\/drei-einfache-ideen-fuer-den-2-geburtstag\/#Weitere_Tipps_fuer_eine_Geburtstagsfeier_mit_Zweijaehrigen\" >Weitere Tipps f&uuml;r eine Geburtstagsfeier mit Zweij&auml;hrigen<\/a><\/li><li class='ez-toc-page-1'><a class=\"ez-toc-link ez-toc-heading-6\" href=\"https:\/\/www.babyartikel.de\/magazin\/drei-einfache-ideen-fuer-den-2-geburtstag\/#Fazit\" >Fazit<\/a><\/li><\/ul><\/nav><\/div>\n<h2 class=\"wp-block-heading\" id=\"h-ist-ein-zweijahriges-schon-bereit-fur-eine-geburtstagsparty\"><span class=\"ez-toc-section\" id=\"Ist_ein_Zweijaehriges_schon_bereit_fuer_eine_Geburtstagsparty\"><\/span>Ist ein Zweij&auml;hriges schon bereit f&uuml;r eine Geburtstagsparty?<span class=\"ez-toc-section-end\"><\/span><\/h2><p>Tats&auml;chlich befindet sich Dein Kind gerade in einem <strong>schwierigen Alter<\/strong>. Es kann noch v&ouml;llig anh&auml;nglich sein und legt beim Spielen noch nicht unbedingt Wert auf die Gesellschaft anderer Kinder. Soziale Kompetenzen sind oft noch nicht vorhanden und es kann sein Verhalten noch nicht ganz einordnen. So kann es also passieren, dass es sich auf der Geburtstagsfeier anderen Kindern gegen&uuml;ber b&ouml;se verh&auml;lt, was Dir dann unangenehm ist. Das ist in dem Alter aber v&ouml;llig normal und <strong>sollte bei der Planung ber&uuml;cksichtigt werden<\/strong>. &Uuml;berlege deshalb, in welchem Kreise Ihr den 2. Geburtstag Eures Kindes lieber feiern m&ouml;chtet: unter<strong> Familie und Freunden<\/strong> und deren Kindern oder soll es ein richtiger <strong>Kindergeburtstag<\/strong> werden?<\/p><h2 class=\"wp-block-heading\" id=\"h-ideen-fur-eine-party-zum-2-geburtstag\"><span class=\"ez-toc-section\" id=\"Ideen_fuer_eine_Party_zum_2_Geburtstag\"><\/span>Ideen f&uuml;r eine Party zum 2. Geburtstag<span class=\"ez-toc-section-end\"><\/span><\/h2><h3 class=\"wp-block-heading\" id=\"h-mottoparty\">Mottoparty<\/h3><p>Unser Leben wird von Bildern in Social Media bestimmt und oft m&ouml;chte man gerne Teil davon sein bzw. das machen, was gerade angesagt ist. Der Geburtstag von Kindern wird gerne so gro&szlig; wie eine Hochzeit gefeiert, an Deko wird nicht gespart und an Fotos erst recht nicht. Wenn Du Bilder siehst, wird Dir auffallen, dass ganz oft <strong>Mottopartys<\/strong> stattfinden. Je nachdem, was das Kind am liebsten mag, ist das Thema beispielsweise <strong>&bdquo;Prinzessin&ldquo;<\/strong> oder <strong>&bdquo;Dinosaurier&ldquo;<\/strong>, aber auch andere Tierarten und Filmcharaktere stehen hoch im Kurs. Passende <strong>Deko- und Partypakete<\/strong> werden im Internet angeboten und auch <strong>Kuchen und Torten<\/strong> kann man danach anfertigen lassen. Wer m&ouml;chte, weist in seinen Einladungen auf <strong>Verkleidungen<\/strong> hin.<\/p><div class=\"marketing-slot\"><div id=\"block-18\" class=\"content-post-widget marketing-slot-1 widget_block\"><a href=\"#\" class=\"newsletter_popup\" style=\"\n  display: inline-block;\n  box-shadow: 0 4px 10px rgba(0,0,0,0.1);\n  margin: 20px auto;\n  max-width: 800px;\n  width: 100%;\">\n  <img src=\"https:\/\/media.babyartikel.de\/magazin\/wp-content\/uploads\/2025\/08\/NL-Banner-Magazin-8-25.webp\" alt=\"Newsletter Banner\" style=\"\n    width: 100%;\n    height: auto;\n    display: block;\" onclick=\"ga('send', 'event', 'banner', 'click', 'magazin-banner-newsletter-8-25');\">\n<\/a>\n\n\t<!-- Modal -->\n\t<div class=\"modal fade modal_popup\" id=\"newsletter_popup\" tabindex=\"-1\" aria-labelledby=\"exampleModalLabel\" aria-hidden=\"true\">\n\t\t<div class=\"modal-dialog modal-dialog-centered modal-dialog-scrollable\">\n\t\t\t<div class=\"modal-content\">\n\t\t\t\t<div class=\"modal-header small-header\">\n\t\t\t\t\t<h5 class=\"modal-title\" id=\"newsletterModalLabel\">\n\t\t\t\t\t\tNewsletter\t\t\t\t\t<\/h5>\n\t\t\t\t\t<button type=\"button\" class=\"btn-close small-close\" data-bs-dismiss=\"modal\" aria-label=\"Close\"><\/button>\n\t\t\t\t<\/div>\n\n\t\t\t\t<div class=\"modal-body\">\n\t\t\t\t\t\t<div class=\"newsletterForm-embed popup-form\">\n        <form name=\"newsletterSubscriptionForm\" id=\"newsletter_popup_69f0e44d84e8b_form\" data-newsletter-id=\"newsletter_popup_69f0e44d84e8b\" method=\"POST\">\n\n\t\t\t<input type=\"text\" name=\"website\" class=\"hidden\" tabindex=\"-1\" autocomplete=\"off\" style=\"position:absolute;left:-9999px;\">\n\t\t\t<input type=\"hidden\" name=\"ts\" value=\"1777394765\">\n\n\t\t\t                <input type=\"hidden\" name=\"emarsys-event-id\" value=\"3756\">\n            \n            \t\t\t<div class=\"mb-3\">\n\t\t\t\t<label for=\"date\" class=\"form-label\">Geburtstag\/ -termin Deines Babys<\/label>\n                <input type=\"date\" name=\"date\" class=\"input input--expand form-control\" required>\n\t\t\t<\/div>\n            \n\t\t\t<div class=\"mb-3\">\n\t\t\t\t<label for=\"email\" class=\"form-label\">E-Mail-Adresse<\/label>\n\t\t\t\t<input type=\"email\" name=\"email\" placeholder=\"E-Mail-Adresse\" class=\"input input--expand form-control\" required>\n\t\t\t<\/div>\n\n\t\t\t\t\t\t\t<button type=\"submit\" class=\"btn btn-primary\">Absenden<\/button>\n\t\t\t\n\t\t\t\t\t\t\t<div class=\"small mt-3\" style=\"font-weight:normal;\">\n\t\t\t\t\t\n\t\t\t<div class=\"mt-3\">\n\t\t\t\tJa, ich m&ouml;chte den Newsletter von Babyartikel.de erhalten und &uuml;ber Aktionen informiert werden.\n  Dabei darf mein Nutzungsverhalten (z. B. &Ouml;ffnungen und Klicks) zur Personalisierung ausgewertet werden.\n  Mehr finde ich in der <a href=\"\/de\/datenschutz\" style=\"text-decoration:underline\">Datenschutzerkl&auml;rung<\/a>.\n\t\t\t<\/div>\n\t\t\t\t\t\t<\/div>\n\t\t\t\n\t\t\t\t\t\t\t<div class=\"small mb-3 mt-3\" style=\"font-weight:normal;\">\n\t\t\t\t\tJederzeit abbestellbar | <a href=\"\/de\/datenschutz\" style=\"text-decoration:underline\">\n\t\t\t\t\t\tDatenschutzerkl&auml;rung\n\t\t\t\t\t<\/a>\n\t\t\t\t<\/div>\n\t\t\t\n        <\/form>\n    <\/div>\n\t\n\t\t\t\t\t<div class=\"response-messages_newsletter_popup_69f0e44d84e8b\">\n\t\t\t\t\t\t<div class=\"alert alert-success success mt-3 mb-3 d-none\">\n\t\t\t\t\t\t\tNur noch ein Klick! Best&auml;tige Deine Anmeldung in der E-Mail, die du gleich erh&auml;ltst.\t\t\t\t\t\t<\/div>\n\t\t\t\t\t\t<div class=\"error mt-3 mb-3 d-none\">\n\t\t\t\t\t\t\t<div class=\"alert alert-danger \">\n\t\t\t\t\t\t\t\tEin Fehler ist aufgetreten. Bitte versuche es sp&auml;ter erneut.\t\t\t\t\t\t\t<\/div>\n\t\t\t\t\t\t<\/div>\n\t\t\t\t\t\t<div class=\"alert alert-danger other-2007 mt-3 mb-3 d-none\">\n\t\t\t\t\t\t\tUng&Atilde;&frac14;ltiges Datumsformat\t\t\t\t\t\t<\/div>\n\t\t\t\t\t<\/div>\n\t\t\t\t<\/div>\n\t\t\t<\/div>\n\t\t<\/div>\n\t<\/div>\n\n\t<\/div><!-- content-widget --><\/div><h3 class=\"wp-block-heading\" id=\"h-two-the-moon-der-trend-im-jahr-2020\">Two the moon &ndash; DER Trend im Jahr 2020<\/h3><p>Im Jahr 2020 feiert man den zweiten Geburtstag des Kindes unter dem Wortspiel-Motto &bdquo;<strong>Two the moon<\/strong>&bdquo;. Hier richtet sich die Deko komplett nach allem, was mit dem Mond, dem Weltall und Astronauten zu tun hat. Organisiere hierf&uuml;r einen Mond-Luftballon, backe Kekse in Form von Raketen, Planeten und Sternen und dekoriere in den Farben Schwarz, Silber und Gold. Je nach Geschlecht kannst Du nat&uuml;rlich noch blau oder rosa mit einbauen. Inspirationen findest Du auf Pinterest und <a rel=\"noreferrer noopener\" aria-label=\"Instagram (opens in a new tab)\" href=\"https:\/\/www.instagram.com\/explore\/tags\/twothemoon\/\" target=\"_blank\">Instagram<\/a> unter #twothemoon<\/p><h3 class=\"wp-block-heading\" id=\"h-feiern-in-einer-besonderen-location\">Feiern in einer besonderen Location<\/h3><p>Wer sich zu Hause die Arbeit nicht machen m&ouml;chte, kann auch in einer <strong>kindergeeigneten Location<\/strong> feiern. Am besten eignen sich hierf&uuml;r <strong>Indoor-Spielpl&auml;tze<\/strong>. Diese bieten Geburtstagspakete inklusive Deko, Kuchen bis hin zum Abendessen an und die Kinder k&ouml;nnen frei spielen und toben. Solltest Du Dich f&uuml;r diesen Ort entscheiden, gehe sicher, dass einige Mamas oder Papas der anderen Kinder vor Ort bleiben und Dir helfen. Eine gro&szlig;e Gruppe an kleinen Kindern kann schnell stressig werden. In diesem Alter ist es aber in der Regel so, dass Kinder noch nicht alleine irgendwo bleiben. Eine Alternative ist vielleicht ein <strong>M&uuml;ttertreff oder -caf&eacute;<\/strong>. Hier ist oft Platz f&uuml;r alle und genug Spielzeug vorhanden.<\/p><div class=\"postslot1\">[articles]<link rel=\"stylesheet\" href=\"https:\/\/cdn.jsdelivr.net\/npm\/swiper@8\/swiper-bundle.min.css\"><\/div><div class=\"marketing-slot\"><div id=\"block-25\" class=\"content-post-widget marketing-slot-2 widget_block\"><a href=\"https:\/\/www.babyartikel.de\/de\/angebote\" data-track-link-click=\"true\" data-track-name=\"nyoutlet2026-magazin\" data-track-medium=\"banner-magazin-post\" data-track-campaign=\"magazin-banner-nyoutlet2026\" onclick=\"ga('send', 'event', 'banner', 'click', 'magazin-banner-nyoutlet2026');\" style=\"display:block;width:100%;text-align:center;\"><img src=\"https:\/\/media.babyartikel.de\/magazin\/wp-content\/uploads\/2026\/01\/NY-Outlet-10-2026.webp\" alt=\"Sale\" style=\"max-width:100%;\"><\/a><\/div><!-- content-widget --><\/div><h3 class=\"wp-block-heading\" id=\"h-gartenparty\">Gartenparty<\/h3><p>Das Wetter ist gut und Ihr habt einen Garten? Dann nichts wie raus. Baue ein kleines <strong><a aria-label=\"Planschbecken (opens in a new tab)\" href=\"https:\/\/www.babyartikel.de\/cat\/planschbecken\" target=\"_blank\" rel=\"noreferrer noopener\">Planschbecken<\/a><\/strong> auf (immer unter Aufsicht!), stelle <strong><a href=\"https:\/\/www.babyartikel.de\/cat\/outdoorspielzeug\" target=\"_blank\" rel=\"noreferrer noopener\">Spielger&auml;te<\/a><\/strong> bereit, &ouml;ffne den <strong><a aria-label=\"Sandkasten (opens in a new tab)\" href=\"https:\/\/www.babyartikel.de\/cat\/sandkaesten\" target=\"_blank\" rel=\"noreferrer noopener\">Sandkasten<\/a><\/strong> und sorge f&uuml;r gen&uuml;gend Sitzm&ouml;glichkeiten f&uuml;r die erwachsenen G&auml;ste. Kinder lieben es, sich frei zu bewegen und zu spielen und dabei Mama und Papa im Auge zu haben. Bedenke jedoch, in der Einladung auf <a href=\"https:\/\/www.babyartikel.de\/cat\/baby-bademode\"><strong>Bade-<\/strong> bzw. <strong>Wechselkleidung<\/strong><\/a> hinzuweisen.<\/p><h2 class=\"wp-block-heading\" id=\"h-wie-viele-gaste-soll-ich-einladen\"><span class=\"ez-toc-section\" id=\"Wie_viele_Gaeste_soll_ich_einladen\"><\/span>Wie viele G&auml;ste soll ich einladen?<span class=\"ez-toc-section-end\"><\/span><\/h2><p>Eine Faustregel besagt, <strong>pro Lebensjahr ein Gast<\/strong>. Bei zwei Jahren also zwei G&auml;ste. Das macht jedoch wenig Sinn und Du solltest das nicht so genau nehmen. Es spricht nichts gegen bekannte Kinder aus der Krippe, dem Freundeskreis oder der Nachbarschaft. Es sollten jedoch <strong>nicht zu viele<\/strong> sein, denn das &uuml;berfordert Dein Kind. Bedenke, dass es im Umgang mit anderen Kindern noch nicht sicher ist.<\/p><h2 class=\"wp-block-heading\" id=\"h-welches-essen-ist-fur-einen-kindergeburtstag-geeignet\"><span class=\"ez-toc-section\" id=\"Welches_Essen_ist_fuer_einen_Kindergeburtstag_geeignet\"><\/span>Welches Essen ist f&uuml;r einen Kindergeburtstag geeignet?<span class=\"ez-toc-section-end\"><\/span><\/h2><p>Wichtig f&uuml;r einen Kindergeburtstag sind <strong>mundgerechte St&uuml;cke<\/strong> bzw. <strong>portioniertes Essen<\/strong>. Kinder lieben es zudem, wenn das Essen <strong>bunt<\/strong> und <strong>vielf&auml;ltig<\/strong> ist. Biete Gem&uuml;stesticks, Minipizzen oder W&uuml;rstchen an. Als Snack zwischendurch eignen sich <strong>Obst<\/strong> oder kleine <strong>Kindersnacks<\/strong>. Wenn Du einen <strong>Kuchen <\/strong>machst, sollte er trocken sein, da er sich im Gegensatz zu sahnigen Torten besser f&uuml;r Kinderh&auml;nde eignet. Soll es dennoch ein leckerer Carrot Cake werden, haben wir <a aria-label=\"hier ein tolles Rezept (opens in a new tab)\" href=\"https:\/\/www.babyartikel.de\/magazin\/rezept-zuckerfreier-carrot-cake-zum-kindergeburtstag\" target=\"_blank\" rel=\"noreferrer noopener\">hier ein tolles Rezept<\/a> ohne Zucker f&uuml;r 2-J&auml;hrige. Benutze au&szlig;erdem unzerbrechliches <a href=\"https:\/\/www.babyartikel.de\/cat\/kinderteller-breischalen\" target=\"_blank\" rel=\"noreferrer noopener\">Kindergeschirr<\/a> und verschlie&szlig;bare bzw. auslaufsichere Trinkbecher, um gr&ouml;&szlig;ere Katastrophen zu vermeiden.<\/p><h2 class=\"wp-block-heading\" id=\"h-weitere-tipps-fur-eine-geburtstagsfeier-mit-zweijahrigen\"><span class=\"ez-toc-section\" id=\"Weitere_Tipps_fuer_eine_Geburtstagsfeier_mit_Zweijaehrigen\"><\/span>Weitere Tipps f&uuml;r eine Geburtstagsfeier mit Zweij&auml;hrigen<span class=\"ez-toc-section-end\"><\/span><\/h2><ul class=\"wp-block-list\">\n<li>ber&uuml;cksichtige bei der Zeitplanung, dass Kinder in diesem Alter noch einen <strong>Mittagsschlaf <\/strong>machen<\/li>\n\n\n\n<li>plane <strong>Spiele <\/strong>wie Verkleiden, Topfschlagen oder Tanz ein und <strong>belohne <\/strong>alle Kinder gleich<\/li>\n\n\n\n<li><strong>Gastgeschenke<\/strong>, sogennante Give-aways, werden gerne angenommen und k&ouml;nnen nach der Party mitgegeben werden, zum Beispiel kleine Malb&uuml;cher, S&uuml;&szlig;es und kleines Spielzeug<\/li>\n\n\n\n<li>sprich <strong>Geschenkw&uuml;nsche <\/strong>rechtzeitig an<\/li>\n\n\n\n<li>halte <strong>Wechselkleidung <\/strong>bereit, falls bei den kleinen G&auml;sten etwas daneben geht<\/li>\n\n\n\n<li>stelle <strong>Essen <\/strong>erst zum Esszeitpunkt auf den Tisch und r&auml;ume danach gleich wieder ab, so essen alle gleichzeitig<\/li>\n\n\n\n<li><strong>halte den Geburtstag kurz<\/strong>, denn je l&auml;nger er dauert, umso quengeliger werden die Kinder<\/li>\n<\/ul><h2 class=\"wp-block-heading\" id=\"h-fazit\"><span class=\"ez-toc-section\" id=\"Fazit\"><\/span>Fazit<span class=\"ez-toc-section-end\"><\/span><\/h2><p>Du siehst, man kann den 2. Geburtstag einfach halten oder eine riesen Party schmei&szlig;en. Wichtig ist, dass <strong>Dein Kind im Mittelpunkt steht<\/strong> und Ihr das macht, worauf es Lust hat &ndash; nat&uuml;rlich auch, was zu Eurem Budget passt. Mit zwei Jahren war meine Tochter gl&uuml;cklich &uuml;ber ihren Minnie Maus-Kuchen und ein paar Luftballons. Das Geschenke Aufrei&szlig;en stand hoch im Kurs und die wichtigsten Menschen waren da. <strong>F&uuml;r einen sch&ouml;nen Geburtstag braucht es in diesem Alter wirklich noch nicht viel.<\/strong> Mit drei Jahren kann man dann einen coolen Kindergeburtstag feiern, den das Kind auch selbst mitgestalten kann.<\/p><p><em>Plant Ihr gerade den 2. Geburtstag Eures Lieblings oder habt Ihr ihn bereits gefeiert? Habt Ihr noch ein paar sch&ouml;ne Ideen oder Tipps, die Ihr mit uns in den Kommentaren teilen wollt? <\/em><\/p><div class=\"credits-overlay\" data-target=\".wp-image-803958\"><a href=\"#\" target=\"_blank\">&copy; Syda Productions &ndash; stock.adobe.com<\/a><\/div><\/p>\n","protected":false},"excerpt":{"rendered":"<p>Der 2. Geburtstag Deines Kindes steht bevor und Du wei&szlig;t nicht so recht, wie Ihr ihn feiern sollt? Ich habe drei tolle Ideen und verrate Dir zus&auml;tzlich noch, worauf Du achten musst, welche Geschenke geeignet sind und welche Tipps Du ber&uuml;cksichtigen solltest, damit einer entspannten Geburtstagsfeier nichts im Wege steht. Au&szlig;erdem verraten wir Dir den [&#8230;]<\/p>\n<p><a class=\"btn btn-secondary understrap-read-more-link\" href=\"https:\/\/www.babyartikel.de\/magazin\/drei-einfache-ideen-fuer-den-2-geburtstag\">Weiterlesen&#8230;<\/a><\/p>\n","protected":false},"author":57,"featured_media":803958,"comment_status":"open","ping_status":"closed","sticky":false,"template":"","format":"standard","meta":{"_acf_changed":false,"footnotes":""},"categories":[1430,2824],"tags":[3339,3411],"class_list":["post-94364","post","type-post","status-publish","format-standard","has-post-thumbnail","hentry","category-kleinkind","category-entwicklung-kleinkind","tag-alltag-mit-kleinkind","tag-tipps"],"acf":[],"yoast_head":"<!-- This site is optimized with the Yoast SEO Premium plugin v27.2 (Yoast SEO v27.2) - https:\/\/yoast.com\/product\/yoast-seo-premium-wordpress\/ -->\n<title>3 einfache und sch\u00f6ne Ideen f\u00fcr den 2. Geburtstag Deines Kindes<\/title>\n<meta name=\"description\" content=\"Ideen &amp; Tipps f\u00fcr den 2. Geburtstag: Partymotto \u2713 G\u00e4ste \u2713 Location \u2713 und DER Trend 2020: \u2605 &quot;Two the Moon&quot; \u2605\" \/>\n<meta name=\"robots\" content=\"index, follow, max-snippet:-1, max-image-preview:large, max-video-preview:-1\" \/>\n<link rel=\"canonical\" href=\"https:\/\/www.babyartikel.de\/magazin\/drei-einfache-ideen-fuer-den-2-geburtstag\" \/>\n<meta property=\"og:locale\" content=\"de_DE\" \/>\n<meta property=\"og:type\" content=\"article\" \/>\n<meta property=\"og:title\" content=\"Drei einfache Ideen f\u00fcr den 2. Geburtstag\" \/>\n<meta property=\"og:description\" content=\"Ideen &amp; Tipps f\u00fcr den 2. Geburtstag: Partymotto \u2713 G\u00e4ste \u2713 Location \u2713 und DER Trend 2020: \u2605 &quot;Two the Moon&quot; \u2605\" \/>\n<meta property=\"og:url\" content=\"https:\/\/www.babyartikel.de\/magazin\/drei-einfache-ideen-fuer-den-2-geburtstag\" \/>\n<meta property=\"og:site_name\" content=\"Babyartikel.de Magazin\" \/>\n<meta property=\"article:author\" content=\"www.facebook.com\/mamapremiere\" \/>\n<meta property=\"article:published_time\" content=\"2020-01-19T09:10:00+00:00\" \/>\n<meta property=\"article:modified_time\" content=\"2024-11-14T13:02:03+00:00\" \/>\n<meta property=\"og:image\" content=\"https:\/\/cdn.magazin.babyartikel.de\/magazin\/wp-content\/uploads\/2020\/01\/ideen-2.jpg\" \/>\n\t<meta property=\"og:image:width\" content=\"1200\" \/>\n\t<meta property=\"og:image:height\" content=\"627\" \/>\n\t<meta property=\"og:image:type\" content=\"image\/jpeg\" \/>\n<meta name=\"author\" content=\"Simone\" \/>\n<meta name=\"twitter:card\" content=\"summary_large_image\" \/>\n<meta name=\"twitter:creator\" content=\"@mamapremiere\" \/>\n<meta name=\"twitter:label1\" content=\"Verfasst von\" \/>\n\t<meta name=\"twitter:data1\" content=\"Simone\" \/>\n\t<meta name=\"twitter:label2\" content=\"Gesch\u00e4tzte Lesezeit\" \/>\n\t<meta name=\"twitter:data2\" content=\"6\u00a0Minuten\" \/>\n<script type=\"application\/ld+json\" class=\"yoast-schema-graph\">{\"@context\":\"https:\/\/schema.org\",\"@graph\":[{\"@type\":\"Article\",\"@id\":\"https:\/\/www.babyartikel.de\/magazin\/drei-einfache-ideen-fuer-den-2-geburtstag#article\",\"isPartOf\":{\"@id\":\"https:\/\/www.babyartikel.de\/magazin\/drei-einfache-ideen-fuer-den-2-geburtstag\"},\"author\":{\"name\":\"Simone\",\"@id\":\"https:\/\/www.babyartikel.de\/magazin\/#\/schema\/person\/de23436078078f4dc28107852c8d5687\"},\"headline\":\"Drei einfache Ideen f\u00fcr den 2. Geburtstag\",\"datePublished\":\"2020-01-19T09:10:00+00:00\",\"dateModified\":\"2024-11-14T13:02:03+00:00\",\"mainEntityOfPage\":{\"@id\":\"https:\/\/www.babyartikel.de\/magazin\/drei-einfache-ideen-fuer-den-2-geburtstag\"},\"wordCount\":1024,\"commentCount\":0,\"image\":{\"@id\":\"https:\/\/www.babyartikel.de\/magazin\/drei-einfache-ideen-fuer-den-2-geburtstag#primaryimage\"},\"thumbnailUrl\":\"https:\/\/media.babyartikel.de\/magazin\/wp-content\/uploads\/2020\/01\/2-geburtstag-kleinkind-party-ideen-scaled.jpeg\",\"keywords\":[\"alltag mit kleinkind\",\"tipps\"],\"articleSection\":[\"Kleinkind\",\"Leben mit Kleinkind\"],\"inLanguage\":\"de\",\"potentialAction\":[{\"@type\":\"CommentAction\",\"name\":\"Comment\",\"target\":[\"https:\/\/www.babyartikel.de\/magazin\/drei-einfache-ideen-fuer-den-2-geburtstag#respond\"]}]},{\"@type\":\"WebPage\",\"@id\":\"https:\/\/www.babyartikel.de\/magazin\/drei-einfache-ideen-fuer-den-2-geburtstag\",\"url\":\"https:\/\/www.babyartikel.de\/magazin\/drei-einfache-ideen-fuer-den-2-geburtstag\",\"name\":\"3 einfache und sch\u00f6ne Ideen f\u00fcr den 2. Geburtstag Deines Kindes\",\"isPartOf\":{\"@id\":\"https:\/\/www.babyartikel.de\/magazin\/#website\"},\"primaryImageOfPage\":{\"@id\":\"https:\/\/www.babyartikel.de\/magazin\/drei-einfache-ideen-fuer-den-2-geburtstag#primaryimage\"},\"image\":{\"@id\":\"https:\/\/www.babyartikel.de\/magazin\/drei-einfache-ideen-fuer-den-2-geburtstag#primaryimage\"},\"thumbnailUrl\":\"https:\/\/media.babyartikel.de\/magazin\/wp-content\/uploads\/2020\/01\/2-geburtstag-kleinkind-party-ideen-scaled.jpeg\",\"datePublished\":\"2020-01-19T09:10:00+00:00\",\"dateModified\":\"2024-11-14T13:02:03+00:00\",\"author\":{\"@id\":\"https:\/\/www.babyartikel.de\/magazin\/#\/schema\/person\/de23436078078f4dc28107852c8d5687\"},\"description\":\"Ideen & Tipps f\u00fcr den 2. Geburtstag: Partymotto \u2713 G\u00e4ste \u2713 Location \u2713 und DER Trend 2020: \u2605 \\\"Two the Moon\\\" \u2605\",\"breadcrumb\":{\"@id\":\"https:\/\/www.babyartikel.de\/magazin\/drei-einfache-ideen-fuer-den-2-geburtstag#breadcrumb\"},\"inLanguage\":\"de\",\"potentialAction\":[{\"@type\":\"ReadAction\",\"target\":[\"https:\/\/www.babyartikel.de\/magazin\/drei-einfache-ideen-fuer-den-2-geburtstag\"]}]},{\"@type\":\"ImageObject\",\"inLanguage\":\"de\",\"@id\":\"https:\/\/www.babyartikel.de\/magazin\/drei-einfache-ideen-fuer-den-2-geburtstag#primaryimage\",\"url\":\"https:\/\/media.babyartikel.de\/magazin\/wp-content\/uploads\/2020\/01\/2-geburtstag-kleinkind-party-ideen-scaled.jpeg\",\"contentUrl\":\"https:\/\/media.babyartikel.de\/magazin\/wp-content\/uploads\/2020\/01\/2-geburtstag-kleinkind-party-ideen-scaled.jpeg\",\"width\":2560,\"height\":1707,\"caption\":\"2. Geburtstag feiern Ideen Motto Location\"},{\"@type\":\"BreadcrumbList\",\"@id\":\"https:\/\/www.babyartikel.de\/magazin\/drei-einfache-ideen-fuer-den-2-geburtstag#breadcrumb\",\"itemListElement\":[{\"@type\":\"ListItem\",\"position\":1,\"name\":\"Startseite\",\"item\":\"https:\/\/www.babyartikel.de\/magazin\"},{\"@type\":\"ListItem\",\"position\":2,\"name\":\"Drei einfache Ideen f\u00fcr den 2. Geburtstag\"}]},{\"@type\":\"WebSite\",\"@id\":\"https:\/\/www.babyartikel.de\/magazin\/#website\",\"url\":\"https:\/\/www.babyartikel.de\/magazin\/\",\"name\":\"Babyartikel.de Magazin\",\"description\":\"\",\"potentialAction\":[{\"@type\":\"SearchAction\",\"target\":{\"@type\":\"EntryPoint\",\"urlTemplate\":\"https:\/\/www.babyartikel.de\/magazin\/?s={search_term_string}\"},\"query-input\":{\"@type\":\"PropertyValueSpecification\",\"valueRequired\":true,\"valueName\":\"search_term_string\"}}],\"inLanguage\":\"de\"},{\"@type\":\"Person\",\"@id\":\"https:\/\/www.babyartikel.de\/magazin\/#\/schema\/person\/de23436078078f4dc28107852c8d5687\",\"name\":\"Simone\",\"image\":{\"@type\":\"ImageObject\",\"inLanguage\":\"de\",\"@id\":\"https:\/\/secure.gravatar.com\/avatar\/fb3df32d53b52d8a53f13e8f1ea4b106b1b17c5e9e2c5b9960b90519c8533492?s=96&d=mm&r=g\",\"url\":\"https:\/\/secure.gravatar.com\/avatar\/fb3df32d53b52d8a53f13e8f1ea4b106b1b17c5e9e2c5b9960b90519c8533492?s=96&d=mm&r=g\",\"contentUrl\":\"https:\/\/secure.gravatar.com\/avatar\/fb3df32d53b52d8a53f13e8f1ea4b106b1b17c5e9e2c5b9960b90519c8533492?s=96&d=mm&r=g\",\"caption\":\"Simone\"},\"description\":\"Von einer Gro\u00dfstadtliebhaberin in Bayern zur Mama \\\"auf'm L\u00e4ndle\\\"... Im Januar 2015 kam mein Sohn zur Welt, im Sommer 2016 wude geheiratet und im August 2017 machte uns ein kleines M\u00e4dchen (vorerst) komplett. Mit den dreien lebe ich in Baden-W\u00fcrttemberg und wenn ich nicht gerade mit Mann, Kind, Haushalt und meiner Arbeit besch\u00e4ftigt bin, dann blogge ich \u00fcber mein Leben als Mama :)\",\"sameAs\":[\"www.facebook.com\/mamapremiere\",\"https:\/\/x.com\/mamapremiere\"],\"url\":\"https:\/\/www.babyartikel.de\/magazin\/author\/simone-nestvogel\"}]}<\/script>\n<!-- \/ Yoast SEO Premium plugin. -->","yoast_head_json":{"title":"3 einfache und sch\u00f6ne Ideen f\u00fcr den 2. Geburtstag Deines Kindes","description":"Ideen & Tipps f\u00fcr den 2. Geburtstag: Partymotto \u2713 G\u00e4ste \u2713 Location \u2713 und DER Trend 2020: \u2605 \"Two the Moon\" \u2605","robots":{"index":"index","follow":"follow","max-snippet":"max-snippet:-1","max-image-preview":"max-image-preview:large","max-video-preview":"max-video-preview:-1"},"canonical":"https:\/\/www.babyartikel.de\/magazin\/drei-einfache-ideen-fuer-den-2-geburtstag","og_locale":"de_DE","og_type":"article","og_title":"Drei einfache Ideen f\u00fcr den 2. Geburtstag","og_description":"Ideen & Tipps f\u00fcr den 2. Geburtstag: Partymotto \u2713 G\u00e4ste \u2713 Location \u2713 und DER Trend 2020: \u2605 \"Two the Moon\" \u2605","og_url":"https:\/\/www.babyartikel.de\/magazin\/drei-einfache-ideen-fuer-den-2-geburtstag","og_site_name":"Babyartikel.de Magazin","article_author":"www.facebook.com\/mamapremiere","article_published_time":"2020-01-19T09:10:00+00:00","article_modified_time":"2024-11-14T13:02:03+00:00","og_image":[{"width":1200,"height":627,"url":"https:\/\/cdn.magazin.babyartikel.de\/magazin\/wp-content\/uploads\/2020\/01\/ideen-2.jpg","type":"image\/jpeg"}],"author":"Simone","twitter_card":"summary_large_image","twitter_creator":"@mamapremiere","twitter_misc":{"Verfasst von":"Simone","Gesch\u00e4tzte Lesezeit":"6\u00a0Minuten"},"schema":{"@context":"https:\/\/schema.org","@graph":[{"@type":"Article","@id":"https:\/\/www.babyartikel.de\/magazin\/drei-einfache-ideen-fuer-den-2-geburtstag#article","isPartOf":{"@id":"https:\/\/www.babyartikel.de\/magazin\/drei-einfache-ideen-fuer-den-2-geburtstag"},"author":{"name":"Simone","@id":"https:\/\/www.babyartikel.de\/magazin\/#\/schema\/person\/de23436078078f4dc28107852c8d5687"},"headline":"Drei einfache Ideen f\u00fcr den 2. Geburtstag","datePublished":"2020-01-19T09:10:00+00:00","dateModified":"2024-11-14T13:02:03+00:00","mainEntityOfPage":{"@id":"https:\/\/www.babyartikel.de\/magazin\/drei-einfache-ideen-fuer-den-2-geburtstag"},"wordCount":1024,"commentCount":0,"image":{"@id":"https:\/\/www.babyartikel.de\/magazin\/drei-einfache-ideen-fuer-den-2-geburtstag#primaryimage"},"thumbnailUrl":"https:\/\/media.babyartikel.de\/magazin\/wp-content\/uploads\/2020\/01\/2-geburtstag-kleinkind-party-ideen-scaled.jpeg","keywords":["alltag mit kleinkind","tipps"],"articleSection":["Kleinkind","Leben mit Kleinkind"],"inLanguage":"de","potentialAction":[{"@type":"CommentAction","name":"Comment","target":["https:\/\/www.babyartikel.de\/magazin\/drei-einfache-ideen-fuer-den-2-geburtstag#respond"]}]},{"@type":"WebPage","@id":"https:\/\/www.babyartikel.de\/magazin\/drei-einfache-ideen-fuer-den-2-geburtstag","url":"https:\/\/www.babyartikel.de\/magazin\/drei-einfache-ideen-fuer-den-2-geburtstag","name":"3 einfache und sch\u00f6ne Ideen f\u00fcr den 2. Geburtstag Deines Kindes","isPartOf":{"@id":"https:\/\/www.babyartikel.de\/magazin\/#website"},"primaryImageOfPage":{"@id":"https:\/\/www.babyartikel.de\/magazin\/drei-einfache-ideen-fuer-den-2-geburtstag#primaryimage"},"image":{"@id":"https:\/\/www.babyartikel.de\/magazin\/drei-einfache-ideen-fuer-den-2-geburtstag#primaryimage"},"thumbnailUrl":"https:\/\/media.babyartikel.de\/magazin\/wp-content\/uploads\/2020\/01\/2-geburtstag-kleinkind-party-ideen-scaled.jpeg","datePublished":"2020-01-19T09:10:00+00:00","dateModified":"2024-11-14T13:02:03+00:00","author":{"@id":"https:\/\/www.babyartikel.de\/magazin\/#\/schema\/person\/de23436078078f4dc28107852c8d5687"},"description":"Ideen & Tipps f\u00fcr den 2. Geburtstag: Partymotto \u2713 G\u00e4ste \u2713 Location \u2713 und DER Trend 2020: \u2605 \"Two the Moon\" \u2605","breadcrumb":{"@id":"https:\/\/www.babyartikel.de\/magazin\/drei-einfache-ideen-fuer-den-2-geburtstag#breadcrumb"},"inLanguage":"de","potentialAction":[{"@type":"ReadAction","target":["https:\/\/www.babyartikel.de\/magazin\/drei-einfache-ideen-fuer-den-2-geburtstag"]}]},{"@type":"ImageObject","inLanguage":"de","@id":"https:\/\/www.babyartikel.de\/magazin\/drei-einfache-ideen-fuer-den-2-geburtstag#primaryimage","url":"https:\/\/media.babyartikel.de\/magazin\/wp-content\/uploads\/2020\/01\/2-geburtstag-kleinkind-party-ideen-scaled.jpeg","contentUrl":"https:\/\/media.babyartikel.de\/magazin\/wp-content\/uploads\/2020\/01\/2-geburtstag-kleinkind-party-ideen-scaled.jpeg","width":2560,"height":1707,"caption":"2. Geburtstag feiern Ideen Motto Location"},{"@type":"BreadcrumbList","@id":"https:\/\/www.babyartikel.de\/magazin\/drei-einfache-ideen-fuer-den-2-geburtstag#breadcrumb","itemListElement":[{"@type":"ListItem","position":1,"name":"Startseite","item":"https:\/\/www.babyartikel.de\/magazin"},{"@type":"ListItem","position":2,"name":"Drei einfache Ideen f\u00fcr den 2. Geburtstag"}]},{"@type":"WebSite","@id":"https:\/\/www.babyartikel.de\/magazin\/#website","url":"https:\/\/www.babyartikel.de\/magazin\/","name":"Babyartikel.de Magazin","description":"","potentialAction":[{"@type":"SearchAction","target":{"@type":"EntryPoint","urlTemplate":"https:\/\/www.babyartikel.de\/magazin\/?s={search_term_string}"},"query-input":{"@type":"PropertyValueSpecification","valueRequired":true,"valueName":"search_term_string"}}],"inLanguage":"de"},{"@type":"Person","@id":"https:\/\/www.babyartikel.de\/magazin\/#\/schema\/person\/de23436078078f4dc28107852c8d5687","name":"Simone","image":{"@type":"ImageObject","inLanguage":"de","@id":"https:\/\/secure.gravatar.com\/avatar\/fb3df32d53b52d8a53f13e8f1ea4b106b1b17c5e9e2c5b9960b90519c8533492?s=96&d=mm&r=g","url":"https:\/\/secure.gravatar.com\/avatar\/fb3df32d53b52d8a53f13e8f1ea4b106b1b17c5e9e2c5b9960b90519c8533492?s=96&d=mm&r=g","contentUrl":"https:\/\/secure.gravatar.com\/avatar\/fb3df32d53b52d8a53f13e8f1ea4b106b1b17c5e9e2c5b9960b90519c8533492?s=96&d=mm&r=g","caption":"Simone"},"description":"Von einer Gro\u00dfstadtliebhaberin in Bayern zur Mama \"auf'm L\u00e4ndle\"... Im Januar 2015 kam mein Sohn zur Welt, im Sommer 2016 wude geheiratet und im August 2017 machte uns ein kleines M\u00e4dchen (vorerst) komplett. Mit den dreien lebe ich in Baden-W\u00fcrttemberg und wenn ich nicht gerade mit Mann, Kind, Haushalt und meiner Arbeit besch\u00e4ftigt bin, dann blogge ich \u00fcber mein Leben als Mama :)","sameAs":["www.facebook.com\/mamapremiere","https:\/\/x.com\/mamapremiere"],"url":"https:\/\/www.babyartikel.de\/magazin\/author\/simone-nestvogel"}]}},"abstract_sku":"","_links":{"self":[{"href":"https:\/\/www.babyartikel.de\/magazin\/wp-json\/wp\/v2\/posts\/94364","targetHints":{"allow":["GET"]}}],"collection":[{"href":"https:\/\/www.babyartikel.de\/magazin\/wp-json\/wp\/v2\/posts"}],"about":[{"href":"https:\/\/www.babyartikel.de\/magazin\/wp-json\/wp\/v2\/types\/post"}],"author":[{"embeddable":true,"href":"https:\/\/www.babyartikel.de\/magazin\/wp-json\/wp\/v2\/users\/57"}],"replies":[{"embeddable":true,"href":"https:\/\/www.babyartikel.de\/magazin\/wp-json\/wp\/v2\/comments?post=94364"}],"version-history":[{"count":22,"href":"https:\/\/www.babyartikel.de\/magazin\/wp-json\/wp\/v2\/posts\/94364\/revisions"}],"predecessor-version":[{"id":954151,"href":"https:\/\/www.babyartikel.de\/magazin\/wp-json\/wp\/v2\/posts\/94364\/revisions\/954151"}],"wp:featuredmedia":[{"embeddable":true,"href":"https:\/\/www.babyartikel.de\/magazin\/wp-json\/wp\/v2\/media\/803958"}],"wp:attachment":[{"href":"https:\/\/www.babyartikel.de\/magazin\/wp-json\/wp\/v2\/media?parent=94364"}],"wp:term":[{"taxonomy":"category","embeddable":true,"href":"https:\/\/www.babyartikel.de\/magazin\/wp-json\/wp\/v2\/categories?post=94364"},{"taxonomy":"post_tag","embeddable":true,"href":"https:\/\/www.babyartikel.de\/magazin\/wp-json\/wp\/v2\/tags?post=94364"}],"curies":[{"name":"wp","href":"https:\/\/api.w.org\/{rel}","templated":true}]}}