
{"id":952354,"date":"2024-10-04T15:36:03","date_gmt":"2024-10-04T13:36:03","guid":{"rendered":"https:\/\/www.babyartikel.de\/magazin\/?p=952354"},"modified":"2025-09-29T13:37:21","modified_gmt":"2025-09-29T11:37:21","slug":"federleichter-city-flitzer-der-joie-pact-pro-reisebuggy-im-test","status":"publish","type":"post","link":"https:\/\/www.babyartikel.de\/magazin\/federleichter-city-flitzer-der-joie-pact-pro-reisebuggy-im-test","title":{"rendered":"Federleichter City-Flitzer: Der Joie Pact Pro Reisebuggy im Test"},"content":{"rendered":"<p>Wie gut ist der <a href=\"https:\/\/www.babyartikel.de\/prod\/joie-reisebuggy-sportwagen-pact-pro-bis-22-kg-belastbar-mit-liegeposition-nur-63-kg-leicht-inkl-transporttasche-adapter-rgenschutz-shale\">Joie Pact Pro Reisebuggy<\/a>? Das wollten wir unbedingt wissen, hatte uns vor einigen Jahren doch der superschlanke und extrem kompakte Joie Pact schon im Test begeistert. <strong>Wie sich die Pro-Version hinsichtlich Fahrverhalten, Ausstattung und Komfort schl&auml;gt und welche entscheidende Funktion der Hersteller verbessert hat &ndash; all das erkl&auml;re ich Dir in diesem Testbericht.<\/strong><div id=\"ez-toc-container\" class=\"ez-toc-v2_0_82_2 counter-flat ez-toc-counter ez-toc-white ez-toc-container-direction\">\n<div class=\"ez-toc-title-container\">\n<p class=\"ez-toc-title\" style=\"cursor:inherit\">Inhaltsverzeichnis<\/p>\n<span class=\"ez-toc-title-toggle\"><a href=\"#\" class=\"ez-toc-pull-right ez-toc-btn ez-toc-btn-xs ez-toc-btn-default ez-toc-toggle\" aria-label=\"Toggle Table of Content\"><span class=\"ez-toc-js-icon-con\"><span class=\"\"><span class=\"eztoc-hide\" style=\"display:none;\">Toggle<\/span><span class=\"ez-toc-icon-toggle-span\"><svg style=\"fill: #999;color:#999\" xmlns=\"http:\/\/www.w3.org\/2000\/svg\" class=\"list-377408\" width=\"20px\" height=\"20px\" viewBox=\"0 0 24 24\" fill=\"none\"><path d=\"M6 6H4v2h2V6zm14 0H8v2h12V6zM4 11h2v2H4v-2zm16 0H8v2h12v-2zM4 16h2v2H4v-2zm16 0H8v2h12v-2z\" fill=\"currentColor\"><\/path><\/svg><svg style=\"fill: #999;color:#999\" class=\"arrow-unsorted-368013\" xmlns=\"http:\/\/www.w3.org\/2000\/svg\" width=\"10px\" height=\"10px\" viewBox=\"0 0 24 24\" version=\"1.2\" baseProfile=\"tiny\"><path d=\"M18.2 9.3l-6.2-6.3-6.2 6.3c-.2.2-.3.4-.3.7s.1.5.3.7c.2.2.4.3.7.3h11c.3 0 .5-.1.7-.3.2-.2.3-.5.3-.7s-.1-.5-.3-.7zM5.8 14.7l6.2 6.3 6.2-6.3c.2-.2.3-.5.3-.7s-.1-.5-.3-.7c-.2-.2-.4-.3-.7-.3h-11c-.3 0-.5.1-.7.3-.2.2-.3.5-.3.7s.1.5.3.7z\"\/><\/svg><\/span><\/span><\/span><\/a><\/span><\/div>\n<nav><ul class='ez-toc-list ez-toc-list-level-1 ' ><li class='ez-toc-page-1'><a class=\"ez-toc-link ez-toc-heading-1\" href=\"https:\/\/www.babyartikel.de\/magazin\/federleichter-city-flitzer-der-joie-pact-pro-reisebuggy-im-test\/#Was_kann_der_Pact_Pro_Buggy\" >Was kann der Pact Pro Buggy?<\/a><\/li><li class='ez-toc-page-1'><a class=\"ez-toc-link ez-toc-heading-2\" href=\"https:\/\/www.babyartikel.de\/magazin\/federleichter-city-flitzer-der-joie-pact-pro-reisebuggy-im-test\/#Wie_gut_faehrt_sich_der_Joie_Pact_Pro_im_Test_%E2%80%93_und_wie_gut_ist_er_verarbeitet\" >Wie gut f&auml;hrt sich der Joie Pact Pro im Test &ndash; und wie gut ist er verarbeitet?<\/a><\/li><li class='ez-toc-page-1'><a class=\"ez-toc-link ez-toc-heading-3\" href=\"https:\/\/www.babyartikel.de\/magazin\/federleichter-city-flitzer-der-joie-pact-pro-reisebuggy-im-test\/#Wie_gross_und_schwer_ist_der_Joie_Pact_Pro_%E2%80%93_und_wie_gut_laesst_er_sich_fuer_die_Reise_verstauen\" >Wie gro&szlig; und schwer ist der Joie Pact Pro &ndash; und wie gut l&auml;sst er sich f&uuml;r die Reise verstauen?<\/a><\/li><li class='ez-toc-page-1'><a class=\"ez-toc-link ez-toc-heading-4\" href=\"https:\/\/www.babyartikel.de\/magazin\/federleichter-city-flitzer-der-joie-pact-pro-reisebuggy-im-test\/#Den_Joie_Pact_Pro_im_Test_zusammenklappen\" >Den Joie Pact Pro im Test zusammenklappen<\/a><\/li><li class='ez-toc-page-1'><a class=\"ez-toc-link ez-toc-heading-5\" href=\"https:\/\/www.babyartikel.de\/magazin\/federleichter-city-flitzer-der-joie-pact-pro-reisebuggy-im-test\/#Ab_wann_und_wie_lange_kannst_Du_den_Joie_Pact_Pro_nutzen\" >Ab wann und wie lange kannst Du den Joie Pact Pro nutzen?<\/a><\/li><li class='ez-toc-page-1'><a class=\"ez-toc-link ez-toc-heading-6\" href=\"https:\/\/www.babyartikel.de\/magazin\/federleichter-city-flitzer-der-joie-pact-pro-reisebuggy-im-test\/#Wie_gut_liegt_Dein_Kind_im_Joie_Pact_Pro\" >Wie gut liegt Dein Kind im Joie Pact Pro?<\/a><\/li><li class='ez-toc-page-1'><a class=\"ez-toc-link ez-toc-heading-7\" href=\"https:\/\/www.babyartikel.de\/magazin\/federleichter-city-flitzer-der-joie-pact-pro-reisebuggy-im-test\/#Kann_ich_den_Bezug_des_Pact_Pro_abnehmen\" >Kann ich den Bezug des Pact Pro abnehmen?<\/a><\/li><li class='ez-toc-page-1'><a class=\"ez-toc-link ez-toc-heading-8\" href=\"https:\/\/www.babyartikel.de\/magazin\/federleichter-city-flitzer-der-joie-pact-pro-reisebuggy-im-test\/#Wie_viel_Stauraum_hat_der_Joie_Pact_Pro\" >Wie viel Stauraum hat der Joie Pact Pro?<\/a><\/li><li class='ez-toc-page-1'><a class=\"ez-toc-link ez-toc-heading-9\" href=\"https:\/\/www.babyartikel.de\/magazin\/federleichter-city-flitzer-der-joie-pact-pro-reisebuggy-im-test\/#Ist_der_Joie_Pact_Pro_der_richtige_Buggy_fuer_Dich\" >Ist der Joie Pact Pro der richtige Buggy f&uuml;r Dich?<\/a><\/li><\/ul><\/nav><\/div>\n<h2 class=\"wp-block-heading\" id=\"h-was-kann-der-pact-pro-buggy\"><span class=\"ez-toc-section\" id=\"Was_kann_der_Pact_Pro_Buggy\"><\/span>Was kann der Pact Pro Buggy?<span class=\"ez-toc-section-end\"><\/span><\/h2><p>Leicht, kompakt und vor allem flexibel: Das sind die Key-Features des Joie Pact Pro. Bevor ich Dir alle Details ausf&uuml;hrlich erkl&auml;re, hier erst einmal die <strong>Eckdaten<\/strong>:<\/p><figure class=\"wp-block-table is-style-stripes\"><table class=\"has-fixed-layout\"><tbody><tr><td><strong>Ma&szlig;e aufgebaut<\/strong><\/td><td>ca. 83 x 47 x 106 cm<\/td><\/tr><tr><td><strong>Klappma&szlig;<\/strong><\/td><td>ca. 66 x 47 x 24 cm<\/td><\/tr><tr><td><strong>Gewicht<\/strong><\/td><td>6,3 kg<\/td><\/tr><tr><td><strong>Lieferumfang<\/strong><\/td><td>Regenschutz<br>Transporttasche<br>Adapter f&uuml;r Babywanne \/ Babyschale<\/td><\/tr><\/tbody><\/table><\/figure><p>Hier kommt eine schnelle &Uuml;bersicht mit den wichtigsten Vor- und Nachteilen:<\/p><div class=\"marketing-slot\"><div id=\"block-18\" class=\"content-post-widget marketing-slot-1 widget_block\"><a href=\"#\" class=\"newsletter_popup\" style=\"\n  display: inline-block;\n  box-shadow: 0 4px 10px rgba(0,0,0,0.1);\n  margin: 20px auto;\n  max-width: 800px;\n  width: 100%;\">\n  <img src=\"https:\/\/media.babyartikel.de\/magazin\/wp-content\/uploads\/2025\/08\/NL-Banner-Magazin-8-25.webp\" alt=\"Newsletter Banner\" style=\"\n    width: 100%;\n    height: auto;\n    display: block;\" onclick=\"ga('send', 'event', 'banner', 'click', 'magazin-banner-newsletter-8-25');\">\n<\/a>\n\n\t<!-- Modal -->\n\t<div class=\"modal fade modal_popup\" id=\"newsletter_popup\" tabindex=\"-1\" aria-labelledby=\"exampleModalLabel\" aria-hidden=\"true\">\n\t\t<div class=\"modal-dialog modal-dialog-centered modal-dialog-scrollable\">\n\t\t\t<div class=\"modal-content\">\n\t\t\t\t<div class=\"modal-header small-header\">\n\t\t\t\t\t<h5 class=\"modal-title\" id=\"newsletterModalLabel\">\n\t\t\t\t\t\tNewsletter\t\t\t\t\t<\/h5>\n\t\t\t\t\t<button type=\"button\" class=\"btn-close small-close\" data-bs-dismiss=\"modal\" aria-label=\"Close\"><\/button>\n\t\t\t\t<\/div>\n\n\t\t\t\t<div class=\"modal-body\">\n\t\t\t\t\t\t<div class=\"newsletterForm-embed popup-form\">\n        <form name=\"newsletterSubscriptionForm\" id=\"newsletter_popup_69f5db2c8a235_form\" data-newsletter-id=\"newsletter_popup_69f5db2c8a235\" method=\"POST\">\n\n\t\t\t<input type=\"text\" name=\"website\" class=\"hidden\" tabindex=\"-1\" autocomplete=\"off\" style=\"position:absolute;left:-9999px;\">\n\t\t\t<input type=\"hidden\" name=\"ts\" value=\"1777720108\">\n\n\t\t\t                <input type=\"hidden\" name=\"emarsys-event-id\" value=\"3756\">\n            \n            \t\t\t<div class=\"mb-3\">\n\t\t\t\t<label for=\"date\" class=\"form-label\">Geburtstag\/ -termin Deines Babys<\/label>\n                <input type=\"date\" name=\"date\" class=\"input input--expand form-control\" required>\n\t\t\t<\/div>\n            \n\t\t\t<div class=\"mb-3\">\n\t\t\t\t<label for=\"email\" class=\"form-label\">E-Mail-Adresse<\/label>\n\t\t\t\t<input type=\"email\" name=\"email\" placeholder=\"E-Mail-Adresse\" class=\"input input--expand form-control\" required>\n\t\t\t<\/div>\n\n\t\t\t\t\t\t\t<button type=\"submit\" class=\"btn btn-primary\">Absenden<\/button>\n\t\t\t\n\t\t\t\t\t\t\t<div class=\"small mt-3\" style=\"font-weight:normal;\">\n\t\t\t\t\t\n\t\t\t<div class=\"mt-3\">\n\t\t\t\tJa, ich m&ouml;chte den Newsletter von Babyartikel.de erhalten und &uuml;ber Aktionen informiert werden.\n  Dabei darf mein Nutzungsverhalten (z. B. &Ouml;ffnungen und Klicks) zur Personalisierung ausgewertet werden.\n  Mehr finde ich in der <a href=\"\/de\/datenschutz\" style=\"text-decoration:underline\">Datenschutzerkl&auml;rung<\/a>.\n\t\t\t<\/div>\n\t\t\t\t\t\t<\/div>\n\t\t\t\n\t\t\t\t\t\t\t<div class=\"small mb-3 mt-3\" style=\"font-weight:normal;\">\n\t\t\t\t\tJederzeit abbestellbar | <a href=\"\/de\/datenschutz\" style=\"text-decoration:underline\">\n\t\t\t\t\t\tDatenschutzerkl&auml;rung\n\t\t\t\t\t<\/a>\n\t\t\t\t<\/div>\n\t\t\t\n        <\/form>\n    <\/div>\n\t\n\t\t\t\t\t<div class=\"response-messages_newsletter_popup_69f5db2c8a235\">\n\t\t\t\t\t\t<div class=\"alert alert-success success mt-3 mb-3 d-none\">\n\t\t\t\t\t\t\tNur noch ein Klick! Best&auml;tige Deine Anmeldung in der E-Mail, die du gleich erh&auml;ltst.\t\t\t\t\t\t<\/div>\n\t\t\t\t\t\t<div class=\"error mt-3 mb-3 d-none\">\n\t\t\t\t\t\t\t<div class=\"alert alert-danger \">\n\t\t\t\t\t\t\t\tEin Fehler ist aufgetreten. Bitte versuche es sp&auml;ter erneut.\t\t\t\t\t\t\t<\/div>\n\t\t\t\t\t\t<\/div>\n\t\t\t\t\t\t<div class=\"alert alert-danger other-2007 mt-3 mb-3 d-none\">\n\t\t\t\t\t\t\tUng&Atilde;&frac14;ltiges Datumsformat\t\t\t\t\t\t<\/div>\n\t\t\t\t\t<\/div>\n\t\t\t\t<\/div>\n\t\t\t<\/div>\n\t\t<\/div>\n\t<\/div>\n\n\t<\/div><!-- content-widget --><\/div><section><div class=\"cta-container custom-infobox\" style=\"background-color: #F9ECF4; box-shadow: 1px 1px 4px #9d9d9d; padding: 10px; border: 2px solid white; margin-bottom: 10px; margin-top: 25px; border-radius: 0.125rem;\"><div class=\"text-center\"><img decoding=\"async\" src=\"https:\/\/www.babyartikel.de\/magazin\/wp-content\/plugins\/wp-ba-custom-block\/img\/chicklet.svg\" alt=\"chicklet.svg\" style=\"padding: 0.1rem; border: solid #FCF8FB; border-radius: 50%; margin-top: -2.75rem; width: 2.5rem; height: 2.5rem; background-color: #FCF8FB\"><\/div><label style=\"color: #95326B; \" class=\"labelHomePage h5\">&#128077;Pluspunkte<\/label>\n<ul class=\"wp-block-list\">\n<li>Kleines <strong>Packma&szlig;<\/strong><\/li>\n\n\n\n<li>Super <strong>leicht<\/strong><\/li>\n\n\n\n<li>Einfaches <strong>Handling<\/strong><\/li>\n\n\n\n<li><strong>Schiebt sich sehr angenehm<\/strong><\/li>\n\n\n\n<li>L&auml;sst sich mit nur einer Hand (und Kind auf dem Arm) zusammenfalten<\/li>\n\n\n\n<li><strong>R&uuml;ckenlehne <\/strong>einh&auml;ndig verstellbar <\/li>\n\n\n\n<li>Alle 4 R&auml;der <strong>einzeln gefedert<\/strong><\/li>\n\n\n\n<li>Bremse wird nur von oben bet&auml;tigt, <strong>schont die F&uuml;&szlig;e<\/strong><\/li>\n\n\n\n<li>R&auml;der auf Knopfdruck abnehmbar<\/li>\n\n\n\n<li>Abnehmbarer &amp; <strong>aufklappbarer Schutzb&uuml;gel<\/strong><\/li>\n\n\n\n<li><strong>Zwei Netzfenster <\/strong>zur optimalen Bel&uuml;ftung <\/li>\n\n\n\n<li>Einkaufskorb von beiden Seiten erreichbar<\/li>\n\n\n\n<li><strong>Verdeck mit UV-Schutz 50+<\/strong><\/li>\n\n\n\n<li>Formsch&ouml;nes Design<\/li>\n\n\n\n<li><strong>Regenschutz<\/strong>, <strong>Transporttasche <\/strong>&amp; <strong>Adapter <\/strong>im Preis inbegriffen<\/li>\n\n\n\n<li>Abnehmbarer Bezug<\/li>\n\n\n\n<li>Wird mit <a href=\"https:\/\/www.babyartikel.de\/prod\/joie-babywanne-ramble-fur-litetrax-und-mytrax-modelle-shale\">Joie Babywanne Ramble<\/a> zum <strong>Kinderwagen ab Geburt<\/strong><\/li>\n\n\n\n<li>Belastbar<strong> bis 22 kg<\/strong><\/li>\n<\/ul>\n<\/div><\/section><section><div class=\"cta-container custom-infobox\" style=\"background-color: #F9ECF4; box-shadow: 1px 1px 4px #9d9d9d; padding: 10px; border: 2px solid white; margin-bottom: 10px; margin-top: 25px; border-radius: 0.125rem;\"><div class=\"text-center\"><img decoding=\"async\" src=\"https:\/\/www.babyartikel.de\/magazin\/wp-content\/plugins\/wp-ba-custom-block\/img\/chicklet.svg\" alt=\"chicklet.svg\" style=\"padding: 0.1rem; border: solid #FCF8FB; border-radius: 50%; margin-top: -2.75rem; width: 2.5rem; height: 2.5rem; background-color: #FCF8FB\"><\/div><label style=\"color: #95326B; \" class=\"labelHomePage h5\">&#128078;Minuspunkte<\/label>\n<ul class=\"wp-block-list\">\n<li><strong>Schieber <\/strong>nicht h&ouml;henverstellbar<\/li>\n\n\n\n<li><strong>Liegeposition <\/strong>nicht ganz flach<\/li>\n\n\n\n<li><strong>Bezug entfernen<\/strong> etwas kraftaufw&auml;ndig<\/li>\n<\/ul>\n<\/div><\/section><h2 class=\"wp-block-heading\" id=\"h-wie-gut-fahrt-sich-der-joie-pact-pro-im-test-und-wie-gut-ist-er-verarbeitet\"><span class=\"ez-toc-section\" id=\"Wie_gut_faehrt_sich_der_Joie_Pact_Pro_im_Test_%E2%80%93_und_wie_gut_ist_er_verarbeitet\"><\/span>Wie gut f&auml;hrt sich der Joie Pact Pro im Test &ndash; und wie gut ist er verarbeitet?<span class=\"ez-toc-section-end\"><\/span><\/h2><p>Den Pact Pro durch die Stra&szlig;en zu schieben, macht richtig Spa&szlig;: Nichts klappert, die R&auml;der laufen ruhig, und er ist unglaublich <strong>wendig und flink<\/strong>. <\/p><figure class=\"wp-block-image size-large\"><img loading=\"lazy\" decoding=\"async\" width=\"1050\" height=\"788\" src=\"https:\/\/media.babyartikel.de\/magazin\/wp-content\/uploads\/2024\/09\/joie-pact-pro-reisebuggy-test-bewertung-1050x788.jpg\" alt=\"joie pact pro test bewertung qualit&auml;t erfahrungsbericht\" class=\"wp-image-952334\" srcset=\"https:\/\/media.babyartikel.de\/magazin\/wp-content\/uploads\/2024\/09\/joie-pact-pro-reisebuggy-test-bewertung-1050x788.jpg 1050w, https:\/\/media.babyartikel.de\/magazin\/wp-content\/uploads\/2024\/09\/joie-pact-pro-reisebuggy-test-bewertung-690x518.jpg 690w, https:\/\/media.babyartikel.de\/magazin\/wp-content\/uploads\/2024\/09\/joie-pact-pro-reisebuggy-test-bewertung-150x113.jpg 150w, https:\/\/media.babyartikel.de\/magazin\/wp-content\/uploads\/2024\/09\/joie-pact-pro-reisebuggy-test-bewertung-768x576.jpg 768w, https:\/\/media.babyartikel.de\/magazin\/wp-content\/uploads\/2024\/09\/joie-pact-pro-reisebuggy-test-bewertung-1536x1152.jpg 1536w, https:\/\/media.babyartikel.de\/magazin\/wp-content\/uploads\/2024\/09\/joie-pact-pro-reisebuggy-test-bewertung-2048x1536.jpg 2048w, https:\/\/media.babyartikel.de\/magazin\/wp-content\/uploads\/2024\/09\/joie-pact-pro-reisebuggy-test-bewertung-631x473.jpg 631w, https:\/\/media.babyartikel.de\/magazin\/wp-content\/uploads\/2024\/09\/joie-pact-pro-reisebuggy-test-bewertung-415x311.jpg 415w, https:\/\/media.babyartikel.de\/magazin\/wp-content\/uploads\/2024\/09\/joie-pact-pro-reisebuggy-test-bewertung-412x309.jpg 412w, https:\/\/media.babyartikel.de\/magazin\/wp-content\/uploads\/2024\/09\/joie-pact-pro-reisebuggy-test-bewertung-391x293.jpg 391w, https:\/\/media.babyartikel.de\/magazin\/wp-content\/uploads\/2024\/09\/joie-pact-pro-reisebuggy-test-bewertung-376x282.jpg 376w, https:\/\/media.babyartikel.de\/magazin\/wp-content\/uploads\/2024\/09\/joie-pact-pro-reisebuggy-test-bewertung-360x270.jpg 360w\" sizes=\"auto, (max-width: 1050px) 100vw, 1050px\"><\/figure><p>In puncto Qualit&auml;t und Verarbeitung gef&auml;llt er mir wirklich gut: <strong>Geradliniges, funktionales Design, angenehme Haptik, gut verarbeitete N&auml;hte, griffiger Schieber.<\/strong> Mein Testprodukt hat die Farbe <a href=\"https:\/\/www.babyartikel.de\/prod\/joie-reisebuggy-sportwagen-pact-pro-bis-22-kg-belastbar-mit-liegeposition-nur-63-kg-leicht-inkl-transporttasche-adapter-rgenschutz-shale\">&bdquo;Shale&ldquo; (Schwarz)<\/a> und wirkt &auml;u&szlig;erst unempfindlich. Dreckspritzer oder Brei-Klekse lassen sich leicht abwischen.<\/p><div class=\"postslot1\">\t\t<div style=\"clear:both\"><\/div>\n\t\t\t\t\t\t<div id=\"productPanel691\" class=\"product-panel-bottom\">&nbsp;<\/div>\n\t\t\t\t\t\t<script type=\"module\">\n\t\t\t\t\t\t\trequestProductPanel(\"https:\/\/www.babyartikel.de\/magazin\/wp-content\/plugins\/wp-productpanel2\/ProductPanel.php\", \"?panel_type=automatic&basis_category=1-KW-BS&basis_product=202300002123&swipe_mobile=1&postid=952354&template=auto&max=4&productPanelId=691&solrQuery=\", 691, 1);\n\t\t\t\t\t\t<\/script>\n\t\t\t\t\t<link rel=\"stylesheet\" href=\"https:\/\/cdn.jsdelivr.net\/npm\/swiper@8\/swiper-bundle.min.css\"><\/div><div class=\"marketing-slot\"><div id=\"block-25\" class=\"content-post-widget marketing-slot-2 widget_block\"><a href=\"https:\/\/www.babyartikel.de\/de\/angebote\" data-track-link-click=\"true\" data-track-name=\"nyoutlet2026-magazin\" data-track-medium=\"banner-magazin-post\" data-track-campaign=\"magazin-banner-nyoutlet2026\" onclick=\"ga('send', 'event', 'banner', 'click', 'magazin-banner-nyoutlet2026');\" style=\"display:block;width:100%;text-align:center;\"><img src=\"https:\/\/media.babyartikel.de\/magazin\/wp-content\/uploads\/2026\/01\/NY-Outlet-10-2026.webp\" alt=\"Sale\" style=\"max-width:100%;\"><\/a><\/div><!-- content-widget --><\/div><p>Au&szlig;erdem gibt es den Pact Pro noch in drei weiteren Varianten: <\/p><ul class=\"wp-block-list\">\n<li><a href=\"https:\/\/www.babyartikel.de\/prod\/joie-reisebuggy-sportwagen-pact-pro-bis-22-kg-belastbar-mit-liegeposition-nur-63-kg-leicht-inkl-transporttasche-adapter-rgenschutz-pebble\">Pebble (Steingrau)<\/a><\/li>\n\n\n\n<li><a href=\"https:\/\/www.babyartikel.de\/prod\/joie-reisebuggy-sportwagen-pact-pro-bis-22-kg-belastbar-mit-liegeposition-nur-63-kg-leicht-inkl-transporttasche-adapter-rgenschutz-oak\">Oak (Hellbeige)<\/a> &#10024;mein Favorit &#10024;<\/li>\n\n\n\n<li><a href=\"https:\/\/www.babyartikel.de\/prod\/joie-reisebuggy-sportwagen-pact-pro-bis-22-kg-belastbar-mit-liegeposition-nur-63-kg-leicht-inkl-transporttasche-adapter-rgenschutz-cycle-shell-grey\">Shell Grey (Dunkelgrau)<\/a><\/li>\n<\/ul><div style=\"clear:both\"><\/div><div id=\"productPanel402\" class=\"product-panel-bottom\">&nbsp;<\/div><script type=\"module\">\n\t\t\t\t\t\t\trequestProductPanel(\"https:\/\/www.babyartikel.de\/magazin\/wp-content\/plugins\/wp-productpanel2\/ProductPanel.php\", \"?panel_type=manual&basis_category=&basis_product=202300002123,202300002124,202400000859,202300002125&swipe_mobile=1&postid=952354&template=&max=4&productPanelId=402&solrQuery=\", 402, 1);\n\t\t\t\t\t\t<\/script><p>Bei der ersten Test-Fahrt wird klar: Dieser Buggy ist nicht daf&uuml;r gemacht, um im tiefsten Wald Baumwurzeln zu bezwingen. Das ist beim Pact Pro aber auch nicht gewollt &ndash; schlie&szlig;lich sind <strong>R&auml;der und Achse absichtlich klein und schmal<\/strong> gestaltet, damit Du Platz sparst, einerseits beim Transport, andererseits auch &uuml;berall dort, wo viele Menschen unterwegs sind. <\/p><p>Der <strong>Schieber<\/strong> hat eine <strong>fixe H&ouml;he von 102 cm<\/strong> und passt f&uuml;r meine Gr&ouml;&szlig;e (166 cm) perfekt. <\/p><figure class=\"wp-block-image size-large\"><img loading=\"lazy\" decoding=\"async\" width=\"1402\" height=\"1052\" src=\"https:\/\/media.babyartikel.de\/magazin\/wp-content\/uploads\/2024\/10\/joie-pact-pro-test-erfahrungen-edited.jpg\" alt=\"joie pact pro test erfahrungen schieberh&ouml;he\" class=\"wp-image-952366\" srcset=\"https:\/\/media.babyartikel.de\/magazin\/wp-content\/uploads\/2024\/10\/joie-pact-pro-test-erfahrungen-edited.jpg 1402w, https:\/\/media.babyartikel.de\/magazin\/wp-content\/uploads\/2024\/10\/joie-pact-pro-test-erfahrungen-edited-690x518.jpg 690w, https:\/\/media.babyartikel.de\/magazin\/wp-content\/uploads\/2024\/10\/joie-pact-pro-test-erfahrungen-edited-1050x788.jpg 1050w, https:\/\/media.babyartikel.de\/magazin\/wp-content\/uploads\/2024\/10\/joie-pact-pro-test-erfahrungen-edited-150x113.jpg 150w, https:\/\/media.babyartikel.de\/magazin\/wp-content\/uploads\/2024\/10\/joie-pact-pro-test-erfahrungen-edited-768x576.jpg 768w, https:\/\/media.babyartikel.de\/magazin\/wp-content\/uploads\/2024\/10\/joie-pact-pro-test-erfahrungen-edited-631x473.jpg 631w, https:\/\/media.babyartikel.de\/magazin\/wp-content\/uploads\/2024\/10\/joie-pact-pro-test-erfahrungen-edited-415x311.jpg 415w, https:\/\/media.babyartikel.de\/magazin\/wp-content\/uploads\/2024\/10\/joie-pact-pro-test-erfahrungen-edited-412x309.jpg 412w, https:\/\/media.babyartikel.de\/magazin\/wp-content\/uploads\/2024\/10\/joie-pact-pro-test-erfahrungen-edited-391x293.jpg 391w, https:\/\/media.babyartikel.de\/magazin\/wp-content\/uploads\/2024\/10\/joie-pact-pro-test-erfahrungen-edited-376x282.jpg 376w, https:\/\/media.babyartikel.de\/magazin\/wp-content\/uploads\/2024\/10\/joie-pact-pro-test-erfahrungen-edited-360x270.jpg 360w\" sizes=\"auto, (max-width: 1402px) 100vw, 1402px\"><\/figure><p>Der Joie Pact Pro kommt dort zum Einsatz, wo Du mit Deinem Kind Strecke machen musst &ndash; egal, ob Flughafen oder Freizeitpark, Kreuzfahrtschiff oder Campingplatz, Museum oder M&ouml;belhaus. Sein <strong>kleiner Wendekreis <\/strong>macht sich in engen Supermarktg&auml;ngen, kuscheligen Caf&eacute;s und &ouml;ffentlichen Verkehrsmitteln bezahlt.<\/p><h3 class=\"wp-block-heading\" id=\"h-fahrkomfort-trotz-mini-reifen\">Fahrkomfort trotz Mini-Reifen<\/h3><p>Die leichten <strong>R&auml;der <\/strong>aus  <strong>pannensicherem EVA-Kunststoff <\/strong>(ein &auml;u&szlig;erst widerstandsf&auml;higes und dennoch ungiftiges Material) sind nur <strong>16 bzw. 14,5 cm <\/strong>gro&szlig;. Daf&uuml;r ist jedes Rad <strong>einzeln gefedert<\/strong> und d&auml;mpft kleine Hindernisse gut ab. <\/p><figure class=\"wp-block-image size-large\"><img loading=\"lazy\" decoding=\"async\" width=\"1050\" height=\"788\" src=\"https:\/\/media.babyartikel.de\/magazin\/wp-content\/uploads\/2024\/10\/joie-pact-pro-raeder-1050x788.jpg\" alt=\"joie pact pro r&auml;der qualit&auml;t durchmesser\" class=\"wp-image-952367\" srcset=\"https:\/\/media.babyartikel.de\/magazin\/wp-content\/uploads\/2024\/10\/joie-pact-pro-raeder-1050x788.jpg 1050w, https:\/\/media.babyartikel.de\/magazin\/wp-content\/uploads\/2024\/10\/joie-pact-pro-raeder-690x518.jpg 690w, https:\/\/media.babyartikel.de\/magazin\/wp-content\/uploads\/2024\/10\/joie-pact-pro-raeder-150x113.jpg 150w, https:\/\/media.babyartikel.de\/magazin\/wp-content\/uploads\/2024\/10\/joie-pact-pro-raeder-768x576.jpg 768w, https:\/\/media.babyartikel.de\/magazin\/wp-content\/uploads\/2024\/10\/joie-pact-pro-raeder-1536x1152.jpg 1536w, https:\/\/media.babyartikel.de\/magazin\/wp-content\/uploads\/2024\/10\/joie-pact-pro-raeder-2048x1536.jpg 2048w, https:\/\/media.babyartikel.de\/magazin\/wp-content\/uploads\/2024\/10\/joie-pact-pro-raeder-631x473.jpg 631w, https:\/\/media.babyartikel.de\/magazin\/wp-content\/uploads\/2024\/10\/joie-pact-pro-raeder-415x311.jpg 415w, https:\/\/media.babyartikel.de\/magazin\/wp-content\/uploads\/2024\/10\/joie-pact-pro-raeder-412x309.jpg 412w, https:\/\/media.babyartikel.de\/magazin\/wp-content\/uploads\/2024\/10\/joie-pact-pro-raeder-391x293.jpg 391w, https:\/\/media.babyartikel.de\/magazin\/wp-content\/uploads\/2024\/10\/joie-pact-pro-raeder-376x282.jpg 376w, https:\/\/media.babyartikel.de\/magazin\/wp-content\/uploads\/2024\/10\/joie-pact-pro-raeder-360x270.jpg 360w\" sizes=\"auto, (max-width: 1050px) 100vw, 1050px\"><\/figure><p>Wenn es doch mal etwas holperiger zugeht, ziehst Du die<strong> grauen Hebel &uuml;ber den Vorderr&auml;dern<\/strong> nach oben. So <strong>arretierst Du die 360-Grad-Schwenkfunktion <\/strong>und bewirkst, dass der Wagen ruhiger rollt. Beim Spaziergang &uuml;ber Kopfsteinpflaster oder durch den frisch gekiesten Biergarten eine n&uuml;tzliche Funktion.<\/p><figure class=\"wp-block-image size-large\"><img loading=\"lazy\" decoding=\"async\" width=\"1050\" height=\"788\" src=\"https:\/\/media.babyartikel.de\/magazin\/wp-content\/uploads\/2024\/09\/joie-pact-pro-test-vorderraeder-feststellen-1050x788.jpg\" alt=\"joie pact pro test vorderr&auml;der verriegeln\" class=\"wp-image-952343\" srcset=\"https:\/\/media.babyartikel.de\/magazin\/wp-content\/uploads\/2024\/09\/joie-pact-pro-test-vorderraeder-feststellen-1050x788.jpg 1050w, https:\/\/media.babyartikel.de\/magazin\/wp-content\/uploads\/2024\/09\/joie-pact-pro-test-vorderraeder-feststellen-690x518.jpg 690w, https:\/\/media.babyartikel.de\/magazin\/wp-content\/uploads\/2024\/09\/joie-pact-pro-test-vorderraeder-feststellen-150x113.jpg 150w, https:\/\/media.babyartikel.de\/magazin\/wp-content\/uploads\/2024\/09\/joie-pact-pro-test-vorderraeder-feststellen-768x576.jpg 768w, https:\/\/media.babyartikel.de\/magazin\/wp-content\/uploads\/2024\/09\/joie-pact-pro-test-vorderraeder-feststellen-1536x1152.jpg 1536w, https:\/\/media.babyartikel.de\/magazin\/wp-content\/uploads\/2024\/09\/joie-pact-pro-test-vorderraeder-feststellen-2048x1536.jpg 2048w, https:\/\/media.babyartikel.de\/magazin\/wp-content\/uploads\/2024\/09\/joie-pact-pro-test-vorderraeder-feststellen-631x473.jpg 631w, https:\/\/media.babyartikel.de\/magazin\/wp-content\/uploads\/2024\/09\/joie-pact-pro-test-vorderraeder-feststellen-415x311.jpg 415w, https:\/\/media.babyartikel.de\/magazin\/wp-content\/uploads\/2024\/09\/joie-pact-pro-test-vorderraeder-feststellen-412x309.jpg 412w, https:\/\/media.babyartikel.de\/magazin\/wp-content\/uploads\/2024\/09\/joie-pact-pro-test-vorderraeder-feststellen-391x293.jpg 391w, https:\/\/media.babyartikel.de\/magazin\/wp-content\/uploads\/2024\/09\/joie-pact-pro-test-vorderraeder-feststellen-376x282.jpg 376w, https:\/\/media.babyartikel.de\/magazin\/wp-content\/uploads\/2024\/09\/joie-pact-pro-test-vorderraeder-feststellen-360x270.jpg 360w\" sizes=\"auto, (max-width: 1050px) 100vw, 1050px\"><\/figure><p>Die <strong>Bremse <\/strong>hat sich im Vergleich zu den &auml;lteren Pact-Modellen verbessert: Du tippst nur noch von oben auf das rutschfeste Pedal; auch, um es wieder zu l&ouml;sen. <\/p><figure class=\"wp-block-image size-large\"><img loading=\"lazy\" decoding=\"async\" width=\"1050\" height=\"788\" src=\"https:\/\/media.babyartikel.de\/magazin\/wp-content\/uploads\/2024\/09\/joie-pact-pro-test-bremse-1050x788.jpg\" alt=\"joie pact pro test bremse\" class=\"wp-image-952335\" srcset=\"https:\/\/media.babyartikel.de\/magazin\/wp-content\/uploads\/2024\/09\/joie-pact-pro-test-bremse-1050x788.jpg 1050w, https:\/\/media.babyartikel.de\/magazin\/wp-content\/uploads\/2024\/09\/joie-pact-pro-test-bremse-690x518.jpg 690w, https:\/\/media.babyartikel.de\/magazin\/wp-content\/uploads\/2024\/09\/joie-pact-pro-test-bremse-150x113.jpg 150w, https:\/\/media.babyartikel.de\/magazin\/wp-content\/uploads\/2024\/09\/joie-pact-pro-test-bremse-768x576.jpg 768w, https:\/\/media.babyartikel.de\/magazin\/wp-content\/uploads\/2024\/09\/joie-pact-pro-test-bremse-1536x1152.jpg 1536w, https:\/\/media.babyartikel.de\/magazin\/wp-content\/uploads\/2024\/09\/joie-pact-pro-test-bremse-2048x1536.jpg 2048w, https:\/\/media.babyartikel.de\/magazin\/wp-content\/uploads\/2024\/09\/joie-pact-pro-test-bremse-631x473.jpg 631w, https:\/\/media.babyartikel.de\/magazin\/wp-content\/uploads\/2024\/09\/joie-pact-pro-test-bremse-415x311.jpg 415w, https:\/\/media.babyartikel.de\/magazin\/wp-content\/uploads\/2024\/09\/joie-pact-pro-test-bremse-412x309.jpg 412w, https:\/\/media.babyartikel.de\/magazin\/wp-content\/uploads\/2024\/09\/joie-pact-pro-test-bremse-391x293.jpg 391w, https:\/\/media.babyartikel.de\/magazin\/wp-content\/uploads\/2024\/09\/joie-pact-pro-test-bremse-376x282.jpg 376w, https:\/\/media.babyartikel.de\/magazin\/wp-content\/uploads\/2024\/09\/joie-pact-pro-test-bremse-360x270.jpg 360w\" sizes=\"auto, (max-width: 1050px) 100vw, 1050px\"><\/figure><p>Deine Zehen kommen so gar nicht mit der Bremse in Ber&uuml;hrung &ndash; zerkratze Schuhspitzen oder eine demolierte Pedik&uuml;re sind also pass&eacute;.<\/p><h2 class=\"wp-block-heading\" id=\"h-wie-gross-und-schwer-ist-der-joie-pact-pro-und-wie-gut-lasst-er-sich-fur-die-reise-verstauen\"><span class=\"ez-toc-section\" id=\"Wie_gross_und_schwer_ist_der_Joie_Pact_Pro_%E2%80%93_und_wie_gut_laesst_er_sich_fuer_die_Reise_verstauen\"><\/span>Wie gro&szlig; und schwer ist der Joie Pact Pro &ndash; und wie gut l&auml;sst er sich f&uuml;r die Reise verstauen?<span class=\"ez-toc-section-end\"><\/span><\/h2><p>Zusammengeklappt misst der Pact Pro ca. <strong>66 x 47 x 24 cm<\/strong> und passt damit auch in den kleinsten Kofferraum. Um noch ein paar Zentimeter einzusparen, kannst Du alle R&auml;der per Knopfdruck abnehmen. <\/p><figure class=\"wp-block-image size-large\"><img loading=\"lazy\" decoding=\"async\" width=\"1050\" height=\"788\" src=\"https:\/\/media.babyartikel.de\/magazin\/wp-content\/uploads\/2024\/10\/joie-pact-pro-test-klappmass-1050x788.jpg\" alt=\"joie pact pro test zusammenfalten, packma&szlig;\" class=\"wp-image-952364\" srcset=\"https:\/\/media.babyartikel.de\/magazin\/wp-content\/uploads\/2024\/10\/joie-pact-pro-test-klappmass-1050x788.jpg 1050w, https:\/\/media.babyartikel.de\/magazin\/wp-content\/uploads\/2024\/10\/joie-pact-pro-test-klappmass-690x518.jpg 690w, https:\/\/media.babyartikel.de\/magazin\/wp-content\/uploads\/2024\/10\/joie-pact-pro-test-klappmass-150x113.jpg 150w, https:\/\/media.babyartikel.de\/magazin\/wp-content\/uploads\/2024\/10\/joie-pact-pro-test-klappmass-768x576.jpg 768w, https:\/\/media.babyartikel.de\/magazin\/wp-content\/uploads\/2024\/10\/joie-pact-pro-test-klappmass-1536x1152.jpg 1536w, https:\/\/media.babyartikel.de\/magazin\/wp-content\/uploads\/2024\/10\/joie-pact-pro-test-klappmass-2048x1536.jpg 2048w, https:\/\/media.babyartikel.de\/magazin\/wp-content\/uploads\/2024\/10\/joie-pact-pro-test-klappmass-631x473.jpg 631w, https:\/\/media.babyartikel.de\/magazin\/wp-content\/uploads\/2024\/10\/joie-pact-pro-test-klappmass-415x311.jpg 415w, https:\/\/media.babyartikel.de\/magazin\/wp-content\/uploads\/2024\/10\/joie-pact-pro-test-klappmass-412x309.jpg 412w, https:\/\/media.babyartikel.de\/magazin\/wp-content\/uploads\/2024\/10\/joie-pact-pro-test-klappmass-391x293.jpg 391w, https:\/\/media.babyartikel.de\/magazin\/wp-content\/uploads\/2024\/10\/joie-pact-pro-test-klappmass-376x282.jpg 376w, https:\/\/media.babyartikel.de\/magazin\/wp-content\/uploads\/2024\/10\/joie-pact-pro-test-klappmass-360x270.jpg 360w\" sizes=\"auto, (max-width: 1050px) 100vw, 1050px\"><\/figure><p>Wenn Du den Joie Pact Pro zusammengeklappt hast, dient der Schutzb&uuml;gel als Tragegriff.<\/p><p>Die<strong> gro&szlig;e Transporttasche<\/strong>, die im Lieferumfang von allen kleineren Joie Buggys enthalten ist, hat oben einen Klettverschluss und einen langen Schultergurt. <\/p><figure class=\"wp-block-image size-large\"><img loading=\"lazy\" decoding=\"async\" width=\"1698\" height=\"1273\" src=\"https:\/\/media.babyartikel.de\/magazin\/wp-content\/uploads\/2024\/10\/joie-pact-pro-test-transporttasche-edited.jpg\" alt=\"joi epact pro test bewertung trransporttasche\" class=\"wp-image-952360\" srcset=\"https:\/\/media.babyartikel.de\/magazin\/wp-content\/uploads\/2024\/10\/joie-pact-pro-test-transporttasche-edited.jpg 1698w, https:\/\/media.babyartikel.de\/magazin\/wp-content\/uploads\/2024\/10\/joie-pact-pro-test-transporttasche-edited-690x517.jpg 690w, https:\/\/media.babyartikel.de\/magazin\/wp-content\/uploads\/2024\/10\/joie-pact-pro-test-transporttasche-edited-1050x787.jpg 1050w, https:\/\/media.babyartikel.de\/magazin\/wp-content\/uploads\/2024\/10\/joie-pact-pro-test-transporttasche-edited-150x112.jpg 150w, https:\/\/media.babyartikel.de\/magazin\/wp-content\/uploads\/2024\/10\/joie-pact-pro-test-transporttasche-edited-768x576.jpg 768w, https:\/\/media.babyartikel.de\/magazin\/wp-content\/uploads\/2024\/10\/joie-pact-pro-test-transporttasche-edited-1536x1152.jpg 1536w, https:\/\/media.babyartikel.de\/magazin\/wp-content\/uploads\/2024\/10\/joie-pact-pro-test-transporttasche-edited-631x473.jpg 631w, https:\/\/media.babyartikel.de\/magazin\/wp-content\/uploads\/2024\/10\/joie-pact-pro-test-transporttasche-edited-415x311.jpg 415w, https:\/\/media.babyartikel.de\/magazin\/wp-content\/uploads\/2024\/10\/joie-pact-pro-test-transporttasche-edited-412x309.jpg 412w, https:\/\/media.babyartikel.de\/magazin\/wp-content\/uploads\/2024\/10\/joie-pact-pro-test-transporttasche-edited-391x293.jpg 391w, https:\/\/media.babyartikel.de\/magazin\/wp-content\/uploads\/2024\/10\/joie-pact-pro-test-transporttasche-edited-376x282.jpg 376w, https:\/\/media.babyartikel.de\/magazin\/wp-content\/uploads\/2024\/10\/joie-pact-pro-test-transporttasche-edited-360x270.jpg 360w\" sizes=\"auto, (max-width: 1698px) 100vw, 1698px\"><\/figure><p>Wenn Du den Wagen in der Tasche tr&auml;gst, bleiben Deine Hosenbeine sauber.<\/p><a style=\"\" class=\"link-to-product \" title=\"Joie Pact Pro im Shop anschauen\" href=\"http:\/\/www.babyartikel.de\/prod\/joie-reisebuggy-sportwagen-pact-pro-bis-22-kg-belastbar-mit-liegeposition-nur-63-kg-leicht-inkl-transporttasche-adapter-rgenschutz-shale\">\n                        Joie Pact Pro im Shop anschauen\n                    <\/a><h2 class=\"wp-block-heading\" id=\"h-den-joie-pact-pro-im-test-zusammenklappen\"><span class=\"ez-toc-section\" id=\"Den_Joie_Pact_Pro_im_Test_zusammenklappen\"><\/span>Den Joie Pact Pro im Test zusammenklappen<span class=\"ez-toc-section-end\"><\/span><\/h2><p>Den Mechanismus zum Zusammenklappen kenne ich schon von anderen Joie-Buggys; auch bei Maxi-Cosi  und manchen Buggys von Hauck gibt es ein &auml;hnliches System: <strong>Du schiebst den Knopf oben am Schieber mit dem Daumen nach rechts und dr&uuml;ckst gleichzeitig den Knopf an der Unterseite.<\/strong> So faltet sich der Buggy beinahe automatisch zusammen. <\/p><figure class=\"wp-block-image size-large\"><img loading=\"lazy\" decoding=\"async\" width=\"1050\" height=\"788\" src=\"https:\/\/media.babyartikel.de\/magazin\/wp-content\/uploads\/2024\/09\/joie-pact-pro-zusammenklappen-test-1050x788.jpg\" alt=\"joie pact pro test zusammenklappen schieber\" class=\"wp-image-952344\" srcset=\"https:\/\/media.babyartikel.de\/magazin\/wp-content\/uploads\/2024\/09\/joie-pact-pro-zusammenklappen-test-1050x788.jpg 1050w, https:\/\/media.babyartikel.de\/magazin\/wp-content\/uploads\/2024\/09\/joie-pact-pro-zusammenklappen-test-690x518.jpg 690w, https:\/\/media.babyartikel.de\/magazin\/wp-content\/uploads\/2024\/09\/joie-pact-pro-zusammenklappen-test-150x113.jpg 150w, https:\/\/media.babyartikel.de\/magazin\/wp-content\/uploads\/2024\/09\/joie-pact-pro-zusammenklappen-test-768x576.jpg 768w, https:\/\/media.babyartikel.de\/magazin\/wp-content\/uploads\/2024\/09\/joie-pact-pro-zusammenklappen-test-1536x1152.jpg 1536w, https:\/\/media.babyartikel.de\/magazin\/wp-content\/uploads\/2024\/09\/joie-pact-pro-zusammenklappen-test-2048x1536.jpg 2048w, https:\/\/media.babyartikel.de\/magazin\/wp-content\/uploads\/2024\/09\/joie-pact-pro-zusammenklappen-test-631x473.jpg 631w, https:\/\/media.babyartikel.de\/magazin\/wp-content\/uploads\/2024\/09\/joie-pact-pro-zusammenklappen-test-415x311.jpg 415w, https:\/\/media.babyartikel.de\/magazin\/wp-content\/uploads\/2024\/09\/joie-pact-pro-zusammenklappen-test-412x309.jpg 412w, https:\/\/media.babyartikel.de\/magazin\/wp-content\/uploads\/2024\/09\/joie-pact-pro-zusammenklappen-test-391x293.jpg 391w, https:\/\/media.babyartikel.de\/magazin\/wp-content\/uploads\/2024\/09\/joie-pact-pro-zusammenklappen-test-376x282.jpg 376w, https:\/\/media.babyartikel.de\/magazin\/wp-content\/uploads\/2024\/09\/joie-pact-pro-zusammenklappen-test-360x270.jpg 360w\" sizes=\"auto, (max-width: 1050px) 100vw, 1050px\"><\/figure><p>Beim Pact Pro ist der Faltmechanismus so leichtg&auml;ngig, dass es bei mir auch als Linskh&auml;nderin beim ersten Anlauf klappt. <\/p><p>Im Video zeige ich Dir, wie es geht: <\/p><figure class=\"wp-block-embed is-type-video is-provider-youtube wp-block-embed-youtube wp-embed-aspect-16-9 wp-has-aspect-ratio\"><div class=\"wp-block-embed__wrapper\">\n<lite-youtube videoid=\"Te1rzx-t6vg\" style=\"background-image: url('https:\/\/yt.babyartikel.de\/Te1rzx-t6vg\/hqdefault.webp'\"><p class=\"lite-youtube__privacy-notice\">Beim Klick wird dieses Video von den YouTube-Servern geladen. Details siehe <a href=\"\/de\/datenschutz\">Datenschutzerkl&auml;rung<\/a>.<\/p><\/lite-youtube>\n<\/div><\/figure><h2 class=\"wp-block-heading\" id=\"h-ab-wann-und-wie-lange-kannst-du-den-joie-pact-pro-nutzen\"><span class=\"ez-toc-section\" id=\"Ab_wann_und_wie_lange_kannst_Du_den_Joie_Pact_Pro_nutzen\"><\/span>Ab wann und wie lange kannst Du den Joie Pact Pro nutzen?<span class=\"ez-toc-section-end\"><\/span><\/h2><p>Wie eingangs gespoilert, hat der Joie Pact Pro einen <strong>entscheidenden Vorteil<\/strong>: W&auml;hrend das &auml;ltere Pact-Modell erst ab dem Sitzalter zul&auml;ssig war, kannst Du den Pact Pro mit dem passenden Zubeh&ouml;r in einen <strong>vollwertigen Kinderwagen ab Geburt<\/strong> verwandeln. <\/p><p>Die <a href=\"https:\/\/www.babyartikel.de\/prod\/joie-babywanne-ramble-fur-litetrax-und-mytrax-modelle-shale\"><strong>Joie-Babywanne Ramble<\/strong><\/a> klickst Du mit den mitgelieferten Adaptern auf das Gestell, alternativ kannst Du mit dem selben Adapter-Set auch eine <strong>Babyschale <\/strong>aufstecken (es passen verschiedene Modelle, hier im Bild siehst Du den <a href=\"https:\/\/www.babyartikel.de\/prod\/joie-babyschale-i-snug-2-ab-geburt-13-kg-40-cm-75-cm-inkl-sitzverkleinerer-nur-335-kg-shale\">Testsieger Joie i-snug 2<\/a>). <\/p><figure class=\"wp-block-gallery has-nested-images columns-default is-cropped wp-block-gallery-2 is-layout-flex wp-block-gallery-is-layout-flex\">\n<figure class=\"wp-block-image size-large is-style-default\"><a href=\"https:\/\/www.babyartikel.de\/prod\/joie-reisebuggy-sportwagen-pact-pro-bis-22-kg-belastbar-mit-liegeposition-nur-63-kg-leicht-inkl-transporttasche-adapter-rgenschutz-shale\"><img loading=\"lazy\" decoding=\"async\" width=\"473\" height=\"473\" data-id=\"952374\" src=\"https:\/\/media.babyartikel.de\/magazin\/wp-content\/uploads\/2024\/10\/joie-pact-pro-ab-geburt-babywanne-ramble-xl.jpg\" alt=\"\" class=\"wp-image-952374\" srcset=\"https:\/\/media.babyartikel.de\/magazin\/wp-content\/uploads\/2024\/10\/joie-pact-pro-ab-geburt-babywanne-ramble-xl.jpg 473w, https:\/\/media.babyartikel.de\/magazin\/wp-content\/uploads\/2024\/10\/joie-pact-pro-ab-geburt-babywanne-ramble-xl-150x150.jpg 150w, https:\/\/media.babyartikel.de\/magazin\/wp-content\/uploads\/2024\/10\/joie-pact-pro-ab-geburt-babywanne-ramble-xl-415x415.jpg 415w, https:\/\/media.babyartikel.de\/magazin\/wp-content\/uploads\/2024\/10\/joie-pact-pro-ab-geburt-babywanne-ramble-xl-412x412.jpg 412w, https:\/\/media.babyartikel.de\/magazin\/wp-content\/uploads\/2024\/10\/joie-pact-pro-ab-geburt-babywanne-ramble-xl-391x391.jpg 391w, https:\/\/media.babyartikel.de\/magazin\/wp-content\/uploads\/2024\/10\/joie-pact-pro-ab-geburt-babywanne-ramble-xl-376x376.jpg 376w, https:\/\/media.babyartikel.de\/magazin\/wp-content\/uploads\/2024\/10\/joie-pact-pro-ab-geburt-babywanne-ramble-xl-360x360.jpg 360w, https:\/\/media.babyartikel.de\/magazin\/wp-content\/uploads\/2024\/10\/joie-pact-pro-ab-geburt-babywanne-ramble-xl-40x40.jpg 40w, https:\/\/media.babyartikel.de\/magazin\/wp-content\/uploads\/2024\/10\/joie-pact-pro-ab-geburt-babywanne-ramble-xl-90x90.jpg 90w, https:\/\/media.babyartikel.de\/magazin\/wp-content\/uploads\/2024\/10\/joie-pact-pro-ab-geburt-babywanne-ramble-xl-192x192.jpg 192w, https:\/\/media.babyartikel.de\/magazin\/wp-content\/uploads\/2024\/10\/joie-pact-pro-ab-geburt-babywanne-ramble-xl-96x96.jpg 96w, https:\/\/media.babyartikel.de\/magazin\/wp-content\/uploads\/2024\/10\/joie-pact-pro-ab-geburt-babywanne-ramble-xl-25x25.jpg 25w\" sizes=\"auto, (max-width: 473px) 100vw, 473px\"><\/a><\/figure>\n\n\n\n<figure class=\"wp-block-image size-large\"><a href=\"https:\/\/www.babyartikel.de\/prod\/joie-reisebuggy-sportwagen-pact-pro-bis-22-kg-belastbar-mit-liegeposition-nur-63-kg-leicht-inkl-transporttasche-adapter-rgenschutz-shale\"><img loading=\"lazy\" decoding=\"async\" width=\"464\" height=\"464\" data-id=\"952373\" src=\"https:\/\/media.babyartikel.de\/magazin\/wp-content\/uploads\/2024\/10\/joie-reisebuggy-pact-pro-adapter-travelsystem.jpg\" alt=\"\" class=\"wp-image-952373\" srcset=\"https:\/\/media.babyartikel.de\/magazin\/wp-content\/uploads\/2024\/10\/joie-reisebuggy-pact-pro-adapter-travelsystem.jpg 464w, https:\/\/media.babyartikel.de\/magazin\/wp-content\/uploads\/2024\/10\/joie-reisebuggy-pact-pro-adapter-travelsystem-150x150.jpg 150w, https:\/\/media.babyartikel.de\/magazin\/wp-content\/uploads\/2024\/10\/joie-reisebuggy-pact-pro-adapter-travelsystem-415x415.jpg 415w, https:\/\/media.babyartikel.de\/magazin\/wp-content\/uploads\/2024\/10\/joie-reisebuggy-pact-pro-adapter-travelsystem-412x412.jpg 412w, https:\/\/media.babyartikel.de\/magazin\/wp-content\/uploads\/2024\/10\/joie-reisebuggy-pact-pro-adapter-travelsystem-391x391.jpg 391w, https:\/\/media.babyartikel.de\/magazin\/wp-content\/uploads\/2024\/10\/joie-reisebuggy-pact-pro-adapter-travelsystem-376x376.jpg 376w, https:\/\/media.babyartikel.de\/magazin\/wp-content\/uploads\/2024\/10\/joie-reisebuggy-pact-pro-adapter-travelsystem-360x360.jpg 360w, https:\/\/media.babyartikel.de\/magazin\/wp-content\/uploads\/2024\/10\/joie-reisebuggy-pact-pro-adapter-travelsystem-40x40.jpg 40w, https:\/\/media.babyartikel.de\/magazin\/wp-content\/uploads\/2024\/10\/joie-reisebuggy-pact-pro-adapter-travelsystem-90x90.jpg 90w, https:\/\/media.babyartikel.de\/magazin\/wp-content\/uploads\/2024\/10\/joie-reisebuggy-pact-pro-adapter-travelsystem-192x192.jpg 192w, https:\/\/media.babyartikel.de\/magazin\/wp-content\/uploads\/2024\/10\/joie-reisebuggy-pact-pro-adapter-travelsystem-96x96.jpg 96w, https:\/\/media.babyartikel.de\/magazin\/wp-content\/uploads\/2024\/10\/joie-reisebuggy-pact-pro-adapter-travelsystem-25x25.jpg 25w\" sizes=\"auto, (max-width: 464px) 100vw, 464px\"><\/a><\/figure>\n<\/figure><p><strong>Wenn Dein Kind in der Lage ist, sich selbstst&auml;ndig hinzusetzen, darf es im Buggy mitfahren.<\/strong> Damit es zwischendurch gem&uuml;tlich einschlafen kann, stellst Du die R&uuml;ckenlehne per Knopfdruck flach. Das funktioniert auch mit einer Hand erstaunlich gut, viel besser als das Kordelzug-System von fr&uuml;heren Modellen. <\/p><p>Weil der Pact Pro bis <strong>22 kg<\/strong> belastbar ist, kannst Du ihn deutlich l&auml;nger nutzen als viele andere Buggys (von Joie halten z.B. nur noch der <a href=\"https:\/\/www.babyartikel.de\/magazin\/joie-parcel-test-erfahrungen\">Parcel <\/a>und der <a href=\"https:\/\/www.babyartikel.de\/magazin\/joie-brisk-lx-test\">Brisk LX<\/a> so viel Gewicht aus, alle anderen sind nur bis 15 kg gepr&uuml;ft).<\/p><figure class=\"wp-block-image size-large is-resized\"><img loading=\"lazy\" decoding=\"async\" width=\"1050\" height=\"788\" src=\"https:\/\/media.babyartikel.de\/magazin\/wp-content\/uploads\/2024\/09\/joie-pact-pro-test-liegeposition-1050x788.jpg\" alt=\"joie pact pro test schlafposition liegefl&auml;che bewertung\" class=\"wp-image-952342\" style=\"width:840px;height:auto\" srcset=\"https:\/\/media.babyartikel.de\/magazin\/wp-content\/uploads\/2024\/09\/joie-pact-pro-test-liegeposition-1050x788.jpg 1050w, https:\/\/media.babyartikel.de\/magazin\/wp-content\/uploads\/2024\/09\/joie-pact-pro-test-liegeposition-690x518.jpg 690w, https:\/\/media.babyartikel.de\/magazin\/wp-content\/uploads\/2024\/09\/joie-pact-pro-test-liegeposition-150x113.jpg 150w, https:\/\/media.babyartikel.de\/magazin\/wp-content\/uploads\/2024\/09\/joie-pact-pro-test-liegeposition-768x576.jpg 768w, https:\/\/media.babyartikel.de\/magazin\/wp-content\/uploads\/2024\/09\/joie-pact-pro-test-liegeposition-1536x1152.jpg 1536w, https:\/\/media.babyartikel.de\/magazin\/wp-content\/uploads\/2024\/09\/joie-pact-pro-test-liegeposition-2048x1536.jpg 2048w, https:\/\/media.babyartikel.de\/magazin\/wp-content\/uploads\/2024\/09\/joie-pact-pro-test-liegeposition-631x473.jpg 631w, https:\/\/media.babyartikel.de\/magazin\/wp-content\/uploads\/2024\/09\/joie-pact-pro-test-liegeposition-415x311.jpg 415w, https:\/\/media.babyartikel.de\/magazin\/wp-content\/uploads\/2024\/09\/joie-pact-pro-test-liegeposition-412x309.jpg 412w, https:\/\/media.babyartikel.de\/magazin\/wp-content\/uploads\/2024\/09\/joie-pact-pro-test-liegeposition-391x293.jpg 391w, https:\/\/media.babyartikel.de\/magazin\/wp-content\/uploads\/2024\/09\/joie-pact-pro-test-liegeposition-376x282.jpg 376w, https:\/\/media.babyartikel.de\/magazin\/wp-content\/uploads\/2024\/09\/joie-pact-pro-test-liegeposition-360x270.jpg 360w\" sizes=\"auto, (max-width: 1050px) 100vw, 1050px\"><\/figure><p>Ein maximales Alter bzw. eine maximale Gr&ouml;&szlig;e des Kindes gibt der Hersteller nicht an. <strong>Meine Test-Puppe ist 80 cm gro&szlig; und entspricht etwa einem einj&auml;hrigen Kind, sie hat im Kopfbereich noch etwas Luft.<\/strong><\/p><p>Wenn Dein Kind &auml;lter wird, klappst Du die Wadenst&uuml;tze herunter und es kann seine F&uuml;&szlig;e auf dem festen Kunststoff-Brett abstellen. Ab einem Alter von etwa 3,5 Jahren d&uuml;rfte es Deinem Kind langsam zu eng werden.<\/p><figure class=\"wp-block-image size-large\"><img loading=\"lazy\" decoding=\"async\" width=\"1050\" height=\"788\" src=\"https:\/\/media.babyartikel.de\/magazin\/wp-content\/uploads\/2024\/09\/joie-pact-pro-flachstellen-rueckenlehne-1050x788.jpg\" alt=\"joie pact pro test r&uuml;ckenlehne flachstellen\" class=\"wp-image-952333\" srcset=\"https:\/\/media.babyartikel.de\/magazin\/wp-content\/uploads\/2024\/09\/joie-pact-pro-flachstellen-rueckenlehne-1050x788.jpg 1050w, https:\/\/media.babyartikel.de\/magazin\/wp-content\/uploads\/2024\/09\/joie-pact-pro-flachstellen-rueckenlehne-690x518.jpg 690w, https:\/\/media.babyartikel.de\/magazin\/wp-content\/uploads\/2024\/09\/joie-pact-pro-flachstellen-rueckenlehne-150x113.jpg 150w, https:\/\/media.babyartikel.de\/magazin\/wp-content\/uploads\/2024\/09\/joie-pact-pro-flachstellen-rueckenlehne-768x576.jpg 768w, https:\/\/media.babyartikel.de\/magazin\/wp-content\/uploads\/2024\/09\/joie-pact-pro-flachstellen-rueckenlehne-1536x1152.jpg 1536w, https:\/\/media.babyartikel.de\/magazin\/wp-content\/uploads\/2024\/09\/joie-pact-pro-flachstellen-rueckenlehne-2048x1536.jpg 2048w, https:\/\/media.babyartikel.de\/magazin\/wp-content\/uploads\/2024\/09\/joie-pact-pro-flachstellen-rueckenlehne-631x473.jpg 631w, https:\/\/media.babyartikel.de\/magazin\/wp-content\/uploads\/2024\/09\/joie-pact-pro-flachstellen-rueckenlehne-415x311.jpg 415w, https:\/\/media.babyartikel.de\/magazin\/wp-content\/uploads\/2024\/09\/joie-pact-pro-flachstellen-rueckenlehne-412x309.jpg 412w, https:\/\/media.babyartikel.de\/magazin\/wp-content\/uploads\/2024\/09\/joie-pact-pro-flachstellen-rueckenlehne-391x293.jpg 391w, https:\/\/media.babyartikel.de\/magazin\/wp-content\/uploads\/2024\/09\/joie-pact-pro-flachstellen-rueckenlehne-376x282.jpg 376w, https:\/\/media.babyartikel.de\/magazin\/wp-content\/uploads\/2024\/09\/joie-pact-pro-flachstellen-rueckenlehne-360x270.jpg 360w\" sizes=\"auto, (max-width: 1050px) 100vw, 1050px\"><\/figure><p>Ebenfalls ein Upgrade ist das <strong>Netzfenster &uuml;ber der R&uuml;ckenlehne<\/strong>, das eine gute Luftzirkulation erm&ouml;glicht. Ein weiteres Fenster aus feinem Meshgewebe befindet sich oben am Sonnenverdeck.<\/p><h2 class=\"wp-block-heading\" id=\"h-wie-gut-liegt-dein-kind-im-joie-pact-pro\"><span class=\"ez-toc-section\" id=\"Wie_gut_liegt_Dein_Kind_im_Joie_Pact_Pro\"><\/span>Wie gut liegt Dein Kind im Joie Pact Pro?<span class=\"ez-toc-section-end\"><\/span><\/h2><figure class=\"wp-block-image size-large\"><img loading=\"lazy\" decoding=\"async\" width=\"1050\" height=\"788\" src=\"https:\/\/media.babyartikel.de\/magazin\/wp-content\/uploads\/2024\/09\/joie-pact-pro-test-erfahrungen-liegeposition-1050x788.jpg\" alt=\"joie pact pro test liegeposition bewertung\" class=\"wp-image-952339\" srcset=\"https:\/\/media.babyartikel.de\/magazin\/wp-content\/uploads\/2024\/09\/joie-pact-pro-test-erfahrungen-liegeposition-1050x788.jpg 1050w, https:\/\/media.babyartikel.de\/magazin\/wp-content\/uploads\/2024\/09\/joie-pact-pro-test-erfahrungen-liegeposition-690x518.jpg 690w, https:\/\/media.babyartikel.de\/magazin\/wp-content\/uploads\/2024\/09\/joie-pact-pro-test-erfahrungen-liegeposition-150x113.jpg 150w, https:\/\/media.babyartikel.de\/magazin\/wp-content\/uploads\/2024\/09\/joie-pact-pro-test-erfahrungen-liegeposition-768x576.jpg 768w, https:\/\/media.babyartikel.de\/magazin\/wp-content\/uploads\/2024\/09\/joie-pact-pro-test-erfahrungen-liegeposition-1536x1152.jpg 1536w, https:\/\/media.babyartikel.de\/magazin\/wp-content\/uploads\/2024\/09\/joie-pact-pro-test-erfahrungen-liegeposition-2048x1536.jpg 2048w, https:\/\/media.babyartikel.de\/magazin\/wp-content\/uploads\/2024\/09\/joie-pact-pro-test-erfahrungen-liegeposition-631x473.jpg 631w, https:\/\/media.babyartikel.de\/magazin\/wp-content\/uploads\/2024\/09\/joie-pact-pro-test-erfahrungen-liegeposition-415x311.jpg 415w, https:\/\/media.babyartikel.de\/magazin\/wp-content\/uploads\/2024\/09\/joie-pact-pro-test-erfahrungen-liegeposition-412x309.jpg 412w, https:\/\/media.babyartikel.de\/magazin\/wp-content\/uploads\/2024\/09\/joie-pact-pro-test-erfahrungen-liegeposition-391x293.jpg 391w, https:\/\/media.babyartikel.de\/magazin\/wp-content\/uploads\/2024\/09\/joie-pact-pro-test-erfahrungen-liegeposition-376x282.jpg 376w, https:\/\/media.babyartikel.de\/magazin\/wp-content\/uploads\/2024\/09\/joie-pact-pro-test-erfahrungen-liegeposition-360x270.jpg 360w\" sizes=\"auto, (max-width: 1050px) 100vw, 1050px\"><\/figure><p>Die <strong>Liegefl&auml;che <\/strong>ist mit ca.<strong> 83 x 32 cm<\/strong> f&uuml;r einen Reisebuggy recht gro&szlig;, und eine <strong>50 cm lange R&uuml;ckenlehne<\/strong> findet man bei so kompakten Buggys selten. <\/p><p>Kleines Manko: Ganz flach einstellen l&auml;sst sich die Schlafposition &ndash; wie bei fast allen Reisebuggys, die ich kenne &ndash; leider nicht. Ich vermute, das liegt daran, dass Du beim Schieben sonst weniger Beinfreiheit h&auml;ttest. Den meisten Kindern macht das nicht aus, nach einer Mahlzeit ist das Einschlafen mit leicht erh&ouml;htem Kopfbereich sogar angenehmer.<\/p><h3 class=\"wp-block-heading\" id=\"h-sicher-und-bequem-unterwegs\">Sicher und bequem unterwegs<\/h3><p>Die <strong>Gurte <\/strong>sind <strong>gro&szlig;z&uuml;gig gepolstert <\/strong>und lassen sich <strong>unkompliziert in der H&ouml;he verstellen<\/strong>. <\/p><figure class=\"wp-block-image size-large\"><img loading=\"lazy\" decoding=\"async\" width=\"1050\" height=\"788\" src=\"https:\/\/media.babyartikel.de\/magazin\/wp-content\/uploads\/2024\/09\/joie-pact-pro-test-gurte-1050x788.jpg\" alt=\"joie pact pro test gurte\" class=\"wp-image-952340\" srcset=\"https:\/\/media.babyartikel.de\/magazin\/wp-content\/uploads\/2024\/09\/joie-pact-pro-test-gurte-1050x788.jpg 1050w, https:\/\/media.babyartikel.de\/magazin\/wp-content\/uploads\/2024\/09\/joie-pact-pro-test-gurte-690x518.jpg 690w, https:\/\/media.babyartikel.de\/magazin\/wp-content\/uploads\/2024\/09\/joie-pact-pro-test-gurte-150x113.jpg 150w, https:\/\/media.babyartikel.de\/magazin\/wp-content\/uploads\/2024\/09\/joie-pact-pro-test-gurte-768x576.jpg 768w, https:\/\/media.babyartikel.de\/magazin\/wp-content\/uploads\/2024\/09\/joie-pact-pro-test-gurte-1536x1152.jpg 1536w, https:\/\/media.babyartikel.de\/magazin\/wp-content\/uploads\/2024\/09\/joie-pact-pro-test-gurte-2048x1536.jpg 2048w, https:\/\/media.babyartikel.de\/magazin\/wp-content\/uploads\/2024\/09\/joie-pact-pro-test-gurte-631x473.jpg 631w, https:\/\/media.babyartikel.de\/magazin\/wp-content\/uploads\/2024\/09\/joie-pact-pro-test-gurte-415x311.jpg 415w, https:\/\/media.babyartikel.de\/magazin\/wp-content\/uploads\/2024\/09\/joie-pact-pro-test-gurte-412x309.jpg 412w, https:\/\/media.babyartikel.de\/magazin\/wp-content\/uploads\/2024\/09\/joie-pact-pro-test-gurte-391x293.jpg 391w, https:\/\/media.babyartikel.de\/magazin\/wp-content\/uploads\/2024\/09\/joie-pact-pro-test-gurte-376x282.jpg 376w, https:\/\/media.babyartikel.de\/magazin\/wp-content\/uploads\/2024\/09\/joie-pact-pro-test-gurte-360x270.jpg 360w\" sizes=\"auto, (max-width: 1050px) 100vw, 1050px\"><\/figure><p>Weil Babys und Kleinkinder gerne mal auf den Schulterpolstern herumkauen oder sie mit Hirsekringel-Matsch beschmieren, kannst Du sie<strong> zum Waschen abnehmen<\/strong>.<\/p><h2 class=\"wp-block-heading\" id=\"h-kann-ich-den-bezug-des-pact-pro-abnehmen\"><span class=\"ez-toc-section\" id=\"Kann_ich_den_Bezug_des_Pact_Pro_abnehmen\"><\/span>Kann ich den Bezug des Pact Pro abnehmen?<span class=\"ez-toc-section-end\"><\/span><\/h2><figure class=\"wp-block-image size-large\"><img loading=\"lazy\" decoding=\"async\" width=\"1050\" height=\"788\" src=\"https:\/\/media.babyartikel.de\/magazin\/wp-content\/uploads\/2024\/10\/joie-pact-pro-gurte-verstellen-1050x788.jpg\" alt=\"joie pact pro test schultergurte verstellen\" class=\"wp-image-952376\" srcset=\"https:\/\/media.babyartikel.de\/magazin\/wp-content\/uploads\/2024\/10\/joie-pact-pro-gurte-verstellen-1050x788.jpg 1050w, https:\/\/media.babyartikel.de\/magazin\/wp-content\/uploads\/2024\/10\/joie-pact-pro-gurte-verstellen-690x518.jpg 690w, https:\/\/media.babyartikel.de\/magazin\/wp-content\/uploads\/2024\/10\/joie-pact-pro-gurte-verstellen-150x113.jpg 150w, https:\/\/media.babyartikel.de\/magazin\/wp-content\/uploads\/2024\/10\/joie-pact-pro-gurte-verstellen-768x576.jpg 768w, https:\/\/media.babyartikel.de\/magazin\/wp-content\/uploads\/2024\/10\/joie-pact-pro-gurte-verstellen-1536x1152.jpg 1536w, https:\/\/media.babyartikel.de\/magazin\/wp-content\/uploads\/2024\/10\/joie-pact-pro-gurte-verstellen-2048x1536.jpg 2048w, https:\/\/media.babyartikel.de\/magazin\/wp-content\/uploads\/2024\/10\/joie-pact-pro-gurte-verstellen-631x473.jpg 631w, https:\/\/media.babyartikel.de\/magazin\/wp-content\/uploads\/2024\/10\/joie-pact-pro-gurte-verstellen-415x311.jpg 415w, https:\/\/media.babyartikel.de\/magazin\/wp-content\/uploads\/2024\/10\/joie-pact-pro-gurte-verstellen-412x309.jpg 412w, https:\/\/media.babyartikel.de\/magazin\/wp-content\/uploads\/2024\/10\/joie-pact-pro-gurte-verstellen-391x293.jpg 391w, https:\/\/media.babyartikel.de\/magazin\/wp-content\/uploads\/2024\/10\/joie-pact-pro-gurte-verstellen-376x282.jpg 376w, https:\/\/media.babyartikel.de\/magazin\/wp-content\/uploads\/2024\/10\/joie-pact-pro-gurte-verstellen-360x270.jpg 360w\" sizes=\"auto, (max-width: 1050px) 100vw, 1050px\"><\/figure><p>Auch der <strong>fleckenabweisende Sitzbezug<\/strong> hat eine weiche Polsterung und ist komplett abnehmbar. Ich habe das f&uuml;r den Test ausprobiert und war zuerst etwas unsicher, weil die beiden Plastikteile seitlich des Sitzes sehr fest mit dem Rahmen verbunden sind. Um sie aus der Verankerung zu ziehen, braucht es etwas Kraftaufwand.<\/p><p>Im folgenden Video zeigt eine Joie-Kollegin aus der Schweiz, wie Du den Bezug korrekt entfernst.<\/p><figure class=\"wp-block-embed is-type-video is-provider-youtube wp-block-embed-youtube wp-embed-aspect-16-9 wp-has-aspect-ratio\"><div class=\"wp-block-embed__wrapper\">\n<lite-youtube videoid=\"myl9reztzTc\" style=\"background-image: url('https:\/\/yt.babyartikel.de\/myl9reztzTc\/hqdefault.webp'\"><p class=\"lite-youtube__privacy-notice\">Beim Klick wird dieses Video von den YouTube-Servern geladen. Details siehe <a href=\"\/de\/datenschutz\">Datenschutzerkl&auml;rung<\/a>.<\/p><\/lite-youtube>\n<\/div><\/figure><p>Du kannst den <strong>Bezug mit warmem Wasser von Hand reinigen<\/strong>, das klappt sehr gut z.B. in der Badewanne. Lasse ihn anschlie&szlig;end an der Luft trocknen.<\/p><h2 class=\"wp-block-heading\" id=\"h-wie-viel-stauraum-hat-der-joie-pact-pro\"><span class=\"ez-toc-section\" id=\"Wie_viel_Stauraum_hat_der_Joie_Pact_Pro\"><\/span>Wie viel Stauraum hat der Joie Pact Pro?<span class=\"ez-toc-section-end\"><\/span><\/h2><p>Ein gro&szlig;er und vor allem gut zug&auml;nglicher Einkaufskorb ist f&uuml;r die Shoppingtour mit Deinem Mini-Me enorm wichtig. Immer mehr Hersteller setzen hier auf <strong>Mesh-Gewebe<\/strong>, damit Du zwischen Kuscheltier, Babydecke, Snacks und Feuchtt&uuml;cher schnell findest, wonach Du suchst. <\/p><figure class=\"wp-block-gallery has-nested-images columns-default is-cropped wp-block-gallery-3 is-layout-flex wp-block-gallery-is-layout-flex\">\n<figure class=\"wp-block-image size-large\"><img loading=\"lazy\" decoding=\"async\" width=\"1050\" height=\"787\" data-id=\"952379\" src=\"https:\/\/media.babyartikel.de\/magazin\/wp-content\/uploads\/2024\/10\/joie-pact-pro-test-einkaufskorb-stauraum-1050x787.jpg\" alt=\"\" class=\"wp-image-952379\" srcset=\"https:\/\/media.babyartikel.de\/magazin\/wp-content\/uploads\/2024\/10\/joie-pact-pro-test-einkaufskorb-stauraum-1050x787.jpg 1050w, https:\/\/media.babyartikel.de\/magazin\/wp-content\/uploads\/2024\/10\/joie-pact-pro-test-einkaufskorb-stauraum-690x517.jpg 690w, https:\/\/media.babyartikel.de\/magazin\/wp-content\/uploads\/2024\/10\/joie-pact-pro-test-einkaufskorb-stauraum-150x112.jpg 150w, https:\/\/media.babyartikel.de\/magazin\/wp-content\/uploads\/2024\/10\/joie-pact-pro-test-einkaufskorb-stauraum-768x576.jpg 768w, https:\/\/media.babyartikel.de\/magazin\/wp-content\/uploads\/2024\/10\/joie-pact-pro-test-einkaufskorb-stauraum-1536x1152.jpg 1536w, https:\/\/media.babyartikel.de\/magazin\/wp-content\/uploads\/2024\/10\/joie-pact-pro-test-einkaufskorb-stauraum-2048x1536.jpg 2048w, https:\/\/media.babyartikel.de\/magazin\/wp-content\/uploads\/2024\/10\/joie-pact-pro-test-einkaufskorb-stauraum-631x473.jpg 631w, https:\/\/media.babyartikel.de\/magazin\/wp-content\/uploads\/2024\/10\/joie-pact-pro-test-einkaufskorb-stauraum-415x311.jpg 415w, https:\/\/media.babyartikel.de\/magazin\/wp-content\/uploads\/2024\/10\/joie-pact-pro-test-einkaufskorb-stauraum-412x309.jpg 412w, https:\/\/media.babyartikel.de\/magazin\/wp-content\/uploads\/2024\/10\/joie-pact-pro-test-einkaufskorb-stauraum-391x293.jpg 391w, https:\/\/media.babyartikel.de\/magazin\/wp-content\/uploads\/2024\/10\/joie-pact-pro-test-einkaufskorb-stauraum-376x282.jpg 376w, https:\/\/media.babyartikel.de\/magazin\/wp-content\/uploads\/2024\/10\/joie-pact-pro-test-einkaufskorb-stauraum-360x270.jpg 360w\" sizes=\"auto, (max-width: 1050px) 100vw, 1050px\"><\/figure>\n\n\n\n<figure class=\"wp-block-image size-large\"><img loading=\"lazy\" decoding=\"async\" width=\"1050\" height=\"787\" data-id=\"952380\" src=\"https:\/\/media.babyartikel.de\/magazin\/wp-content\/uploads\/2024\/10\/joie-pact-pro-test-einkaufskorb-1050x787.jpg\" alt=\"\" class=\"wp-image-952380\" srcset=\"https:\/\/media.babyartikel.de\/magazin\/wp-content\/uploads\/2024\/10\/joie-pact-pro-test-einkaufskorb-1050x787.jpg 1050w, https:\/\/media.babyartikel.de\/magazin\/wp-content\/uploads\/2024\/10\/joie-pact-pro-test-einkaufskorb-690x517.jpg 690w, https:\/\/media.babyartikel.de\/magazin\/wp-content\/uploads\/2024\/10\/joie-pact-pro-test-einkaufskorb-150x112.jpg 150w, https:\/\/media.babyartikel.de\/magazin\/wp-content\/uploads\/2024\/10\/joie-pact-pro-test-einkaufskorb-768x576.jpg 768w, https:\/\/media.babyartikel.de\/magazin\/wp-content\/uploads\/2024\/10\/joie-pact-pro-test-einkaufskorb-1536x1152.jpg 1536w, https:\/\/media.babyartikel.de\/magazin\/wp-content\/uploads\/2024\/10\/joie-pact-pro-test-einkaufskorb-2048x1536.jpg 2048w, https:\/\/media.babyartikel.de\/magazin\/wp-content\/uploads\/2024\/10\/joie-pact-pro-test-einkaufskorb-631x473.jpg 631w, https:\/\/media.babyartikel.de\/magazin\/wp-content\/uploads\/2024\/10\/joie-pact-pro-test-einkaufskorb-415x311.jpg 415w, https:\/\/media.babyartikel.de\/magazin\/wp-content\/uploads\/2024\/10\/joie-pact-pro-test-einkaufskorb-412x309.jpg 412w, https:\/\/media.babyartikel.de\/magazin\/wp-content\/uploads\/2024\/10\/joie-pact-pro-test-einkaufskorb-391x293.jpg 391w, https:\/\/media.babyartikel.de\/magazin\/wp-content\/uploads\/2024\/10\/joie-pact-pro-test-einkaufskorb-376x282.jpg 376w, https:\/\/media.babyartikel.de\/magazin\/wp-content\/uploads\/2024\/10\/joie-pact-pro-test-einkaufskorb-360x270.jpg 360w\" sizes=\"auto, (max-width: 1050px) 100vw, 1050px\"><\/figure>\n<\/figure><p>Beim Pact Pro ist der Korb praktischerweise so gestaltet, dass Du von <strong>beiden Seiten hineingreifen<\/strong> kannst.<\/p><h2 class=\"wp-block-heading\" id=\"h-ist-der-joie-pact-pro-der-richtige-buggy-fur-dich\"><span class=\"ez-toc-section\" id=\"Ist_der_Joie_Pact_Pro_der_richtige_Buggy_fuer_Dich\"><\/span>Ist der Joie Pact Pro der richtige Buggy f&uuml;r Dich?<span class=\"ez-toc-section-end\"><\/span><\/h2><p><strong>Wenn Du einen kompakten Buggy suchst, der sich im Alltag mit Kleinkind gut bedienen l&auml;sst, empfehle ich Dir den Joie Pact Pro zu 100%. <\/strong>Ein leichter Buggy mit einem so unkomplizierten Handling ist nicht nur f&uuml;r den Urlaub praktisch, sondern zum Beispiel auch, wenn Du mit dem zweiten Kind schwanger bist und nicht so schwer heben darfst. Weil der Pact Pro so wenig Platz braucht, kannst Du ihn vielleicht sogar permanent in Deinem Auto deponieren.<\/p><p>Du solltest Dir nat&uuml;rlich bewusst sein, dass der Pact Pro nur bedingt outdoor-tauglich ist &ndash; f&uuml;r Natur-Freaks gibt es <a href=\"https:\/\/www.babyartikel.de\/magazin\/buggy-mit-luftreifen-unsere-top-wagen-von-joie-hauck-co\">tolle gel&auml;ndeg&auml;ngige Modelle<\/a> &ndash; aber <strong>wenn Du ohnehin einen Wagen f&uuml;r allt&auml;gliche Spazierg&auml;nge, Shoppingtouren oder Ausfl&uuml;ge auf ebenem Terrain suchst, bist Du mit dem Pact Pro bestens bedient.<\/strong><\/p><p>Es gibt am Markt aktuell zwar sogar noch kleiner faltbare Buggys, diese Modelle sind dann allerdings meist weniger komfortabler f&uuml;rs Kind und auch nicht so belastbar wie der Pact Pro. Auch gegen&uuml;ber dem <a href=\"https:\/\/www.babyartikel.de\/magazin\/joie-pact-test-reisebuggy-erfahrungen\">Vorg&auml;ngermodell<\/a> wirkt er deutlich robuster.<\/p><a style=\"\" class=\"link-to-product \" title=\"zum Shop\" href=\"http:\/\/www.babyartikel.de\/prod\/joie-reisebuggy-sportwagen-pact-pro-bis-22-kg-belastbar-mit-liegeposition-nur-63-kg-leicht-inkl-transporttasche-adapter-rgenschutz-shale\">\n                        zum Shop\n                    <\/a><h3 class=\"wp-block-heading\" id=\"h-weitere-reisebuggys-im-test\"><em>Weitere Reisebuggys im Test<\/em><\/h3><ul class=\"wp-block-list\">\n<li><a href=\"https:\/\/www.babyartikel.de\/magazin\/nuna-trvl-lx-komfortabler-reisebuggy-im-test\">Nuna TRVL lx: Komfortabler Reisebuggy im Test<\/a><\/li>\n\n\n\n<li><a href=\"https:\/\/www.babyartikel.de\/magazin\/joie-tourist-test-reisebuggy\">Urlaubsbegleiter mit viel Komfort: Der Joie Tourist Reisebuggy im Test<\/a><\/li>\n\n\n\n<li><a href=\"https:\/\/www.babyartikel.de\/magazin\/joie-parcel-test-erfahrungen\">Kompakter Buggy mit vielen Extras: Der Joie Parcel im Test<\/a><\/li>\n\n\n\n<li><a href=\"https:\/\/www.babyartikel.de\/magazin\/maxi-cosi-lara-2-reisebuggy-test-erfahrungen\">Fliegengewicht auf R&auml;dern: Der Maxi-Cosi Lara&sup2; Reisebuggy im Test<\/a><\/li>\n\n\n\n<li><a href=\"https:\/\/www.babyartikel.de\/magazin\/hauck-travel-n-care-plus-reisebuggy-test-erfahrungen\">City-Flitzer (nicht nur) f&uuml;r den Urlaub: Der Hauck Travel N Care Plus Reisebuggy im Test<\/a><\/li>\n<\/ul><\/p>\n","protected":false},"excerpt":{"rendered":"<p>Wie gut ist der Joie Pact Pro Reisebuggy? Das wollten wir unbedingt wissen, hatte uns vor einigen Jahren doch der superschlanke und extrem kompakte Joie Pact schon im Test begeistert. Wie sich die Pro-Version hinsichtlich Fahrverhalten, Ausstattung und Komfort schl&auml;gt und welche entscheidende Funktion der Hersteller verbessert hat &ndash; all das erkl&auml;re ich Dir in [&#8230;]<\/p>\n<p><a class=\"btn btn-secondary understrap-read-more-link\" href=\"https:\/\/www.babyartikel.de\/magazin\/federleichter-city-flitzer-der-joie-pact-pro-reisebuggy-im-test\">Weiterlesen&#8230;<\/a><\/p>\n","protected":false},"author":91,"featured_media":952450,"comment_status":"open","ping_status":"closed","sticky":false,"template":"","format":"standard","meta":{"_acf_changed":false,"footnotes":""},"categories":[48],"tags":[294,3536,13544,3389],"class_list":["post-952354","post","type-post","status-publish","format-standard","has-post-thumbnail","hentry","category-test-bewertungen","tag-buggy","tag-joie","tag-reisebuggy","tag-test"],"acf":[],"yoast_head":"<!-- This site is optimized with the Yoast SEO Premium plugin v27.2 (Yoast SEO v27.2) - https:\/\/yoast.com\/product\/yoast-seo-premium-wordpress\/ -->\n<title>Der Joie Pact Pro Reisebuggy im Test | Babyartikel.de Magazin<\/title>\n<meta name=\"description\" content=\"Wie gut ist der \ud83c\udf1fJoie Pact Pro Reisebuggy \ud83c\udf1f? Finde alle Antworten zu Packma\u00df, Fahrverhalten und Zubeh\u00f6r im gro\u00dfen Joie Pact Pro Test\" \/>\n<meta name=\"robots\" content=\"index, follow, max-snippet:-1, max-image-preview:large, max-video-preview:-1\" \/>\n<link rel=\"canonical\" href=\"https:\/\/www.babyartikel.de\/magazin\/federleichter-city-flitzer-der-joie-pact-pro-reisebuggy-im-test\" \/>\n<meta property=\"og:locale\" content=\"de_DE\" \/>\n<meta property=\"og:type\" content=\"article\" \/>\n<meta property=\"og:title\" content=\"Federleichter City-Flitzer: Der Joie Pact Pro Reisebuggy im Test\" \/>\n<meta property=\"og:description\" content=\"Wie gut ist der \ud83c\udf1fJoie Pact Pro Reisebuggy \ud83c\udf1f? Finde alle Antworten zu Packma\u00df, Fahrverhalten und Zubeh\u00f6r im gro\u00dfen Joie Pact Pro Test\" \/>\n<meta property=\"og:url\" content=\"https:\/\/www.babyartikel.de\/magazin\/federleichter-city-flitzer-der-joie-pact-pro-reisebuggy-im-test\" \/>\n<meta property=\"og:site_name\" content=\"Babyartikel.de Magazin\" \/>\n<meta property=\"article:published_time\" content=\"2024-10-04T13:36:03+00:00\" \/>\n<meta property=\"article:modified_time\" content=\"2025-09-29T11:37:21+00:00\" \/>\n<meta property=\"og:image\" content=\"https:\/\/media.babyartikel.de\/magazin\/wp-content\/uploads\/2024\/10\/joie-pact-pro-test.jpg\" \/>\n\t<meta property=\"og:image:width\" content=\"2560\" \/>\n\t<meta property=\"og:image:height\" content=\"1707\" \/>\n\t<meta property=\"og:image:type\" content=\"image\/jpeg\" \/>\n<meta name=\"author\" content=\"Julia Speckenbach\" \/>\n<meta name=\"twitter:card\" content=\"summary_large_image\" \/>\n<meta name=\"twitter:label1\" content=\"Verfasst von\" \/>\n\t<meta name=\"twitter:data1\" content=\"Julia Speckenbach\" \/>\n\t<meta name=\"twitter:label2\" content=\"Gesch\u00e4tzte Lesezeit\" \/>\n\t<meta name=\"twitter:data2\" content=\"13\u00a0Minuten\" \/>\n<script type=\"application\/ld+json\" class=\"yoast-schema-graph\">{\"@context\":\"https:\/\/schema.org\",\"@graph\":[{\"@type\":\"Article\",\"@id\":\"https:\/\/www.babyartikel.de\/magazin\/federleichter-city-flitzer-der-joie-pact-pro-reisebuggy-im-test#article\",\"isPartOf\":{\"@id\":\"https:\/\/www.babyartikel.de\/magazin\/federleichter-city-flitzer-der-joie-pact-pro-reisebuggy-im-test\"},\"author\":{\"name\":\"Julia Speckenbach\",\"@id\":\"https:\/\/www.babyartikel.de\/magazin\/#\/schema\/person\/b83fd03bac4187c9ce5ba63dcf65c61c\"},\"headline\":\"Federleichter City-Flitzer: Der Joie Pact Pro Reisebuggy im Test\",\"datePublished\":\"2024-10-04T13:36:03+00:00\",\"dateModified\":\"2025-09-29T11:37:21+00:00\",\"mainEntityOfPage\":{\"@id\":\"https:\/\/www.babyartikel.de\/magazin\/federleichter-city-flitzer-der-joie-pact-pro-reisebuggy-im-test\"},\"wordCount\":1644,\"commentCount\":0,\"image\":{\"@id\":\"https:\/\/www.babyartikel.de\/magazin\/federleichter-city-flitzer-der-joie-pact-pro-reisebuggy-im-test#primaryimage\"},\"thumbnailUrl\":\"https:\/\/media.babyartikel.de\/magazin\/wp-content\/uploads\/2024\/10\/joie-pact-pro-test.jpg\",\"keywords\":[\"buggy\",\"joie\",\"reisebuggy\",\"test\"],\"articleSection\":[\"Tests\"],\"inLanguage\":\"de\",\"potentialAction\":[{\"@type\":\"CommentAction\",\"name\":\"Comment\",\"target\":[\"https:\/\/www.babyartikel.de\/magazin\/federleichter-city-flitzer-der-joie-pact-pro-reisebuggy-im-test#respond\"]}]},{\"@type\":\"WebPage\",\"@id\":\"https:\/\/www.babyartikel.de\/magazin\/federleichter-city-flitzer-der-joie-pact-pro-reisebuggy-im-test\",\"url\":\"https:\/\/www.babyartikel.de\/magazin\/federleichter-city-flitzer-der-joie-pact-pro-reisebuggy-im-test\",\"name\":\"Der Joie Pact Pro Reisebuggy im Test | Babyartikel.de Magazin\",\"isPartOf\":{\"@id\":\"https:\/\/www.babyartikel.de\/magazin\/#website\"},\"primaryImageOfPage\":{\"@id\":\"https:\/\/www.babyartikel.de\/magazin\/federleichter-city-flitzer-der-joie-pact-pro-reisebuggy-im-test#primaryimage\"},\"image\":{\"@id\":\"https:\/\/www.babyartikel.de\/magazin\/federleichter-city-flitzer-der-joie-pact-pro-reisebuggy-im-test#primaryimage\"},\"thumbnailUrl\":\"https:\/\/media.babyartikel.de\/magazin\/wp-content\/uploads\/2024\/10\/joie-pact-pro-test.jpg\",\"datePublished\":\"2024-10-04T13:36:03+00:00\",\"dateModified\":\"2025-09-29T11:37:21+00:00\",\"author\":{\"@id\":\"https:\/\/www.babyartikel.de\/magazin\/#\/schema\/person\/b83fd03bac4187c9ce5ba63dcf65c61c\"},\"description\":\"Wie gut ist der \ud83c\udf1fJoie Pact Pro Reisebuggy \ud83c\udf1f? Finde alle Antworten zu Packma\u00df, Fahrverhalten und Zubeh\u00f6r im gro\u00dfen Joie Pact Pro Test\",\"breadcrumb\":{\"@id\":\"https:\/\/www.babyartikel.de\/magazin\/federleichter-city-flitzer-der-joie-pact-pro-reisebuggy-im-test#breadcrumb\"},\"inLanguage\":\"de\",\"potentialAction\":[{\"@type\":\"ReadAction\",\"target\":[\"https:\/\/www.babyartikel.de\/magazin\/federleichter-city-flitzer-der-joie-pact-pro-reisebuggy-im-test\"]}]},{\"@type\":\"ImageObject\",\"inLanguage\":\"de\",\"@id\":\"https:\/\/www.babyartikel.de\/magazin\/federleichter-city-flitzer-der-joie-pact-pro-reisebuggy-im-test#primaryimage\",\"url\":\"https:\/\/media.babyartikel.de\/magazin\/wp-content\/uploads\/2024\/10\/joie-pact-pro-test.jpg\",\"contentUrl\":\"https:\/\/media.babyartikel.de\/magazin\/wp-content\/uploads\/2024\/10\/joie-pact-pro-test.jpg\",\"width\":2560,\"height\":1707,\"caption\":\"Joie Pact Pro Test, Joie Reisebuggy Bewertung Qualit\u00e4t\"},{\"@type\":\"BreadcrumbList\",\"@id\":\"https:\/\/www.babyartikel.de\/magazin\/federleichter-city-flitzer-der-joie-pact-pro-reisebuggy-im-test#breadcrumb\",\"itemListElement\":[{\"@type\":\"ListItem\",\"position\":1,\"name\":\"Startseite\",\"item\":\"https:\/\/www.babyartikel.de\/magazin\"},{\"@type\":\"ListItem\",\"position\":2,\"name\":\"Federleichter City-Flitzer: Der Joie Pact Pro Reisebuggy im Test\"}]},{\"@type\":\"WebSite\",\"@id\":\"https:\/\/www.babyartikel.de\/magazin\/#website\",\"url\":\"https:\/\/www.babyartikel.de\/magazin\/\",\"name\":\"Babyartikel.de Magazin\",\"description\":\"\",\"potentialAction\":[{\"@type\":\"SearchAction\",\"target\":{\"@type\":\"EntryPoint\",\"urlTemplate\":\"https:\/\/www.babyartikel.de\/magazin\/?s={search_term_string}\"},\"query-input\":{\"@type\":\"PropertyValueSpecification\",\"valueRequired\":true,\"valueName\":\"search_term_string\"}}],\"inLanguage\":\"de\"},{\"@type\":\"Person\",\"@id\":\"https:\/\/www.babyartikel.de\/magazin\/#\/schema\/person\/b83fd03bac4187c9ce5ba63dcf65c61c\",\"name\":\"Julia Speckenbach\",\"image\":{\"@type\":\"ImageObject\",\"inLanguage\":\"de\",\"@id\":\"https:\/\/media.babyartikel.de\/magazin\/wp-content\/uploads\/2018\/10\/profilbild-150x150-150x150.jpg\",\"url\":\"https:\/\/media.babyartikel.de\/magazin\/wp-content\/uploads\/2018\/10\/profilbild-150x150-150x150.jpg\",\"contentUrl\":\"https:\/\/media.babyartikel.de\/magazin\/wp-content\/uploads\/2018\/10\/profilbild-150x150-150x150.jpg\",\"caption\":\"Julia Speckenbach\"},\"description\":\"Als Redaktionsleitung beim Babyartikel.de Magazin versorge ich Dich st\u00e4ndig mit neuen Beitr\u00e4gen rund um Baby, Schwangerschaft und Geburt. Gemeinsam mit dem Redaktions-Team recherchiere ich, welche Themen und Produkte (werdende) Mamas und Papas am meisten interessieren, gebe den Texten unserer freien Autorinnen den letzten Schliff oder schreibe selbst Fachbeitr\u00e4ge oder Testberichte (und bin inzwischen ein echter Kinderwagen-Nerd). Vor meiner Zeit bei Babyartikel.de habe ich Germanistik studiert und als Redakteurin bei bekannten Frauenmagazinen gearbeitet.\",\"sameAs\":[\"https:\/\/www.babyartikel.de\/magazin\/\"],\"url\":\"https:\/\/www.babyartikel.de\/magazin\/author\/julia-speckenbach\"}]}<\/script>\n<!-- \/ Yoast SEO Premium plugin. -->","yoast_head_json":{"title":"Der Joie Pact Pro Reisebuggy im Test | Babyartikel.de Magazin","description":"Wie gut ist der \ud83c\udf1fJoie Pact Pro Reisebuggy \ud83c\udf1f? Finde alle Antworten zu Packma\u00df, Fahrverhalten und Zubeh\u00f6r im gro\u00dfen Joie Pact Pro Test","robots":{"index":"index","follow":"follow","max-snippet":"max-snippet:-1","max-image-preview":"max-image-preview:large","max-video-preview":"max-video-preview:-1"},"canonical":"https:\/\/www.babyartikel.de\/magazin\/federleichter-city-flitzer-der-joie-pact-pro-reisebuggy-im-test","og_locale":"de_DE","og_type":"article","og_title":"Federleichter City-Flitzer: Der Joie Pact Pro Reisebuggy im Test","og_description":"Wie gut ist der \ud83c\udf1fJoie Pact Pro Reisebuggy \ud83c\udf1f? Finde alle Antworten zu Packma\u00df, Fahrverhalten und Zubeh\u00f6r im gro\u00dfen Joie Pact Pro Test","og_url":"https:\/\/www.babyartikel.de\/magazin\/federleichter-city-flitzer-der-joie-pact-pro-reisebuggy-im-test","og_site_name":"Babyartikel.de Magazin","article_published_time":"2024-10-04T13:36:03+00:00","article_modified_time":"2025-09-29T11:37:21+00:00","og_image":[{"width":2560,"height":1707,"url":"https:\/\/media.babyartikel.de\/magazin\/wp-content\/uploads\/2024\/10\/joie-pact-pro-test.jpg","type":"image\/jpeg"}],"author":"Julia Speckenbach","twitter_card":"summary_large_image","twitter_misc":{"Verfasst von":"Julia Speckenbach","Gesch\u00e4tzte Lesezeit":"13\u00a0Minuten"},"schema":{"@context":"https:\/\/schema.org","@graph":[{"@type":"Article","@id":"https:\/\/www.babyartikel.de\/magazin\/federleichter-city-flitzer-der-joie-pact-pro-reisebuggy-im-test#article","isPartOf":{"@id":"https:\/\/www.babyartikel.de\/magazin\/federleichter-city-flitzer-der-joie-pact-pro-reisebuggy-im-test"},"author":{"name":"Julia Speckenbach","@id":"https:\/\/www.babyartikel.de\/magazin\/#\/schema\/person\/b83fd03bac4187c9ce5ba63dcf65c61c"},"headline":"Federleichter City-Flitzer: Der Joie Pact Pro Reisebuggy im Test","datePublished":"2024-10-04T13:36:03+00:00","dateModified":"2025-09-29T11:37:21+00:00","mainEntityOfPage":{"@id":"https:\/\/www.babyartikel.de\/magazin\/federleichter-city-flitzer-der-joie-pact-pro-reisebuggy-im-test"},"wordCount":1644,"commentCount":0,"image":{"@id":"https:\/\/www.babyartikel.de\/magazin\/federleichter-city-flitzer-der-joie-pact-pro-reisebuggy-im-test#primaryimage"},"thumbnailUrl":"https:\/\/media.babyartikel.de\/magazin\/wp-content\/uploads\/2024\/10\/joie-pact-pro-test.jpg","keywords":["buggy","joie","reisebuggy","test"],"articleSection":["Tests"],"inLanguage":"de","potentialAction":[{"@type":"CommentAction","name":"Comment","target":["https:\/\/www.babyartikel.de\/magazin\/federleichter-city-flitzer-der-joie-pact-pro-reisebuggy-im-test#respond"]}]},{"@type":"WebPage","@id":"https:\/\/www.babyartikel.de\/magazin\/federleichter-city-flitzer-der-joie-pact-pro-reisebuggy-im-test","url":"https:\/\/www.babyartikel.de\/magazin\/federleichter-city-flitzer-der-joie-pact-pro-reisebuggy-im-test","name":"Der Joie Pact Pro Reisebuggy im Test | Babyartikel.de Magazin","isPartOf":{"@id":"https:\/\/www.babyartikel.de\/magazin\/#website"},"primaryImageOfPage":{"@id":"https:\/\/www.babyartikel.de\/magazin\/federleichter-city-flitzer-der-joie-pact-pro-reisebuggy-im-test#primaryimage"},"image":{"@id":"https:\/\/www.babyartikel.de\/magazin\/federleichter-city-flitzer-der-joie-pact-pro-reisebuggy-im-test#primaryimage"},"thumbnailUrl":"https:\/\/media.babyartikel.de\/magazin\/wp-content\/uploads\/2024\/10\/joie-pact-pro-test.jpg","datePublished":"2024-10-04T13:36:03+00:00","dateModified":"2025-09-29T11:37:21+00:00","author":{"@id":"https:\/\/www.babyartikel.de\/magazin\/#\/schema\/person\/b83fd03bac4187c9ce5ba63dcf65c61c"},"description":"Wie gut ist der \ud83c\udf1fJoie Pact Pro Reisebuggy \ud83c\udf1f? Finde alle Antworten zu Packma\u00df, Fahrverhalten und Zubeh\u00f6r im gro\u00dfen Joie Pact Pro Test","breadcrumb":{"@id":"https:\/\/www.babyartikel.de\/magazin\/federleichter-city-flitzer-der-joie-pact-pro-reisebuggy-im-test#breadcrumb"},"inLanguage":"de","potentialAction":[{"@type":"ReadAction","target":["https:\/\/www.babyartikel.de\/magazin\/federleichter-city-flitzer-der-joie-pact-pro-reisebuggy-im-test"]}]},{"@type":"ImageObject","inLanguage":"de","@id":"https:\/\/www.babyartikel.de\/magazin\/federleichter-city-flitzer-der-joie-pact-pro-reisebuggy-im-test#primaryimage","url":"https:\/\/media.babyartikel.de\/magazin\/wp-content\/uploads\/2024\/10\/joie-pact-pro-test.jpg","contentUrl":"https:\/\/media.babyartikel.de\/magazin\/wp-content\/uploads\/2024\/10\/joie-pact-pro-test.jpg","width":2560,"height":1707,"caption":"Joie Pact Pro Test, Joie Reisebuggy Bewertung Qualit\u00e4t"},{"@type":"BreadcrumbList","@id":"https:\/\/www.babyartikel.de\/magazin\/federleichter-city-flitzer-der-joie-pact-pro-reisebuggy-im-test#breadcrumb","itemListElement":[{"@type":"ListItem","position":1,"name":"Startseite","item":"https:\/\/www.babyartikel.de\/magazin"},{"@type":"ListItem","position":2,"name":"Federleichter City-Flitzer: Der Joie Pact Pro Reisebuggy im Test"}]},{"@type":"WebSite","@id":"https:\/\/www.babyartikel.de\/magazin\/#website","url":"https:\/\/www.babyartikel.de\/magazin\/","name":"Babyartikel.de Magazin","description":"","potentialAction":[{"@type":"SearchAction","target":{"@type":"EntryPoint","urlTemplate":"https:\/\/www.babyartikel.de\/magazin\/?s={search_term_string}"},"query-input":{"@type":"PropertyValueSpecification","valueRequired":true,"valueName":"search_term_string"}}],"inLanguage":"de"},{"@type":"Person","@id":"https:\/\/www.babyartikel.de\/magazin\/#\/schema\/person\/b83fd03bac4187c9ce5ba63dcf65c61c","name":"Julia Speckenbach","image":{"@type":"ImageObject","inLanguage":"de","@id":"https:\/\/media.babyartikel.de\/magazin\/wp-content\/uploads\/2018\/10\/profilbild-150x150-150x150.jpg","url":"https:\/\/media.babyartikel.de\/magazin\/wp-content\/uploads\/2018\/10\/profilbild-150x150-150x150.jpg","contentUrl":"https:\/\/media.babyartikel.de\/magazin\/wp-content\/uploads\/2018\/10\/profilbild-150x150-150x150.jpg","caption":"Julia Speckenbach"},"description":"Als Redaktionsleitung beim Babyartikel.de Magazin versorge ich Dich st\u00e4ndig mit neuen Beitr\u00e4gen rund um Baby, Schwangerschaft und Geburt. Gemeinsam mit dem Redaktions-Team recherchiere ich, welche Themen und Produkte (werdende) Mamas und Papas am meisten interessieren, gebe den Texten unserer freien Autorinnen den letzten Schliff oder schreibe selbst Fachbeitr\u00e4ge oder Testberichte (und bin inzwischen ein echter Kinderwagen-Nerd). Vor meiner Zeit bei Babyartikel.de habe ich Germanistik studiert und als Redakteurin bei bekannten Frauenmagazinen gearbeitet.","sameAs":["https:\/\/www.babyartikel.de\/magazin\/"],"url":"https:\/\/www.babyartikel.de\/magazin\/author\/julia-speckenbach"}]}},"abstract_sku":"202300002123abs","_links":{"self":[{"href":"https:\/\/www.babyartikel.de\/magazin\/wp-json\/wp\/v2\/posts\/952354","targetHints":{"allow":["GET"]}}],"collection":[{"href":"https:\/\/www.babyartikel.de\/magazin\/wp-json\/wp\/v2\/posts"}],"about":[{"href":"https:\/\/www.babyartikel.de\/magazin\/wp-json\/wp\/v2\/types\/post"}],"author":[{"embeddable":true,"href":"https:\/\/www.babyartikel.de\/magazin\/wp-json\/wp\/v2\/users\/91"}],"replies":[{"embeddable":true,"href":"https:\/\/www.babyartikel.de\/magazin\/wp-json\/wp\/v2\/comments?post=952354"}],"version-history":[{"count":34,"href":"https:\/\/www.babyartikel.de\/magazin\/wp-json\/wp\/v2\/posts\/952354\/revisions"}],"predecessor-version":[{"id":964493,"href":"https:\/\/www.babyartikel.de\/magazin\/wp-json\/wp\/v2\/posts\/952354\/revisions\/964493"}],"wp:featuredmedia":[{"embeddable":true,"href":"https:\/\/www.babyartikel.de\/magazin\/wp-json\/wp\/v2\/media\/952450"}],"wp:attachment":[{"href":"https:\/\/www.babyartikel.de\/magazin\/wp-json\/wp\/v2\/media?parent=952354"}],"wp:term":[{"taxonomy":"category","embeddable":true,"href":"https:\/\/www.babyartikel.de\/magazin\/wp-json\/wp\/v2\/categories?post=952354"},{"taxonomy":"post_tag","embeddable":true,"href":"https:\/\/www.babyartikel.de\/magazin\/wp-json\/wp\/v2\/tags?post=952354"}],"curies":[{"name":"wp","href":"https:\/\/api.w.org\/{rel}","templated":true}]}}