
{"id":959313,"date":"2025-05-23T08:57:00","date_gmt":"2025-05-23T06:57:00","guid":{"rendered":"https:\/\/www.babyartikel.de\/magazin\/?p=959313"},"modified":"2025-07-23T11:16:12","modified_gmt":"2025-07-23T09:16:12","slug":"mein-baby-schwitzt-am-kopf-das-steckt-dahinter","status":"publish","type":"post","link":"https:\/\/www.babyartikel.de\/magazin\/mein-baby-schwitzt-am-kopf-das-steckt-dahinter","title":{"rendered":"Baby schwitzt am Kopf: Das steckt dahinter"},"content":{"rendered":"<p>Dein<img loading=\"lazy\" decoding=\"async\" width=\"1\" height=\"1\" src=\"https:\/\/vg01.met.vgwort.de\/na\/eb18318aa3fb4b26a051ac85102f1bc5\" alt=\"\"> Baby schwitzt am Kopf? Dann geht es Dir wahrscheinlich wie uns mit unserem ersten Baby &ndash; und Du bist etwas verwundert und vielleicht auch besorgt, was das zu bedeuten hat. Als wir die Kinder&auml;rztin damals danach fragten, war ihre Antwort: Vermutlich gar nichts, denn unser Baby war kerngesund und ist auch heute als 9-j&auml;hriger topfit &ndash; und schwitzt inzwischen sehr selten. <p><strong><em>Was Du wissen solltest, wenn Dein S&auml;ugling am Kopf oder am ganzen K&ouml;rper schwitzt und wann Du einen Arzt um Rat fragen solltest, erkl&auml;re ich Dir jetzt.<\/em><\/strong><\/p><div id=\"ez-toc-container\" class=\"ez-toc-v2_0_82_2 counter-flat ez-toc-counter ez-toc-white ez-toc-container-direction\">\n<div class=\"ez-toc-title-container\">\n<p class=\"ez-toc-title\" style=\"cursor:inherit\">Inhaltsverzeichnis<\/p>\n<span class=\"ez-toc-title-toggle\"><a href=\"#\" class=\"ez-toc-pull-right ez-toc-btn ez-toc-btn-xs ez-toc-btn-default ez-toc-toggle\" aria-label=\"Toggle Table of Content\"><span class=\"ez-toc-js-icon-con\"><span class=\"\"><span class=\"eztoc-hide\" style=\"display:none;\">Toggle<\/span><span class=\"ez-toc-icon-toggle-span\"><svg style=\"fill: #999;color:#999\" xmlns=\"http:\/\/www.w3.org\/2000\/svg\" class=\"list-377408\" width=\"20px\" height=\"20px\" viewBox=\"0 0 24 24\" fill=\"none\"><path d=\"M6 6H4v2h2V6zm14 0H8v2h12V6zM4 11h2v2H4v-2zm16 0H8v2h12v-2zM4 16h2v2H4v-2zm16 0H8v2h12v-2z\" fill=\"currentColor\"><\/path><\/svg><svg style=\"fill: #999;color:#999\" class=\"arrow-unsorted-368013\" xmlns=\"http:\/\/www.w3.org\/2000\/svg\" width=\"10px\" height=\"10px\" viewBox=\"0 0 24 24\" version=\"1.2\" baseProfile=\"tiny\"><path d=\"M18.2 9.3l-6.2-6.3-6.2 6.3c-.2.2-.3.4-.3.7s.1.5.3.7c.2.2.4.3.7.3h11c.3 0 .5-.1.7-.3.2-.2.3-.5.3-.7s-.1-.5-.3-.7zM5.8 14.7l6.2 6.3 6.2-6.3c.2-.2.3-.5.3-.7s-.1-.5-.3-.7c-.2-.2-.4-.3-.7-.3h-11c-.3 0-.5.1-.7.3-.2.2-.3.5-.3.7s.1.5.3.7z\"\/><\/svg><\/span><\/span><\/span><\/a><\/span><\/div>\n<nav><ul class='ez-toc-list ez-toc-list-level-1 ' ><li class='ez-toc-page-1'><a class=\"ez-toc-link ez-toc-heading-1\" href=\"https:\/\/www.babyartikel.de\/magazin\/mein-baby-schwitzt-am-kopf-das-steckt-dahinter\/#Warum_schwitzt_mein_Kind_am_Kopf\" >Warum schwitzt mein Kind am Kopf?<\/a><\/li><li class='ez-toc-page-1'><a class=\"ez-toc-link ez-toc-heading-2\" href=\"https:\/\/www.babyartikel.de\/magazin\/mein-baby-schwitzt-am-kopf-das-steckt-dahinter\/#Baby_schwitzt_am_Kopf_%E2%80%93_Hinweis_auf_einen_Herzfehler\" >Baby schwitzt am Kopf &ndash; Hinweis auf einen Herzfehler?<\/a><\/li><li class='ez-toc-page-1'><a class=\"ez-toc-link ez-toc-heading-3\" href=\"https:\/\/www.babyartikel.de\/magazin\/mein-baby-schwitzt-am-kopf-das-steckt-dahinter\/#Saeugling_oder_Kleinkind_schwitzt_%E2%80%93_Zahnen\" >S&auml;ugling oder Kleinkind schwitzt &ndash; Zahnen?<\/a><\/li><li class='ez-toc-page-1'><a class=\"ez-toc-link ez-toc-heading-4\" href=\"https:\/\/www.babyartikel.de\/magazin\/mein-baby-schwitzt-am-kopf-das-steckt-dahinter\/#Baby_schwitzt_am_Kopf_beim_Stillen\" >Baby schwitzt am Kopf beim Stillen<\/a><\/li><li class='ez-toc-page-1'><a class=\"ez-toc-link ez-toc-heading-5\" href=\"https:\/\/www.babyartikel.de\/magazin\/mein-baby-schwitzt-am-kopf-das-steckt-dahinter\/#Baby_schwitzt_am_Kopf_beim_Schlafen\" >Baby schwitzt am Kopf beim Schlafen<\/a><\/li><li class='ez-toc-page-1'><a class=\"ez-toc-link ez-toc-heading-6\" href=\"https:\/\/www.babyartikel.de\/magazin\/mein-baby-schwitzt-am-kopf-das-steckt-dahinter\/#Ueberhitzung_vermeiden\" >&Uuml;berhitzung vermeiden<\/a><\/li><\/ul><\/nav><\/div>\n<h2 class=\"wp-block-heading\" id=\"h-warum-schwitzt-mein-kind-am-kopf\"><span class=\"ez-toc-section\" id=\"Warum_schwitzt_mein_Kind_am_Kopf\"><\/span>Warum schwitzt mein Kind am Kopf?<span class=\"ez-toc-section-end\"><\/span><\/h2><p>Wenn Du verwundert bist, dass Dein S&auml;ugling &uuml;berhaupt schwitzt, dann bist Du vermutlich dem weit verbreiteten Mythos aufgesessen, Babys k&ouml;nnten noch gar nicht schwitzen. Dass Dein Kind es trotzdem tut, ist nicht ungew&ouml;hnlich, sondern <strong>v&ouml;llig normal<\/strong>. <\/p><div class=\"marketing-slot\"><div id=\"block-18\" class=\"content-post-widget marketing-slot-1 widget_block\"><a href=\"#\" class=\"newsletter_popup\" style=\"\n  display: inline-block;\n  box-shadow: 0 4px 10px rgba(0,0,0,0.1);\n  margin: 20px auto;\n  max-width: 800px;\n  width: 100%;\">\n  <img src=\"https:\/\/media.babyartikel.de\/magazin\/wp-content\/uploads\/2025\/08\/NL-Banner-Magazin-8-25.webp\" alt=\"Newsletter Banner\" style=\"\n    width: 100%;\n    height: auto;\n    display: block;\" onclick=\"ga('send', 'event', 'banner', 'click', 'magazin-banner-newsletter-8-25');\">\n<\/a>\n\n\t<!-- Modal -->\n\t<div class=\"modal fade modal_popup\" id=\"newsletter_popup\" tabindex=\"-1\" aria-labelledby=\"exampleModalLabel\" aria-hidden=\"true\">\n\t\t<div class=\"modal-dialog modal-dialog-centered modal-dialog-scrollable\">\n\t\t\t<div class=\"modal-content\">\n\t\t\t\t<div class=\"modal-header small-header\">\n\t\t\t\t\t<h5 class=\"modal-title\" id=\"newsletterModalLabel\">\n\t\t\t\t\t\tNewsletter\t\t\t\t\t<\/h5>\n\t\t\t\t\t<button type=\"button\" class=\"btn-close small-close\" data-bs-dismiss=\"modal\" aria-label=\"Close\"><\/button>\n\t\t\t\t<\/div>\n\n\t\t\t\t<div class=\"modal-body\">\n\t\t\t\t\t\t<div class=\"newsletterForm-embed popup-form\">\n        <form name=\"newsletterSubscriptionForm\" id=\"newsletter_popup_69f0e45c07f03_form\" data-newsletter-id=\"newsletter_popup_69f0e45c07f03\" method=\"POST\">\n\n\t\t\t<input type=\"text\" name=\"website\" class=\"hidden\" tabindex=\"-1\" autocomplete=\"off\" style=\"position:absolute;left:-9999px;\">\n\t\t\t<input type=\"hidden\" name=\"ts\" value=\"1777394780\">\n\n\t\t\t                <input type=\"hidden\" name=\"emarsys-event-id\" value=\"3756\">\n            \n            \t\t\t<div class=\"mb-3\">\n\t\t\t\t<label for=\"date\" class=\"form-label\">Geburtstag\/ -termin Deines Babys<\/label>\n                <input type=\"date\" name=\"date\" class=\"input input--expand form-control\" required>\n\t\t\t<\/div>\n            \n\t\t\t<div class=\"mb-3\">\n\t\t\t\t<label for=\"email\" class=\"form-label\">E-Mail-Adresse<\/label>\n\t\t\t\t<input type=\"email\" name=\"email\" placeholder=\"E-Mail-Adresse\" class=\"input input--expand form-control\" required>\n\t\t\t<\/div>\n\n\t\t\t\t\t\t\t<button type=\"submit\" class=\"btn btn-primary\">Absenden<\/button>\n\t\t\t\n\t\t\t\t\t\t\t<div class=\"small mt-3\" style=\"font-weight:normal;\">\n\t\t\t\t\t\n\t\t\t<div class=\"mt-3\">\n\t\t\t\tJa, ich m&ouml;chte den Newsletter von Babyartikel.de erhalten und &uuml;ber Aktionen informiert werden.\n  Dabei darf mein Nutzungsverhalten (z. B. &Ouml;ffnungen und Klicks) zur Personalisierung ausgewertet werden.\n  Mehr finde ich in der <a href=\"\/de\/datenschutz\" style=\"text-decoration:underline\">Datenschutzerkl&auml;rung<\/a>.\n\t\t\t<\/div>\n\t\t\t\t\t\t<\/div>\n\t\t\t\n\t\t\t\t\t\t\t<div class=\"small mb-3 mt-3\" style=\"font-weight:normal;\">\n\t\t\t\t\tJederzeit abbestellbar | <a href=\"\/de\/datenschutz\" style=\"text-decoration:underline\">\n\t\t\t\t\t\tDatenschutzerkl&auml;rung\n\t\t\t\t\t<\/a>\n\t\t\t\t<\/div>\n\t\t\t\n        <\/form>\n    <\/div>\n\t\n\t\t\t\t\t<div class=\"response-messages_newsletter_popup_69f0e45c07f03\">\n\t\t\t\t\t\t<div class=\"alert alert-success success mt-3 mb-3 d-none\">\n\t\t\t\t\t\t\tNur noch ein Klick! Best&auml;tige Deine Anmeldung in der E-Mail, die du gleich erh&auml;ltst.\t\t\t\t\t\t<\/div>\n\t\t\t\t\t\t<div class=\"error mt-3 mb-3 d-none\">\n\t\t\t\t\t\t\t<div class=\"alert alert-danger \">\n\t\t\t\t\t\t\t\tEin Fehler ist aufgetreten. Bitte versuche es sp&auml;ter erneut.\t\t\t\t\t\t\t<\/div>\n\t\t\t\t\t\t<\/div>\n\t\t\t\t\t\t<div class=\"alert alert-danger other-2007 mt-3 mb-3 d-none\">\n\t\t\t\t\t\t\tUng&Atilde;&frac14;ltiges Datumsformat\t\t\t\t\t\t<\/div>\n\t\t\t\t\t<\/div>\n\t\t\t\t<\/div>\n\t\t\t<\/div>\n\t\t<\/div>\n\t<\/div>\n\n\t<\/div><!-- content-widget --><\/div><p>Schwitzen ist f&uuml;r Menschen jeden Alters ein wichtiger Mechanismus, um die K&ouml;rpertemperatur zu regulieren, wenn die Au&szlig;entemperatur schwankt. Durch die Verdunstung der Feuchtigkeit auf der Haut kann sich der K&ouml;rper abk&uuml;hlen. Nur, weil Babys noch keinen t&auml;glichen Achselschwei&szlig; haben, haben sie trotzdem Schwei&szlig;dr&uuml;sen.<\/p><p>Diese entwickeln sich sogar sehr fr&uuml;h w&auml;hrend der Schwangerschaft, n&auml;mlich in der <a href=\"https:\/\/www.babyartikel.de\/magazin\/22-ssw\">22. Schwangerschaftswoche<\/a>. Im Mutterleib schwitzen Babys allerdings noch nicht, denn hier ist die Temperatur konstant und muss nicht vom Baby selbst reguliert werden. <strong>Nach der Geburt kann es ein wenig dauern, bis sich der Schwei&szlig;mechanismus richtig reguliert.<\/strong><\/p><div class=\"postslot1\">\t\t<div style=\"clear:both\"><\/div>\n\t\t\t\t\t\t<div id=\"productPanel8\" class=\"product-panel-bottom\">&nbsp;<\/div>\n\t\t\t\t\t\t<script type=\"module\">\n\t\t\t\t\t\t\trequestProductPanel(\"https:\/\/www.babyartikel.de\/magazin\/wp-content\/plugins\/wp-productpanel2\/ProductPanel.php\", \"?panel_type=automatic&basis_category=3-W-MM-MW&basis_product=&swipe_mobile=1&postid=959313&template=auto&max=4&productPanelId=8&solrQuery=\", 8, 1);\n\t\t\t\t\t\t<\/script>\n\t\t\t\t\t<link rel=\"stylesheet\" href=\"https:\/\/cdn.jsdelivr.net\/npm\/swiper@8\/swiper-bundle.min.css\"><\/div><div class=\"marketing-slot\"><div id=\"block-25\" class=\"content-post-widget marketing-slot-2 widget_block\"><a href=\"https:\/\/www.babyartikel.de\/de\/angebote\" data-track-link-click=\"true\" data-track-name=\"nyoutlet2026-magazin\" data-track-medium=\"banner-magazin-post\" data-track-campaign=\"magazin-banner-nyoutlet2026\" onclick=\"ga('send', 'event', 'banner', 'click', 'magazin-banner-nyoutlet2026');\" style=\"display:block;width:100%;text-align:center;\"><img src=\"https:\/\/media.babyartikel.de\/magazin\/wp-content\/uploads\/2026\/01\/NY-Outlet-10-2026.webp\" alt=\"Sale\" style=\"max-width:100%;\"><\/a><\/div><!-- content-widget --><\/div><p>Denn die Schwei&szlig;bildung auf der Haut wird vom Temperaturregelzentrum im Gehirn gesteuert. Bei Babys ist das noch nicht voll ausgereift, man spricht von einer unreifen Schwei&szlig;regulation. Das Zusammenspiel aus Abk&uuml;hlen und Schwei&szlig;produktion funktioniert also noch nicht so reibungslos. Wann das richtig funktioniert, ist von der individuellen Entwicklung des Kindes abh&auml;ngig. Oder anders gesagt: Manche Babys schwitzen eben mehr, andere weniger.<\/p><p><strong>Aber warum schwitzen viele genau am Kopf so stark?<\/strong> Bei S&auml;uglingen ist die Kopfhaut d&uuml;nn, hat viele Blutgef&auml;&szlig;e und eine gro&szlig;e Oberfl&auml;che. Sie kann also gut W&auml;rme abgeben. Dass Babys stark am Kopf schwitzen ist darum eher die Regel als die Ausnahme.<\/p><h2 class=\"wp-block-heading\" id=\"h-baby-schwitzt-am-kopf-hinweis-auf-einen-herzfehler\"><span class=\"ez-toc-section\" id=\"Baby_schwitzt_am_Kopf_%E2%80%93_Hinweis_auf_einen_Herzfehler\"><\/span>Baby schwitzt am Kopf &ndash; Hinweis auf einen Herzfehler?<span class=\"ez-toc-section-end\"><\/span><\/h2><p>Kommen wir jetzt zur wichtigsten Frage f&uuml;r uns Eltern: <strong>Was bedeutet starkes Schwitzen am Kopf bei Babys? <\/strong>Kann es gef&auml;hrlich sein? Vielleicht hast Du irgendwo geh&ouml;rt, dass starkes Schwitzen am Kopf ein Anzeichen f&uuml;r einen Herzfehler sein kann und machst Dir deshalb Sorgen?<\/p><p><strong>Schwitzen am Kopf ist tats&auml;chlich auf der Liste der h&auml;ufigen Symptome bei einem Herzfehler. Das bedeutet aber im Umkehrschluss keinesfalls (!), dass Dein Kind Probleme mit dem Herzen hat, wenn es viel schwitzt. Denn ein Herzfehler w&auml;re bei Deinem S&auml;ugling aller Wahrscheinlichkeit l&auml;ngst bekannt und es h&auml;tte au&szlig;erdem wahrscheinlich weitere Symptome au&szlig;er Schwitzen!<\/strong><\/p><p>Viele angeborene Herzfehler werden noch im Mutterleib diagnostiziert. Wenn der Gyn&auml;kologe Auff&auml;lligkeiten findet, wird eine sogenannte fetale Echokardiografie, also ein Ultraschall beim ungeborenen Baby, durchgef&uuml;hrt. Aber auch bei der <a href=\"https:\/\/www.babyartikel.de\/magazin\/u1-untersuchung\">U1<\/a>&ndash; \/ <a href=\"https:\/\/www.babyartikel.de\/magazin\/u2-untersuchung\">U2-Untersuchung<\/a> wird noch einmal genau auf schwere Herzfehler untersucht. Dass dabei etwas &uuml;bersehen wird, ist sehr unwahrscheinlich.<\/p><h3 class=\"wp-block-heading\" id=\"h-wann-sollte-ich-sicherheitshalber-zum-arzt-gehen\">Wann sollte ich sicherheitshalber zum Arzt gehen?<\/h3><p>Du musst Dir also erst einmal keine Sorgen bez&uuml;glich eines Herzfehlers machen, wenn Dein Baby nur am Kopf schwitzt. Trotzdem kannst Du Deine Sorgen sp&auml;testens beim n&auml;chsten Kinderarztbesuch ansprechen und dieser wird noch einmal einen genauen Blick darauf werfen. Nat&uuml;rlich kannst Du auch gleich morgen aus diesem Grund zum Arzt gehen und das ausschlie&szlig;en lassen, falls Du Dir gro&szlig;e Sorgen machst.<\/p><p>Wenn aber<strong> weitere Symptome wie Unwohlsein, Fieber, marmorierte Haut, blaue Lippen oder unregelm&auml;&szlig;ige Atmung <\/strong>bei Deinem Baby hinzukommen, suche umgehend einen Arzt auf.<\/p><h2 class=\"wp-block-heading\" id=\"h-saugling-oder-kleinkind-schwitzt-zahnen\"><span class=\"ez-toc-section\" id=\"Saeugling_oder_Kleinkind_schwitzt_%E2%80%93_Zahnen\"><\/span>S&auml;ugling oder Kleinkind schwitzt &ndash; Zahnen? <span class=\"ez-toc-section-end\"><\/span><\/h2><p>Immer wieder berichten auch Eltern, dass ihrer Meinung nach das <a href=\"https:\/\/www.babyartikel.de\/magazin\/zahnen-baby-symptome-fieber-zahnfleisch-wie-lange-was-hilft\">Zahnen<\/a> zu st&auml;rkerem Kopfschwitzen f&uuml;hrt. Hinweise auf einen medizinischen Zusammenhang dazu konnte ich nicht finden. <strong>Bekannt ist aber, dass Babys, die zahnen, anf&auml;lliger f&uuml;r Infekte sein k&ouml;nnen und eine erh&ouml;hte Temperatur bzw. Fieber zu vermehrtem Schwitzen f&uuml;hren kann.<\/strong><\/p><h2 class=\"wp-block-heading\" id=\"h-baby-schwitzt-am-kopf-beim-stillen\"><span class=\"ez-toc-section\" id=\"Baby_schwitzt_am_Kopf_beim_Stillen\"><\/span>Baby schwitzt am Kopf beim Stillen<span class=\"ez-toc-section-end\"><\/span><\/h2><p>Ein tats&auml;chlich sehr h&auml;ufiges Ph&auml;nomen ist, dass Babys am Kopf schwitzen, w&auml;hrend sie trinken.<strong> Auch bei Kindern f&uuml;hrt k&ouml;rperliche Anstrengung (wie bei uns Erwachsenen auch) zu vermehrtem Schwitzen. <\/strong>Und das Saugen ist anstrengend! Oft ist das K&ouml;pfchen dabei umgeben von unserem Arm, einem Stillkissen oder anderen Hilfsmitteln, damit er stabil liegt. Leichtes Schwitzen reicht nicht aus, um die K&ouml;rpertemperatur, die durch die Anstrengung steigen kann &ndash; also sendet das Gehirn Signale, die Schwei&szlig;bildung zu erh&ouml;hen.<\/p><p><strong>Was Du tun kannst, wenn Dein Kind beim Stillen stark schwitzt:<\/strong><\/p><ul class=\"wp-block-list\">\n<li>Leg eine <a href=\"https:\/\/www.babyartikel.de\/cat\/mullwindeln-mulltuecher\">Mullwindel<\/a> oder ein kleines, weiches Handtuch aus Baumwolle unter das K&ouml;pfchen, sodass der Schwei&szlig; aufgesaugt wird.<\/li>\n\n\n\n<li>Wechsele nassgeschwitzte Kleidung m&ouml;glichst schnell, damit Dein Baby sp&auml;ter nicht friert.<\/li>\n\n\n\n<li>Du kannst auch beim Stillen die S&ouml;ckchen oder andere Kleidung ausziehen, um f&uuml;r mehr M&ouml;glichkeiten zur Abk&uuml;hlung zu sorgen. <\/li>\n\n\n\n<li>Achte auf eine bequeme Stillposition auch f&uuml;r Dein Kind, sodass nicht zus&auml;tzliche Anstrengung durch die Haltung entsteht. <strong>Ohr, Schulter und H&uuml;fte des Babys sollten eine Linie bilden<\/strong>, damit es bequem trinken kann.<\/li>\n<\/ul><p>Eine Mullwindel unter den Kopf macht &uuml;brigens auch im Autositz Sinn, wenn Dein Baby am Kopf schwitzt, denn hier f&ouml;rdert der Polyester-Bezug das Schwitzen. Au&szlig;erdem gibt es unsch&ouml;ne Flecken. Alternativ kannst Du auch einen <a href=\"https:\/\/www.babyartikel.de\/cat\/sommerbezuege-sitzeinlagen\">Sommer-Bezug aus Frottee<\/a> oder eine <a href=\"https:\/\/www.babyartikel.de\/prod\/zamboo-sitzauflage-fuer-babyschale-cool-dry-grau\">klimaregulierende Sitzauflage<\/a> kaufen.<\/p><div style=\"clear:both\"><\/div><div id=\"productPanel68\" class=\"product-panel-bottom\">&nbsp;<\/div><script type=\"module\">\n\t\t\t\t\t\t\trequestProductPanel(\"https:\/\/www.babyartikel.de\/magazin\/wp-content\/plugins\/wp-productpanel2\/ProductPanel.php\", \"?panel_type=automatic&basis_category=1-KS-Z&basis_product=201900001391,202000000989,202400000796,201900001391&swipe_mobile=1&postid=959313&template=automatic&max=4&productPanelId=68&solrQuery=\", 68, 1);\n\t\t\t\t\t\t<\/script><a class=\"btn btn-primary\" href=\"https:\/\/www.babyartikel.de\/cat\/sommerbezuege-sitzeinlagen\">Mehr Sommerbez&uuml;ge anschauen<\/a><h2 class=\"wp-block-heading\" id=\"h-baby-schwitzt-am-kopf-beim-schlafen\"><span class=\"ez-toc-section\" id=\"Baby_schwitzt_am_Kopf_beim_Schlafen\"><\/span>Baby schwitzt am Kopf beim Schlafen<span class=\"ez-toc-section-end\"><\/span><\/h2><p>Warum ist mein Kind nach dem Schlafen am Kopf nass geschwitzt? Egal, ob nachts oder nach einem Tagschlaf: Das Bettlaken war bei unserem Sohn jedes Mal gro&szlig;fl&auml;chig nassgeschwitzt. Eine Ursache daf&uuml;r konnten wir bis heute nicht ausmachen. Theoretisch k&ouml;nnten <strong>Tr&auml;ume oder Stress <\/strong>bzw. <strong>&Uuml;berreizung <\/strong>die Ursache sein. Auch <strong>hormonelle Ver&auml;nderungen<\/strong> k&ouml;nnen zu &uuml;berm&auml;&szlig;igem Schwitzen am Kopf oder ganzen K&ouml;rper f&uuml;hren. Und davon gibt es in den ersten Lebenswochen viele!<\/p><p>Aber es ist gut m&ouml;glich, dass ein Baby ohne ersichtlichen Grund im Schlaf schwitzt. Dann kannst Du sozusagen nichts tun, au&szlig;er daf&uuml;r sorgen, dass es keine nass-feuchte Kleidung tr&auml;gt. Denn dann k&ouml;nnte es zu sehr ausk&uuml;hlen und krank werden. <strong>Viel gr&ouml;&szlig;er als eine Erk&auml;ltung ist aber bei Babys tats&auml;chlich die Gefahr, dass sie &Uuml;berhitzen. <\/strong>Dazu gleich mehr.<\/p><p><strong>Wenn Dein Kind nachts am Kopf oder am ganzen K&ouml;rper schwitzt, solltest Du folgende Punkte pr&uuml;fen:<\/strong><\/p><ul class=\"wp-block-list\">\n<li><strong>Richtige Kleidung<\/strong>: Entgegen den Ratschl&auml;gen der &auml;lteren Generation braucht ein gesunder S&auml;ugling in Innenr&auml;umen oder im Sommer kein M&uuml;tzchen. Das verhindert die Regulation der K&ouml;rpertemperatur und es k&ouml;nnte &uuml;berhitzen. Schau Dir auch unbedingt an, wie Du Dein <a href=\"https:\/\/www.babyartikel.de\/magazin\/baby-nachts-anziehen-so-ist-es-richtig\">Baby nachts anziehen<\/a> solltest.<\/li>\n\n\n\n<li><strong>Raumtemperatur<\/strong>: Das Schlafzimmer sollte nach M&ouml;glichkeit nicht zu warm sein (16-18 &deg;C). Wenn Du kein Thermometer im Schlafzimmer hast, zeigen viele moderne <a href=\"https:\/\/www.babyartikel.de\/cat\/babyphones\">Babyphone<\/a> die Temperatur an.<\/li>\n\n\n\n<li><strong>Infekte<\/strong>: Vor allem durch Fieber schwitzt der Mensch im Schlaf. &Uuml;berpr&uuml;fe also, ob Dein Kind weitere Auff&auml;lligkeiten, z.B. beim Atmen, zeigt und krank sein k&ouml;nnte.<\/li>\n<\/ul><div style=\"clear:both\"><\/div><div id=\"productPanel717\" class=\"product-panel-bottom\">&nbsp;<\/div><script type=\"module\">\n\t\t\t\t\t\t\trequestProductPanel(\"https:\/\/www.babyartikel.de\/magazin\/wp-content\/plugins\/wp-productpanel2\/ProductPanel.php\", \"?panel_type=automatic&basis_category=5-BK-S-SS&basis_product=202200000706,202300001037,202400000840,202100001498&swipe_mobile=1&postid=959313&template=automatic&max=4&productPanelId=717&solrQuery=\", 717, 1);\n\t\t\t\t\t\t<\/script><a class=\"btn btn-primary\" href=\"https:\/\/www.babyartikel.de\/de\/sommer-schlafsaecke\">Mehr Sommerschlafs&auml;cke anschauen<\/a><h2 class=\"wp-block-heading\" id=\"h-uberhitzung-vermeiden\"><span class=\"ez-toc-section\" id=\"Ueberhitzung_vermeiden\"><\/span>&Uuml;berhitzung vermeiden<span class=\"ez-toc-section-end\"><\/span><\/h2><p>Weil S&auml;uglinge, wie oben beschrieben, ihre K&ouml;rpertemperatur noch nicht so gut regulieren k&ouml;nnen, solltest Du stets darauf achten, dass es nicht &uuml;berhitzt, d.h. dass sich seine K&ouml;rpertemperatur erh&ouml;ht und es noch nicht &uuml;ber geeignete Ma&szlig;nahmen verf&uuml;gt, diese schnell wieder zu senken. <\/p><p>Im Alltag neigen wir viel eher dazu, uns &uuml;ber Frieren oder Ausk&uuml;hlen Sorgen zu machen. Dabei sind die Folgen davon meist viel weniger gravierend als eine &Uuml;berhitzung.<\/p><p>So geh&ouml;rt &Uuml;berhitzen zu den <strong>Risikofaktoren f&uuml;r<a href=\"https:\/\/www.babyartikel.de\/magazin\/ploetzlicher-kindstod-sids-ursachen-risiken-vorbeugung\"> SIDS<\/a> (pl&ouml;tzlicher Kindstod)<\/strong>. Das solltest Du im Hinterkopf haben, wenn Dein Baby im Schlaf am Kopf schwitzt. Sorge f&uuml;r <strong>angemessene Raumtemperatur<\/strong>, <strong>Schlafkleidung und Schlafsack sollten nicht zu dick sein<\/strong> und <strong>Unterlagen aus <a href=\"https:\/\/www.babyartikel.de\/magazin\/lammfell-fuer-babys-gut-oder-gefaehrlich\">Schaffell<\/a> oder Wolle solltest Du im Babybett vermeiden.<\/strong><\/p><p>Achte an hei&szlig;en Sommertagen auf folgende Punkte:<\/p><ul class=\"wp-block-list\">\n<li>Setze Dein Kind nicht der direkten Sonneneinstrahlung aus. <\/li>\n\n\n\n<li>Wenn es sich nicht vermeiden l&auml;sst, braucht es unbedingt einen Sonnenhut und Sonnencreme. <\/li>\n\n\n\n<li>Geh nicht in der Mittagshitze nach drau&szlig;en, sondern lieber morgens und abends. <\/li>\n\n\n\n<li>Gib h&auml;ufiger die Brust oder Flasche, sodass dein Kind gut hydriert ist.<\/li>\n\n\n\n<li>Auch an hei&szlig;en Tagen braucht Dein S&auml;ugling unter 6 Monaten <em>kein <\/em>Wasser oder Tee &ndash; sonst kann es zu einer lebensgef&auml;hrlichen <a href=\"https:\/\/www.babyartikel.de\/magazin\/kann-zu-viel-wasser-meinem-baby-schaden\">Wasservergiftung<\/a> kommen!<\/li>\n\n\n\n<li>Im Sommer bzw. bei starker Sonneneinstrahlung darfst Du Dein Kind niemals im Auto lassen, auch nicht nur ganz kurz!<\/li>\n\n\n\n<li>Decke den Kinderwagen niemals mit einer Decke ab, sonst droht ein lebensgef&auml;hrlicher Hitzestau! Pr&uuml;fe regelm&auml;&szlig;ig die Temperatur und stell den Kinderwagen nicht in die Sonne.<\/li>\n\n\n\n<li>Entferne bei hohen Au&szlig;entemperaturen ggf. die Winddecke am Kinderwagen.<\/li>\n<\/ul><p><strong><em>Mehr zum Thema kannst Du im Beitrag <a href=\"https:\/\/www.babyartikel.de\/magazin\/baby-bei-hitze\">Baby bei Hitze: 10 Tipps, die jetzt helfen<\/a> nachlesen.<\/em><\/strong><\/p><div class=\"credits-overlay\" data-target=\".wp-image-959838\"><a href=\"#\" target=\"_blank\">&copy; paulaphoto &ndash; stock.adobe.com<\/a><\/div><\/p>\n","protected":false},"excerpt":{"rendered":"<p>Dein Baby schwitzt am Kopf? Dann geht es Dir wahrscheinlich wie uns mit unserem ersten Baby &ndash; und Du bist etwas verwundert und vielleicht auch besorgt, was das zu bedeuten hat. Als wir die Kinder&auml;rztin damals danach fragten, war ihre Antwort: Vermutlich gar nichts, denn unser Baby war kerngesund und ist auch heute als 9-j&auml;hriger [&#8230;]<\/p>\n<p><a class=\"btn btn-secondary understrap-read-more-link\" href=\"https:\/\/www.babyartikel.de\/magazin\/mein-baby-schwitzt-am-kopf-das-steckt-dahinter\">Weiterlesen&#8230;<\/a><\/p>\n","protected":false},"author":34,"featured_media":959838,"comment_status":"open","ping_status":"closed","sticky":false,"template":"","format":"standard","meta":{"_acf_changed":false,"footnotes":""},"categories":[79,2818],"tags":[23046,3334,3569],"class_list":["post-959313","post","type-post","status-publish","format-standard","has-post-thumbnail","hentry","category-baby","category-pflege-gesundheit","tag-baby","tag-gesundheit","tag-sommer"],"acf":[],"yoast_head":"<!-- This site is optimized with the Yoast SEO Premium plugin v27.2 (Yoast SEO v27.2) - https:\/\/yoast.com\/product\/yoast-seo-premium-wordpress\/ -->\n<title>Baby schwitzt am Kopf: Was tun? | Babyartikel.de Magazin<\/title>\n<meta name=\"description\" content=\"Dein Baby schwitzt am Kopf, z.B. beim Stillen, im Schlaf oder beim Zahnen? Lies hier, was dahinter steckt und wann Du zum Arzt gehen solltest\" \/>\n<meta name=\"robots\" content=\"index, follow, max-snippet:-1, max-image-preview:large, max-video-preview:-1\" \/>\n<link rel=\"canonical\" href=\"https:\/\/www.babyartikel.de\/magazin\/mein-baby-schwitzt-am-kopf-das-steckt-dahinter\" \/>\n<meta property=\"og:locale\" content=\"de_DE\" \/>\n<meta property=\"og:type\" content=\"article\" \/>\n<meta property=\"og:title\" content=\"Baby schwitzt am Kopf: Das steckt dahinter\" \/>\n<meta property=\"og:description\" content=\"Dein Baby schwitzt am Kopf, z.B. beim Stillen, im Schlaf oder beim Zahnen? Lies hier, was dahinter steckt und wann Du zum Arzt gehen solltest\" \/>\n<meta property=\"og:url\" content=\"https:\/\/www.babyartikel.de\/magazin\/mein-baby-schwitzt-am-kopf-das-steckt-dahinter\" \/>\n<meta property=\"og:site_name\" content=\"Babyartikel.de Magazin\" \/>\n<meta property=\"article:author\" content=\"https:\/\/www.facebook.com\/babyledweaning.de\/\" \/>\n<meta property=\"article:published_time\" content=\"2025-05-23T06:57:00+00:00\" \/>\n<meta property=\"article:modified_time\" content=\"2025-07-23T09:16:12+00:00\" \/>\n<meta property=\"og:image\" content=\"https:\/\/media.babyartikel.de\/magazin\/wp-content\/uploads\/2025\/04\/baby-schwitzt-am-kopf.webp\" \/>\n\t<meta property=\"og:image:width\" content=\"6000\" \/>\n\t<meta property=\"og:image:height\" content=\"2998\" \/>\n\t<meta property=\"og:image:type\" content=\"image\/webp\" \/>\n<meta name=\"author\" content=\"Hanna Bose\" \/>\n<meta name=\"twitter:card\" content=\"summary_large_image\" \/>\n<meta name=\"twitter:label1\" content=\"Verfasst von\" \/>\n\t<meta name=\"twitter:data1\" content=\"Hanna Bose\" \/>\n\t<meta name=\"twitter:label2\" content=\"Gesch\u00e4tzte Lesezeit\" \/>\n\t<meta name=\"twitter:data2\" content=\"8\u00a0Minuten\" \/>\n<script type=\"application\/ld+json\" class=\"yoast-schema-graph\">{\"@context\":\"https:\/\/schema.org\",\"@graph\":[{\"@type\":\"Article\",\"@id\":\"https:\/\/www.babyartikel.de\/magazin\/mein-baby-schwitzt-am-kopf-das-steckt-dahinter#article\",\"isPartOf\":{\"@id\":\"https:\/\/www.babyartikel.de\/magazin\/mein-baby-schwitzt-am-kopf-das-steckt-dahinter\"},\"author\":{\"name\":\"Hanna Bose\",\"@id\":\"https:\/\/www.babyartikel.de\/magazin\/#\/schema\/person\/6ee1e315ac6bd5b2cf5cfc51901067dd\"},\"headline\":\"Baby schwitzt am Kopf: Das steckt dahinter\",\"datePublished\":\"2025-05-23T06:57:00+00:00\",\"dateModified\":\"2025-07-23T09:16:12+00:00\",\"mainEntityOfPage\":{\"@id\":\"https:\/\/www.babyartikel.de\/magazin\/mein-baby-schwitzt-am-kopf-das-steckt-dahinter\"},\"wordCount\":1491,\"commentCount\":0,\"image\":{\"@id\":\"https:\/\/www.babyartikel.de\/magazin\/mein-baby-schwitzt-am-kopf-das-steckt-dahinter#primaryimage\"},\"thumbnailUrl\":\"https:\/\/media.babyartikel.de\/magazin\/wp-content\/uploads\/2025\/04\/baby-schwitzt-am-kopf.webp\",\"keywords\":[\"baby\",\"gesundheit\",\"Sommer\"],\"articleSection\":[\"Baby\",\"Pflege &amp; Gesundheit\"],\"inLanguage\":\"de\",\"potentialAction\":[{\"@type\":\"CommentAction\",\"name\":\"Comment\",\"target\":[\"https:\/\/www.babyartikel.de\/magazin\/mein-baby-schwitzt-am-kopf-das-steckt-dahinter#respond\"]}]},{\"@type\":\"WebPage\",\"@id\":\"https:\/\/www.babyartikel.de\/magazin\/mein-baby-schwitzt-am-kopf-das-steckt-dahinter\",\"url\":\"https:\/\/www.babyartikel.de\/magazin\/mein-baby-schwitzt-am-kopf-das-steckt-dahinter\",\"name\":\"Baby schwitzt am Kopf: Was tun? | Babyartikel.de Magazin\",\"isPartOf\":{\"@id\":\"https:\/\/www.babyartikel.de\/magazin\/#website\"},\"primaryImageOfPage\":{\"@id\":\"https:\/\/www.babyartikel.de\/magazin\/mein-baby-schwitzt-am-kopf-das-steckt-dahinter#primaryimage\"},\"image\":{\"@id\":\"https:\/\/www.babyartikel.de\/magazin\/mein-baby-schwitzt-am-kopf-das-steckt-dahinter#primaryimage\"},\"thumbnailUrl\":\"https:\/\/media.babyartikel.de\/magazin\/wp-content\/uploads\/2025\/04\/baby-schwitzt-am-kopf.webp\",\"datePublished\":\"2025-05-23T06:57:00+00:00\",\"dateModified\":\"2025-07-23T09:16:12+00:00\",\"author\":{\"@id\":\"https:\/\/www.babyartikel.de\/magazin\/#\/schema\/person\/6ee1e315ac6bd5b2cf5cfc51901067dd\"},\"description\":\"Dein Baby schwitzt am Kopf, z.B. beim Stillen, im Schlaf oder beim Zahnen? Lies hier, was dahinter steckt und wann Du zum Arzt gehen solltest\",\"breadcrumb\":{\"@id\":\"https:\/\/www.babyartikel.de\/magazin\/mein-baby-schwitzt-am-kopf-das-steckt-dahinter#breadcrumb\"},\"inLanguage\":\"de\",\"potentialAction\":[{\"@type\":\"ReadAction\",\"target\":[\"https:\/\/www.babyartikel.de\/magazin\/mein-baby-schwitzt-am-kopf-das-steckt-dahinter\"]}]},{\"@type\":\"ImageObject\",\"inLanguage\":\"de\",\"@id\":\"https:\/\/www.babyartikel.de\/magazin\/mein-baby-schwitzt-am-kopf-das-steckt-dahinter#primaryimage\",\"url\":\"https:\/\/media.babyartikel.de\/magazin\/wp-content\/uploads\/2025\/04\/baby-schwitzt-am-kopf.webp\",\"contentUrl\":\"https:\/\/media.babyartikel.de\/magazin\/wp-content\/uploads\/2025\/04\/baby-schwitzt-am-kopf.webp\",\"width\":6000,\"height\":2998,\"caption\":\"mutter streichelt baby am kopf, baby schwitzt am kopf\"},{\"@type\":\"BreadcrumbList\",\"@id\":\"https:\/\/www.babyartikel.de\/magazin\/mein-baby-schwitzt-am-kopf-das-steckt-dahinter#breadcrumb\",\"itemListElement\":[{\"@type\":\"ListItem\",\"position\":1,\"name\":\"Startseite\",\"item\":\"https:\/\/www.babyartikel.de\/magazin\"},{\"@type\":\"ListItem\",\"position\":2,\"name\":\"Baby schwitzt am Kopf: Das steckt dahinter\"}]},{\"@type\":\"WebSite\",\"@id\":\"https:\/\/www.babyartikel.de\/magazin\/#website\",\"url\":\"https:\/\/www.babyartikel.de\/magazin\/\",\"name\":\"Babyartikel.de Magazin\",\"description\":\"\",\"potentialAction\":[{\"@type\":\"SearchAction\",\"target\":{\"@type\":\"EntryPoint\",\"urlTemplate\":\"https:\/\/www.babyartikel.de\/magazin\/?s={search_term_string}\"},\"query-input\":{\"@type\":\"PropertyValueSpecification\",\"valueRequired\":true,\"valueName\":\"search_term_string\"}}],\"inLanguage\":\"de\"},{\"@type\":\"Person\",\"@id\":\"https:\/\/www.babyartikel.de\/magazin\/#\/schema\/person\/6ee1e315ac6bd5b2cf5cfc51901067dd\",\"name\":\"Hanna Bose\",\"image\":{\"@type\":\"ImageObject\",\"inLanguage\":\"de\",\"@id\":\"https:\/\/secure.gravatar.com\/avatar\/1dd69317cf23cfe19f265b2c9eca62c20a8cd1bef58878b246fa55e1a1840b81?s=96&d=mm&r=g\",\"url\":\"https:\/\/secure.gravatar.com\/avatar\/1dd69317cf23cfe19f265b2c9eca62c20a8cd1bef58878b246fa55e1a1840b81?s=96&d=mm&r=g\",\"contentUrl\":\"https:\/\/secure.gravatar.com\/avatar\/1dd69317cf23cfe19f265b2c9eca62c20a8cd1bef58878b246fa55e1a1840b81?s=96&d=mm&r=g\",\"caption\":\"Hanna Bose\"},\"description\":\"Ich bin Hanna und Mama von drei Jungs. Als Fachkraft f\u00fcr babyfreundliche Beikost schreibe ich unter anderem \u00fcber Baby Led Weaning und Beikostthemen, aber auch \u00fcber alle anderen Belange rund um Schwangerschaft, Babyzeit und dar\u00fcber hinaus.\",\"sameAs\":[\"https:\/\/babyled-weaning.de\",\"https:\/\/www.facebook.com\/babyledweaning.de\/\",\"https:\/\/www.instagram.com\/baby.led.weaning_de\/\",\"https:\/\/www.pinterest.de\/mutterinstinkte\/\"],\"url\":\"https:\/\/www.babyartikel.de\/magazin\/author\/hanna\"}]}<\/script>\n<!-- \/ Yoast SEO Premium plugin. -->","yoast_head_json":{"title":"Baby schwitzt am Kopf: Was tun? | Babyartikel.de Magazin","description":"Dein Baby schwitzt am Kopf, z.B. beim Stillen, im Schlaf oder beim Zahnen? Lies hier, was dahinter steckt und wann Du zum Arzt gehen solltest","robots":{"index":"index","follow":"follow","max-snippet":"max-snippet:-1","max-image-preview":"max-image-preview:large","max-video-preview":"max-video-preview:-1"},"canonical":"https:\/\/www.babyartikel.de\/magazin\/mein-baby-schwitzt-am-kopf-das-steckt-dahinter","og_locale":"de_DE","og_type":"article","og_title":"Baby schwitzt am Kopf: Das steckt dahinter","og_description":"Dein Baby schwitzt am Kopf, z.B. beim Stillen, im Schlaf oder beim Zahnen? Lies hier, was dahinter steckt und wann Du zum Arzt gehen solltest","og_url":"https:\/\/www.babyartikel.de\/magazin\/mein-baby-schwitzt-am-kopf-das-steckt-dahinter","og_site_name":"Babyartikel.de Magazin","article_author":"https:\/\/www.facebook.com\/babyledweaning.de\/","article_published_time":"2025-05-23T06:57:00+00:00","article_modified_time":"2025-07-23T09:16:12+00:00","og_image":[{"width":6000,"height":2998,"url":"https:\/\/media.babyartikel.de\/magazin\/wp-content\/uploads\/2025\/04\/baby-schwitzt-am-kopf.webp","type":"image\/webp"}],"author":"Hanna Bose","twitter_card":"summary_large_image","twitter_misc":{"Verfasst von":"Hanna Bose","Gesch\u00e4tzte Lesezeit":"8\u00a0Minuten"},"schema":{"@context":"https:\/\/schema.org","@graph":[{"@type":"Article","@id":"https:\/\/www.babyartikel.de\/magazin\/mein-baby-schwitzt-am-kopf-das-steckt-dahinter#article","isPartOf":{"@id":"https:\/\/www.babyartikel.de\/magazin\/mein-baby-schwitzt-am-kopf-das-steckt-dahinter"},"author":{"name":"Hanna Bose","@id":"https:\/\/www.babyartikel.de\/magazin\/#\/schema\/person\/6ee1e315ac6bd5b2cf5cfc51901067dd"},"headline":"Baby schwitzt am Kopf: Das steckt dahinter","datePublished":"2025-05-23T06:57:00+00:00","dateModified":"2025-07-23T09:16:12+00:00","mainEntityOfPage":{"@id":"https:\/\/www.babyartikel.de\/magazin\/mein-baby-schwitzt-am-kopf-das-steckt-dahinter"},"wordCount":1491,"commentCount":0,"image":{"@id":"https:\/\/www.babyartikel.de\/magazin\/mein-baby-schwitzt-am-kopf-das-steckt-dahinter#primaryimage"},"thumbnailUrl":"https:\/\/media.babyartikel.de\/magazin\/wp-content\/uploads\/2025\/04\/baby-schwitzt-am-kopf.webp","keywords":["baby","gesundheit","Sommer"],"articleSection":["Baby","Pflege &amp; Gesundheit"],"inLanguage":"de","potentialAction":[{"@type":"CommentAction","name":"Comment","target":["https:\/\/www.babyartikel.de\/magazin\/mein-baby-schwitzt-am-kopf-das-steckt-dahinter#respond"]}]},{"@type":"WebPage","@id":"https:\/\/www.babyartikel.de\/magazin\/mein-baby-schwitzt-am-kopf-das-steckt-dahinter","url":"https:\/\/www.babyartikel.de\/magazin\/mein-baby-schwitzt-am-kopf-das-steckt-dahinter","name":"Baby schwitzt am Kopf: Was tun? | Babyartikel.de Magazin","isPartOf":{"@id":"https:\/\/www.babyartikel.de\/magazin\/#website"},"primaryImageOfPage":{"@id":"https:\/\/www.babyartikel.de\/magazin\/mein-baby-schwitzt-am-kopf-das-steckt-dahinter#primaryimage"},"image":{"@id":"https:\/\/www.babyartikel.de\/magazin\/mein-baby-schwitzt-am-kopf-das-steckt-dahinter#primaryimage"},"thumbnailUrl":"https:\/\/media.babyartikel.de\/magazin\/wp-content\/uploads\/2025\/04\/baby-schwitzt-am-kopf.webp","datePublished":"2025-05-23T06:57:00+00:00","dateModified":"2025-07-23T09:16:12+00:00","author":{"@id":"https:\/\/www.babyartikel.de\/magazin\/#\/schema\/person\/6ee1e315ac6bd5b2cf5cfc51901067dd"},"description":"Dein Baby schwitzt am Kopf, z.B. beim Stillen, im Schlaf oder beim Zahnen? Lies hier, was dahinter steckt und wann Du zum Arzt gehen solltest","breadcrumb":{"@id":"https:\/\/www.babyartikel.de\/magazin\/mein-baby-schwitzt-am-kopf-das-steckt-dahinter#breadcrumb"},"inLanguage":"de","potentialAction":[{"@type":"ReadAction","target":["https:\/\/www.babyartikel.de\/magazin\/mein-baby-schwitzt-am-kopf-das-steckt-dahinter"]}]},{"@type":"ImageObject","inLanguage":"de","@id":"https:\/\/www.babyartikel.de\/magazin\/mein-baby-schwitzt-am-kopf-das-steckt-dahinter#primaryimage","url":"https:\/\/media.babyartikel.de\/magazin\/wp-content\/uploads\/2025\/04\/baby-schwitzt-am-kopf.webp","contentUrl":"https:\/\/media.babyartikel.de\/magazin\/wp-content\/uploads\/2025\/04\/baby-schwitzt-am-kopf.webp","width":6000,"height":2998,"caption":"mutter streichelt baby am kopf, baby schwitzt am kopf"},{"@type":"BreadcrumbList","@id":"https:\/\/www.babyartikel.de\/magazin\/mein-baby-schwitzt-am-kopf-das-steckt-dahinter#breadcrumb","itemListElement":[{"@type":"ListItem","position":1,"name":"Startseite","item":"https:\/\/www.babyartikel.de\/magazin"},{"@type":"ListItem","position":2,"name":"Baby schwitzt am Kopf: Das steckt dahinter"}]},{"@type":"WebSite","@id":"https:\/\/www.babyartikel.de\/magazin\/#website","url":"https:\/\/www.babyartikel.de\/magazin\/","name":"Babyartikel.de Magazin","description":"","potentialAction":[{"@type":"SearchAction","target":{"@type":"EntryPoint","urlTemplate":"https:\/\/www.babyartikel.de\/magazin\/?s={search_term_string}"},"query-input":{"@type":"PropertyValueSpecification","valueRequired":true,"valueName":"search_term_string"}}],"inLanguage":"de"},{"@type":"Person","@id":"https:\/\/www.babyartikel.de\/magazin\/#\/schema\/person\/6ee1e315ac6bd5b2cf5cfc51901067dd","name":"Hanna Bose","image":{"@type":"ImageObject","inLanguage":"de","@id":"https:\/\/secure.gravatar.com\/avatar\/1dd69317cf23cfe19f265b2c9eca62c20a8cd1bef58878b246fa55e1a1840b81?s=96&d=mm&r=g","url":"https:\/\/secure.gravatar.com\/avatar\/1dd69317cf23cfe19f265b2c9eca62c20a8cd1bef58878b246fa55e1a1840b81?s=96&d=mm&r=g","contentUrl":"https:\/\/secure.gravatar.com\/avatar\/1dd69317cf23cfe19f265b2c9eca62c20a8cd1bef58878b246fa55e1a1840b81?s=96&d=mm&r=g","caption":"Hanna Bose"},"description":"Ich bin Hanna und Mama von drei Jungs. Als Fachkraft f\u00fcr babyfreundliche Beikost schreibe ich unter anderem \u00fcber Baby Led Weaning und Beikostthemen, aber auch \u00fcber alle anderen Belange rund um Schwangerschaft, Babyzeit und dar\u00fcber hinaus.","sameAs":["https:\/\/babyled-weaning.de","https:\/\/www.facebook.com\/babyledweaning.de\/","https:\/\/www.instagram.com\/baby.led.weaning_de\/","https:\/\/www.pinterest.de\/mutterinstinkte\/"],"url":"https:\/\/www.babyartikel.de\/magazin\/author\/hanna"}]}},"abstract_sku":"","_links":{"self":[{"href":"https:\/\/www.babyartikel.de\/magazin\/wp-json\/wp\/v2\/posts\/959313","targetHints":{"allow":["GET"]}}],"collection":[{"href":"https:\/\/www.babyartikel.de\/magazin\/wp-json\/wp\/v2\/posts"}],"about":[{"href":"https:\/\/www.babyartikel.de\/magazin\/wp-json\/wp\/v2\/types\/post"}],"author":[{"embeddable":true,"href":"https:\/\/www.babyartikel.de\/magazin\/wp-json\/wp\/v2\/users\/34"}],"replies":[{"embeddable":true,"href":"https:\/\/www.babyartikel.de\/magazin\/wp-json\/wp\/v2\/comments?post=959313"}],"version-history":[{"count":13,"href":"https:\/\/www.babyartikel.de\/magazin\/wp-json\/wp\/v2\/posts\/959313\/revisions"}],"predecessor-version":[{"id":963893,"href":"https:\/\/www.babyartikel.de\/magazin\/wp-json\/wp\/v2\/posts\/959313\/revisions\/963893"}],"wp:featuredmedia":[{"embeddable":true,"href":"https:\/\/www.babyartikel.de\/magazin\/wp-json\/wp\/v2\/media\/959838"}],"wp:attachment":[{"href":"https:\/\/www.babyartikel.de\/magazin\/wp-json\/wp\/v2\/media?parent=959313"}],"wp:term":[{"taxonomy":"category","embeddable":true,"href":"https:\/\/www.babyartikel.de\/magazin\/wp-json\/wp\/v2\/categories?post=959313"},{"taxonomy":"post_tag","embeddable":true,"href":"https:\/\/www.babyartikel.de\/magazin\/wp-json\/wp\/v2\/tags?post=959313"}],"curies":[{"name":"wp","href":"https:\/\/api.w.org\/{rel}","templated":true}]}}