
{"id":9831,"date":"2015-08-07T08:09:39","date_gmt":"2015-08-07T06:09:39","guid":{"rendered":"\/magazin\/?p=9831"},"modified":"2025-03-11T13:39:17","modified_gmt":"2025-03-11T12:39:17","slug":"hat-mein-baby-kopfgneis-oder-milchschorf","status":"publish","type":"post","link":"https:\/\/www.babyartikel.de\/magazin\/hat-mein-baby-kopfgneis-oder-milchschorf","title":{"rendered":"Milchschorf oder Kopfgneis: Wie Du den Unterschied erkennst"},"content":{"rendered":"<p>Viele M&uuml;tter entdecken bei ihren Kindern in den ersten Lebensmonaten gelbliche Schuppen am Kopf. Mancher kann sich vielleicht noch erinnern wie es aussah, wenn Gro&szlig;mutter in einem alten, wei&szlig; beschichteten Emailtopf die Milch anbrennen lie&szlig;? Der Schorf auf Babys Kopf erinnert an diese eingebrannte Milch. Die Schuppen k&ouml;nnen entweder Kopfgneis oder Milchschorf sein &ndash; hier m&ouml;chte ich Euch den Unterschied erkl&auml;ren.<div id=\"ez-toc-container\" class=\"ez-toc-v2_0_82_2 counter-flat ez-toc-counter ez-toc-white ez-toc-container-direction\">\n<div class=\"ez-toc-title-container\">\n<p class=\"ez-toc-title\" style=\"cursor:inherit\">Inhaltsverzeichnis<\/p>\n<span class=\"ez-toc-title-toggle\"><a href=\"#\" class=\"ez-toc-pull-right ez-toc-btn ez-toc-btn-xs ez-toc-btn-default ez-toc-toggle\" aria-label=\"Toggle Table of Content\"><span class=\"ez-toc-js-icon-con\"><span class=\"\"><span class=\"eztoc-hide\" style=\"display:none;\">Toggle<\/span><span class=\"ez-toc-icon-toggle-span\"><svg style=\"fill: #999;color:#999\" xmlns=\"http:\/\/www.w3.org\/2000\/svg\" class=\"list-377408\" width=\"20px\" height=\"20px\" viewBox=\"0 0 24 24\" fill=\"none\"><path d=\"M6 6H4v2h2V6zm14 0H8v2h12V6zM4 11h2v2H4v-2zm16 0H8v2h12v-2zM4 16h2v2H4v-2zm16 0H8v2h12v-2z\" fill=\"currentColor\"><\/path><\/svg><svg style=\"fill: #999;color:#999\" class=\"arrow-unsorted-368013\" xmlns=\"http:\/\/www.w3.org\/2000\/svg\" width=\"10px\" height=\"10px\" viewBox=\"0 0 24 24\" version=\"1.2\" baseProfile=\"tiny\"><path d=\"M18.2 9.3l-6.2-6.3-6.2 6.3c-.2.2-.3.4-.3.7s.1.5.3.7c.2.2.4.3.7.3h11c.3 0 .5-.1.7-.3.2-.2.3-.5.3-.7s-.1-.5-.3-.7zM5.8 14.7l6.2 6.3 6.2-6.3c.2-.2.3-.5.3-.7s-.1-.5-.3-.7c-.2-.2-.4-.3-.7-.3h-11c-.3 0-.5.1-.7.3-.2.2-.3.5-.3.7s.1.5.3.7z\"\/><\/svg><\/span><\/span><\/span><\/a><\/span><\/div>\n<nav><ul class='ez-toc-list ez-toc-list-level-1 ' ><li class='ez-toc-page-1'><a class=\"ez-toc-link ez-toc-heading-1\" href=\"https:\/\/www.babyartikel.de\/magazin\/hat-mein-baby-kopfgneis-oder-milchschorf\/#Wie_sieht_Kopfgneis_aus\" >Wie sieht Kopfgneis aus?<\/a><\/li><li class='ez-toc-page-1'><a class=\"ez-toc-link ez-toc-heading-2\" href=\"https:\/\/www.babyartikel.de\/magazin\/hat-mein-baby-kopfgneis-oder-milchschorf\/#Warum_kommt_es_zu_Kopfgneis\" >Warum kommt es zu Kopfgneis?<\/a><\/li><li class='ez-toc-page-1'><a class=\"ez-toc-link ez-toc-heading-3\" href=\"https:\/\/www.babyartikel.de\/magazin\/hat-mein-baby-kopfgneis-oder-milchschorf\/#Milchschorf_oder_Kopfgneis_So_erkennst_Du_den_Unterschied\" >Milchschorf oder Kopfgneis: So erkennst Du den Unterschied<\/a><\/li><li class='ez-toc-page-1'><a class=\"ez-toc-link ez-toc-heading-4\" href=\"https:\/\/www.babyartikel.de\/magazin\/hat-mein-baby-kopfgneis-oder-milchschorf\/#Wie_kann_ich_den_Kopfgneis_entfernen\" >Wie kann ich den Kopfgneis entfernen?<\/a><\/li><\/ul><\/nav><\/div>\n<h2 class=\"wp-block-heading\" id=\"h-wie-sieht-kopfgneis-aus\"><span class=\"ez-toc-section\" id=\"Wie_sieht_Kopfgneis_aus\"><\/span>Wie sieht Kopfgneis aus?<span class=\"ez-toc-section-end\"><\/span><\/h2><p>Kopfgneis zeigt sich als eine dicke, gelblich-br&auml;unliche Schuppenschicht auf dem kindlichen K&ouml;pfchen. Die Schuppen sind fettig und k&ouml;nnen auch etwas ranzig riechen.<\/p><h2 class=\"wp-block-heading\" id=\"h-warum-kommt-es-zu-kopfgneis\"><span class=\"ez-toc-section\" id=\"Warum_kommt_es_zu_Kopfgneis\"><\/span>Warum kommt es zu Kopfgneis?<span class=\"ez-toc-section-end\"><\/span><\/h2><p>Die Talgdr&uuml;senfunktion hat sich kurz nach der Geburt noch nicht reguliert. So entsteht in vielen F&auml;llen der Kopfgneis. Dieser ist in den ersten drei Lebensmonaten vollkommen normal. Wenn sich der Hormonhaushalt Deines Kindes einpendelt, reguliert sich die Talgproduktion von selbst und der Kopfgneis verschwindet.<\/p><div class=\"marketing-slot\"><div id=\"block-18\" class=\"content-post-widget marketing-slot-1 widget_block\"><a href=\"#\" class=\"newsletter_popup\" style=\"\n  display: inline-block;\n  box-shadow: 0 4px 10px rgba(0,0,0,0.1);\n  margin: 20px auto;\n  max-width: 800px;\n  width: 100%;\">\n  <img src=\"https:\/\/media.babyartikel.de\/magazin\/wp-content\/uploads\/2025\/08\/NL-Banner-Magazin-8-25.webp\" alt=\"Newsletter Banner\" style=\"\n    width: 100%;\n    height: auto;\n    display: block;\" onclick=\"ga('send', 'event', 'banner', 'click', 'magazin-banner-newsletter-8-25');\">\n<\/a>\n\n\t<!-- Modal -->\n\t<div class=\"modal fade modal_popup\" id=\"newsletter_popup\" tabindex=\"-1\" aria-labelledby=\"exampleModalLabel\" aria-hidden=\"true\">\n\t\t<div class=\"modal-dialog modal-dialog-centered modal-dialog-scrollable\">\n\t\t\t<div class=\"modal-content\">\n\t\t\t\t<div class=\"modal-header small-header\">\n\t\t\t\t\t<h5 class=\"modal-title\" id=\"newsletterModalLabel\">\n\t\t\t\t\t\tNewsletter\t\t\t\t\t<\/h5>\n\t\t\t\t\t<button type=\"button\" class=\"btn-close small-close\" data-bs-dismiss=\"modal\" aria-label=\"Close\"><\/button>\n\t\t\t\t<\/div>\n\n\t\t\t\t<div class=\"modal-body\">\n\t\t\t\t\t\t<div class=\"newsletterForm-embed popup-form\">\n        <form name=\"newsletterSubscriptionForm\" id=\"newsletter_popup_69f4eef3cc397_form\" data-newsletter-id=\"newsletter_popup_69f4eef3cc397\" method=\"POST\">\n\n\t\t\t<input type=\"text\" name=\"website\" class=\"hidden\" tabindex=\"-1\" autocomplete=\"off\" style=\"position:absolute;left:-9999px;\">\n\t\t\t<input type=\"hidden\" name=\"ts\" value=\"1777659635\">\n\n\t\t\t                <input type=\"hidden\" name=\"emarsys-event-id\" value=\"3756\">\n            \n            \t\t\t<div class=\"mb-3\">\n\t\t\t\t<label for=\"date\" class=\"form-label\">Geburtstag\/ -termin Deines Babys<\/label>\n                <input type=\"date\" name=\"date\" class=\"input input--expand form-control\" required>\n\t\t\t<\/div>\n            \n\t\t\t<div class=\"mb-3\">\n\t\t\t\t<label for=\"email\" class=\"form-label\">E-Mail-Adresse<\/label>\n\t\t\t\t<input type=\"email\" name=\"email\" placeholder=\"E-Mail-Adresse\" class=\"input input--expand form-control\" required>\n\t\t\t<\/div>\n\n\t\t\t\t\t\t\t<button type=\"submit\" class=\"btn btn-primary\">Absenden<\/button>\n\t\t\t\n\t\t\t\t\t\t\t<div class=\"small mt-3\" style=\"font-weight:normal;\">\n\t\t\t\t\t\n\t\t\t<div class=\"mt-3\">\n\t\t\t\tJa, ich m&ouml;chte den Newsletter von Babyartikel.de erhalten und &uuml;ber Aktionen informiert werden.\n  Dabei darf mein Nutzungsverhalten (z. B. &Ouml;ffnungen und Klicks) zur Personalisierung ausgewertet werden.\n  Mehr finde ich in der <a href=\"\/de\/datenschutz\" style=\"text-decoration:underline\">Datenschutzerkl&auml;rung<\/a>.\n\t\t\t<\/div>\n\t\t\t\t\t\t<\/div>\n\t\t\t\n\t\t\t\t\t\t\t<div class=\"small mb-3 mt-3\" style=\"font-weight:normal;\">\n\t\t\t\t\tJederzeit abbestellbar | <a href=\"\/de\/datenschutz\" style=\"text-decoration:underline\">\n\t\t\t\t\t\tDatenschutzerkl&auml;rung\n\t\t\t\t\t<\/a>\n\t\t\t\t<\/div>\n\t\t\t\n        <\/form>\n    <\/div>\n\t\n\t\t\t\t\t<div class=\"response-messages_newsletter_popup_69f4eef3cc397\">\n\t\t\t\t\t\t<div class=\"alert alert-success success mt-3 mb-3 d-none\">\n\t\t\t\t\t\t\tNur noch ein Klick! Best&auml;tige Deine Anmeldung in der E-Mail, die du gleich erh&auml;ltst.\t\t\t\t\t\t<\/div>\n\t\t\t\t\t\t<div class=\"error mt-3 mb-3 d-none\">\n\t\t\t\t\t\t\t<div class=\"alert alert-danger \">\n\t\t\t\t\t\t\t\tEin Fehler ist aufgetreten. Bitte versuche es sp&auml;ter erneut.\t\t\t\t\t\t\t<\/div>\n\t\t\t\t\t\t<\/div>\n\t\t\t\t\t\t<div class=\"alert alert-danger other-2007 mt-3 mb-3 d-none\">\n\t\t\t\t\t\t\tUng&Atilde;&frac14;ltiges Datumsformat\t\t\t\t\t\t<\/div>\n\t\t\t\t\t<\/div>\n\t\t\t\t<\/div>\n\t\t\t<\/div>\n\t\t<\/div>\n\t<\/div>\n\n\t<\/div><!-- content-widget --><\/div><h2 class=\"wp-block-heading\" id=\"h-milchschorf-oder-kopfgneis-so-erkennst-du-den-unterschied\"><span class=\"ez-toc-section\" id=\"Milchschorf_oder_Kopfgneis_So_erkennst_Du_den_Unterschied\"><\/span>Milchschorf oder Kopfgneis: So erkennst Du den Unterschied<span class=\"ez-toc-section-end\"><\/span><\/h2><p><strong>Kopfgneis-Schuppen sind fettig<\/strong>. Bei Milchschorf handelt es sich nicht um fettige Schuppen, die Schuppenschicht breitet sich bis ins Gesicht und manchmal auch auf andere K&ouml;rperteile aus. <strong>Milchschorf l&ouml;st starken Juckreiz aus<\/strong>, daher kann die Kopfhaut unter der schuppigen Schicht ger&ouml;tet sein und manchmal kann die Kopfhaut auch n&auml;ssen. Die Kinder sind durch den Juckreiz eventuell weinerlich, schlafen schlecht und sind unruhig. Es ist nicht immer leicht zu erkennen, ob es sich um Kopfgneis oder Milchschorf handelt. Milchschorf kann ein Zeichen f&uuml;r eine starke Allergiegef&auml;hrdung Eures Kindes sein und manchmal auch ein erstes Anzeichen auf eine fr&uuml;he Form der <a href=\"https:\/\/www.babyartikel.de\/magazin\/wp-admin\/post.php?post=50583&amp;action=edit&amp;rp4wp_parent=9831\">Neurodermitis<\/a>. <strong>Milchschorf tritt meistens erst ab dem dritten Lebensmonat auf<\/strong>. Auch Milchschorf kann von alleine wieder verschwinden, allerdings w&uuml;rde ich Euch hier immer eine Vorstellung beim Kinderarzt empfehlen.<\/p><h2 class=\"wp-block-heading\" id=\"h-wie-kann-ich-den-kopfgneis-entfernen\"><span class=\"ez-toc-section\" id=\"Wie_kann_ich_den_Kopfgneis_entfernen\"><\/span>Wie kann ich den Kopfgneis entfernen?<span class=\"ez-toc-section-end\"><\/span><\/h2><p>Wie schon oben erw&auml;hnt, ist Kopfgneis nicht gef&auml;hrlich f&uuml;r Dein Kind. Am besten man wartet geduldig ab, bis er wieder von alleine verschwindet. Wenn Dich die Schuppen aber stark st&ouml;ren, kann man ihn auch vorsichtig versuchen zu entfernen.<\/p><div class=\"postslot1\">\t\t<div style=\"clear:both\"><\/div>\n\t\t\t\t\t\t<div id=\"productPanel523\" class=\"product-panel-bottom\">&nbsp;<\/div>\n\t\t\t\t\t\t<script type=\"module\">\n\t\t\t\t\t\t\trequestProductPanel(\"https:\/\/www.babyartikel.de\/magazin\/wp-content\/plugins\/wp-productpanel2\/ProductPanel.php\", \"?panel_type=automatic&basis_category=3-PP-BB&basis_product=&swipe_mobile=1&postid=9831&template=auto&max=4&productPanelId=523&solrQuery=\", 523, 1);\n\t\t\t\t\t\t<\/script>\n\t\t\t\t\t<link rel=\"stylesheet\" href=\"https:\/\/cdn.jsdelivr.net\/npm\/swiper@8\/swiper-bundle.min.css\"><\/div><div class=\"marketing-slot\"><div id=\"block-25\" class=\"content-post-widget marketing-slot-2 widget_block\"><a href=\"https:\/\/www.babyartikel.de\/de\/angebote\" data-track-link-click=\"true\" data-track-name=\"nyoutlet2026-magazin\" data-track-medium=\"banner-magazin-post\" data-track-campaign=\"magazin-banner-nyoutlet2026\" onclick=\"ga('send', 'event', 'banner', 'click', 'magazin-banner-nyoutlet2026');\" style=\"display:block;width:100%;text-align:center;\"><img src=\"https:\/\/media.babyartikel.de\/magazin\/wp-content\/uploads\/2026\/01\/NY-Outlet-10-2026.webp\" alt=\"Sale\" style=\"max-width:100%;\"><\/a><\/div><!-- content-widget --><\/div><ul class=\"wp-block-list\">\n<li>Reibe die Kopfhaut Deines Babys etwa 1 bis 2 Stunden vor dem Babybad mit &Ouml;l (zum Beispiel Mandel&ouml;l) ein. Reinige die Haare beim Babybad und k&auml;mme die Schuppen danach vorsichtig mit einem feinzinkigen Kamm aus. Am besten funktioniert es, wenn du gegen die Haarwuchsrichtung k&auml;mmst.<\/li>\n\n\n\n<li>Durch eine Kopfmassage mit einer weichen Babyb&uuml;rste, kannst du der Bildung von Kopfgneis entgegen wirken. K&auml;mme die Haare nach dem Waschen oder Baden gegen den Strich. Somit wird die Durchblutung in der Kopfhaut gef&ouml;rdert und die Funktion der Talgdr&uuml;sen positiv beeinflusst.<\/li>\n\n\n\n<li>Mittel aus der Apotheke, wie zum Beispiel Baby Bene Gel, nach Beschreibung anwenden.<\/li>\n<\/ul><p><strong>Tipp der Redaktion<\/strong>: Weiche B&uuml;rsten und feinzinkige K&auml;mme findest Du im &#128151;<a href=\"http:\/\/%F0%9F%92%97https:\/\/www.babyartikel.de\/cat\/buersten-kaemme\" data-wplink-url-error=\"true\">babyartikel.de-Shop<\/a>&#128151;.<\/p><p>Bitte seid bei der Entfernung der Schuppen immer sehr vorsichtig und kratzt die Schuppen nie einfach mit den Fingern&auml;geln ab! Hier kann es zu kleinen Verletzungen kommen, die sich sehr leicht entz&uuml;nden. Sollte es zu R&ouml;tungen bzw. Entz&uuml;ndungen kommt, m&uuml;sst Ihr immer Euren Kinderarzt aufsuchen.<\/p><p>Wenn ihr Euch unsicher seid, ob Euer Kind an Milchschorf oder Kopfgneis leidet, zeigt es der Hebamme oder eurem Kinderarzt.<\/p><p><\/p><div class=\"credits-overlay\" data-target=\".wp-image-23193\"><a href=\"#\" target=\"_blank\">&copy; Luca Lorenzelli &ndash; Fotolia.com<\/a><\/div><\/p>\n","protected":false},"excerpt":{"rendered":"<p>Viele M&uuml;tter entdecken bei ihren Kindern in den ersten Lebensmonaten gelbliche Schuppen am Kopf. Mancher kann sich vielleicht noch erinnern wie es aussah, wenn Gro&szlig;mutter in einem alten, wei&szlig; beschichteten Emailtopf die Milch anbrennen lie&szlig;? Der Schorf auf Babys Kopf erinnert an diese eingebrannte Milch. Die Schuppen k&ouml;nnen entweder Kopfgneis oder Milchschorf sein &ndash; hier [&#8230;]<\/p>\n<p><a class=\"btn btn-secondary understrap-read-more-link\" href=\"https:\/\/www.babyartikel.de\/magazin\/hat-mein-baby-kopfgneis-oder-milchschorf\">Weiterlesen&#8230;<\/a><\/p>\n","protected":false},"author":22,"featured_media":23193,"comment_status":"open","ping_status":"open","sticky":false,"template":"","format":"standard","meta":{"_acf_changed":false,"footnotes":""},"categories":[79,2800,2818],"tags":[],"class_list":["post-9831","post","type-post","status-publish","format-standard","has-post-thumbnail","hentry","category-baby","category-hebammenarbeit","category-pflege-gesundheit"],"acf":[],"yoast_head":"<!-- This site is optimized with the Yoast SEO Premium plugin v27.2 (Yoast SEO v27.2) - https:\/\/yoast.com\/product\/yoast-seo-premium-wordpress\/ -->\n<title>Milchschorf oder Kopfgneis: Alle Unterschiede | Babyartikel.de Magazin<\/title>\n<meta name=\"description\" content=\"Dein Baby hat gelbe Schuppen am Kopf? Woran Du siehst, ob es Milchschorf oder Kopfgneis ist und was Du tun kannst, erkl\u00e4rt Hebamme Monika\" \/>\n<meta name=\"robots\" content=\"index, follow, max-snippet:-1, max-image-preview:large, max-video-preview:-1\" \/>\n<link rel=\"canonical\" href=\"https:\/\/www.babyartikel.de\/magazin\/hat-mein-baby-kopfgneis-oder-milchschorf\" \/>\n<meta property=\"og:locale\" content=\"de_DE\" \/>\n<meta property=\"og:type\" content=\"article\" \/>\n<meta property=\"og:title\" content=\"Milchschorf oder Kopfgneis: Wie Du den Unterschied erkennst\" \/>\n<meta property=\"og:description\" content=\"Dein Baby hat gelbe Schuppen am Kopf? Woran Du siehst, ob es Milchschorf oder Kopfgneis ist und was Du tun kannst, erkl\u00e4rt Hebamme Monika\" \/>\n<meta property=\"og:url\" content=\"https:\/\/www.babyartikel.de\/magazin\/hat-mein-baby-kopfgneis-oder-milchschorf\" \/>\n<meta property=\"og:site_name\" content=\"Babyartikel.de Magazin\" \/>\n<meta property=\"article:published_time\" content=\"2015-08-07T06:09:39+00:00\" \/>\n<meta property=\"article:modified_time\" content=\"2025-03-11T12:39:17+00:00\" \/>\n<meta property=\"og:image\" content=\"https:\/\/cdn.magazin.babyartikel.de\/magazin\/wp-content\/uploads\/2015\/08\/Kopfneis-Milchschorf-entfernen.png\" \/>\n\t<meta property=\"og:image:width\" content=\"1000\" \/>\n\t<meta property=\"og:image:height\" content=\"662\" \/>\n\t<meta property=\"og:image:type\" content=\"image\/png\" \/>\n<meta name=\"author\" content=\"Hebamme Monika\" \/>\n<meta name=\"twitter:card\" content=\"summary_large_image\" \/>\n<meta name=\"twitter:label1\" content=\"Verfasst von\" \/>\n\t<meta name=\"twitter:data1\" content=\"Hebamme Monika\" \/>\n\t<meta name=\"twitter:label2\" content=\"Gesch\u00e4tzte Lesezeit\" \/>\n\t<meta name=\"twitter:data2\" content=\"3\u00a0Minuten\" \/>\n<script type=\"application\/ld+json\" class=\"yoast-schema-graph\">{\"@context\":\"https:\/\/schema.org\",\"@graph\":[{\"@type\":\"Article\",\"@id\":\"https:\/\/www.babyartikel.de\/magazin\/hat-mein-baby-kopfgneis-oder-milchschorf#article\",\"isPartOf\":{\"@id\":\"https:\/\/www.babyartikel.de\/magazin\/hat-mein-baby-kopfgneis-oder-milchschorf\"},\"author\":{\"name\":\"Hebamme Monika\",\"@id\":\"https:\/\/www.babyartikel.de\/magazin\/#\/schema\/person\/36f0c72df9948a8998645d18b27d72fe\"},\"headline\":\"Milchschorf oder Kopfgneis: Wie Du den Unterschied erkennst\",\"datePublished\":\"2015-08-07T06:09:39+00:00\",\"dateModified\":\"2025-03-11T12:39:17+00:00\",\"mainEntityOfPage\":{\"@id\":\"https:\/\/www.babyartikel.de\/magazin\/hat-mein-baby-kopfgneis-oder-milchschorf\"},\"wordCount\":532,\"commentCount\":0,\"image\":{\"@id\":\"https:\/\/www.babyartikel.de\/magazin\/hat-mein-baby-kopfgneis-oder-milchschorf#primaryimage\"},\"thumbnailUrl\":\"https:\/\/media.babyartikel.de\/magazin\/wp-content\/uploads\/2015\/08\/Kopfneis-Milchschorf-entfernen.png\",\"articleSection\":[\"Baby\",\"Hebammen-Beratung\",\"Pflege &amp; Gesundheit\"],\"inLanguage\":\"de\",\"potentialAction\":[{\"@type\":\"CommentAction\",\"name\":\"Comment\",\"target\":[\"https:\/\/www.babyartikel.de\/magazin\/hat-mein-baby-kopfgneis-oder-milchschorf#respond\"]}]},{\"@type\":\"WebPage\",\"@id\":\"https:\/\/www.babyartikel.de\/magazin\/hat-mein-baby-kopfgneis-oder-milchschorf\",\"url\":\"https:\/\/www.babyartikel.de\/magazin\/hat-mein-baby-kopfgneis-oder-milchschorf\",\"name\":\"Milchschorf oder Kopfgneis: Alle Unterschiede | Babyartikel.de Magazin\",\"isPartOf\":{\"@id\":\"https:\/\/www.babyartikel.de\/magazin\/#website\"},\"primaryImageOfPage\":{\"@id\":\"https:\/\/www.babyartikel.de\/magazin\/hat-mein-baby-kopfgneis-oder-milchschorf#primaryimage\"},\"image\":{\"@id\":\"https:\/\/www.babyartikel.de\/magazin\/hat-mein-baby-kopfgneis-oder-milchschorf#primaryimage\"},\"thumbnailUrl\":\"https:\/\/media.babyartikel.de\/magazin\/wp-content\/uploads\/2015\/08\/Kopfneis-Milchschorf-entfernen.png\",\"datePublished\":\"2015-08-07T06:09:39+00:00\",\"dateModified\":\"2025-03-11T12:39:17+00:00\",\"author\":{\"@id\":\"https:\/\/www.babyartikel.de\/magazin\/#\/schema\/person\/36f0c72df9948a8998645d18b27d72fe\"},\"description\":\"Dein Baby hat gelbe Schuppen am Kopf? Woran Du siehst, ob es Milchschorf oder Kopfgneis ist und was Du tun kannst, erkl\u00e4rt Hebamme Monika\",\"breadcrumb\":{\"@id\":\"https:\/\/www.babyartikel.de\/magazin\/hat-mein-baby-kopfgneis-oder-milchschorf#breadcrumb\"},\"inLanguage\":\"de\",\"potentialAction\":[{\"@type\":\"ReadAction\",\"target\":[\"https:\/\/www.babyartikel.de\/magazin\/hat-mein-baby-kopfgneis-oder-milchschorf\"]}]},{\"@type\":\"ImageObject\",\"inLanguage\":\"de\",\"@id\":\"https:\/\/www.babyartikel.de\/magazin\/hat-mein-baby-kopfgneis-oder-milchschorf#primaryimage\",\"url\":\"https:\/\/media.babyartikel.de\/magazin\/wp-content\/uploads\/2015\/08\/Kopfneis-Milchschorf-entfernen.png\",\"contentUrl\":\"https:\/\/media.babyartikel.de\/magazin\/wp-content\/uploads\/2015\/08\/Kopfneis-Milchschorf-entfernen.png\",\"width\":1000,\"height\":662,\"caption\":\"Kopfneis oder Milchschorf entfernen\"},{\"@type\":\"BreadcrumbList\",\"@id\":\"https:\/\/www.babyartikel.de\/magazin\/hat-mein-baby-kopfgneis-oder-milchschorf#breadcrumb\",\"itemListElement\":[{\"@type\":\"ListItem\",\"position\":1,\"name\":\"Startseite\",\"item\":\"https:\/\/www.babyartikel.de\/magazin\"},{\"@type\":\"ListItem\",\"position\":2,\"name\":\"Milchschorf oder Kopfgneis: Wie Du den Unterschied erkennst\"}]},{\"@type\":\"WebSite\",\"@id\":\"https:\/\/www.babyartikel.de\/magazin\/#website\",\"url\":\"https:\/\/www.babyartikel.de\/magazin\/\",\"name\":\"Babyartikel.de Magazin\",\"description\":\"\",\"potentialAction\":[{\"@type\":\"SearchAction\",\"target\":{\"@type\":\"EntryPoint\",\"urlTemplate\":\"https:\/\/www.babyartikel.de\/magazin\/?s={search_term_string}\"},\"query-input\":{\"@type\":\"PropertyValueSpecification\",\"valueRequired\":true,\"valueName\":\"search_term_string\"}}],\"inLanguage\":\"de\"},{\"@type\":\"Person\",\"@id\":\"https:\/\/www.babyartikel.de\/magazin\/#\/schema\/person\/36f0c72df9948a8998645d18b27d72fe\",\"name\":\"Hebamme Monika\",\"image\":{\"@type\":\"ImageObject\",\"inLanguage\":\"de\",\"@id\":\"https:\/\/secure.gravatar.com\/avatar\/a17ad20223f2e4436fdf8a599a177aebbbdb3a25398f4e6a61be6a3f6f062b89?s=96&d=mm&r=g\",\"url\":\"https:\/\/secure.gravatar.com\/avatar\/a17ad20223f2e4436fdf8a599a177aebbbdb3a25398f4e6a61be6a3f6f062b89?s=96&d=mm&r=g\",\"contentUrl\":\"https:\/\/secure.gravatar.com\/avatar\/a17ad20223f2e4436fdf8a599a177aebbbdb3a25398f4e6a61be6a3f6f062b89?s=96&d=mm&r=g\",\"caption\":\"Hebamme Monika\"},\"description\":\"Ich bin seit 2005 Hebamme und mein Beruf macht mir noch immer so viel Spa\u00df wie am ersten Tag. In einer gro\u00dfen Geburtsklinik habe ich schon an die 1600 Geburten begleiten d\u00fcrfen. Parallel arbeite ich als freiberufliche Hebamme und betreue werdende und junge M\u00fctter in der Schwangerenvorsorge, Geburtsvorbereitung, R\u00fcckbildungsgymnastik und im Wochenbett. Mein gr\u00f6\u00dftes Abenteuer erlebe ich aber im Moment in meinen vier W\u00e4nden, mit meinen Mann und unseren zwei S\u00f6hnen. (geboren 2013 und 2016)\",\"url\":\"https:\/\/www.babyartikel.de\/magazin\/author\/monika-rasch\"}]}<\/script>\n<!-- \/ Yoast SEO Premium plugin. -->","yoast_head_json":{"title":"Milchschorf oder Kopfgneis: Alle Unterschiede | Babyartikel.de Magazin","description":"Dein Baby hat gelbe Schuppen am Kopf? Woran Du siehst, ob es Milchschorf oder Kopfgneis ist und was Du tun kannst, erkl\u00e4rt Hebamme Monika","robots":{"index":"index","follow":"follow","max-snippet":"max-snippet:-1","max-image-preview":"max-image-preview:large","max-video-preview":"max-video-preview:-1"},"canonical":"https:\/\/www.babyartikel.de\/magazin\/hat-mein-baby-kopfgneis-oder-milchschorf","og_locale":"de_DE","og_type":"article","og_title":"Milchschorf oder Kopfgneis: Wie Du den Unterschied erkennst","og_description":"Dein Baby hat gelbe Schuppen am Kopf? Woran Du siehst, ob es Milchschorf oder Kopfgneis ist und was Du tun kannst, erkl\u00e4rt Hebamme Monika","og_url":"https:\/\/www.babyartikel.de\/magazin\/hat-mein-baby-kopfgneis-oder-milchschorf","og_site_name":"Babyartikel.de Magazin","article_published_time":"2015-08-07T06:09:39+00:00","article_modified_time":"2025-03-11T12:39:17+00:00","og_image":[{"width":1000,"height":662,"url":"https:\/\/cdn.magazin.babyartikel.de\/magazin\/wp-content\/uploads\/2015\/08\/Kopfneis-Milchschorf-entfernen.png","type":"image\/png"}],"author":"Hebamme Monika","twitter_card":"summary_large_image","twitter_misc":{"Verfasst von":"Hebamme Monika","Gesch\u00e4tzte Lesezeit":"3\u00a0Minuten"},"schema":{"@context":"https:\/\/schema.org","@graph":[{"@type":"Article","@id":"https:\/\/www.babyartikel.de\/magazin\/hat-mein-baby-kopfgneis-oder-milchschorf#article","isPartOf":{"@id":"https:\/\/www.babyartikel.de\/magazin\/hat-mein-baby-kopfgneis-oder-milchschorf"},"author":{"name":"Hebamme Monika","@id":"https:\/\/www.babyartikel.de\/magazin\/#\/schema\/person\/36f0c72df9948a8998645d18b27d72fe"},"headline":"Milchschorf oder Kopfgneis: Wie Du den Unterschied erkennst","datePublished":"2015-08-07T06:09:39+00:00","dateModified":"2025-03-11T12:39:17+00:00","mainEntityOfPage":{"@id":"https:\/\/www.babyartikel.de\/magazin\/hat-mein-baby-kopfgneis-oder-milchschorf"},"wordCount":532,"commentCount":0,"image":{"@id":"https:\/\/www.babyartikel.de\/magazin\/hat-mein-baby-kopfgneis-oder-milchschorf#primaryimage"},"thumbnailUrl":"https:\/\/media.babyartikel.de\/magazin\/wp-content\/uploads\/2015\/08\/Kopfneis-Milchschorf-entfernen.png","articleSection":["Baby","Hebammen-Beratung","Pflege &amp; Gesundheit"],"inLanguage":"de","potentialAction":[{"@type":"CommentAction","name":"Comment","target":["https:\/\/www.babyartikel.de\/magazin\/hat-mein-baby-kopfgneis-oder-milchschorf#respond"]}]},{"@type":"WebPage","@id":"https:\/\/www.babyartikel.de\/magazin\/hat-mein-baby-kopfgneis-oder-milchschorf","url":"https:\/\/www.babyartikel.de\/magazin\/hat-mein-baby-kopfgneis-oder-milchschorf","name":"Milchschorf oder Kopfgneis: Alle Unterschiede | Babyartikel.de Magazin","isPartOf":{"@id":"https:\/\/www.babyartikel.de\/magazin\/#website"},"primaryImageOfPage":{"@id":"https:\/\/www.babyartikel.de\/magazin\/hat-mein-baby-kopfgneis-oder-milchschorf#primaryimage"},"image":{"@id":"https:\/\/www.babyartikel.de\/magazin\/hat-mein-baby-kopfgneis-oder-milchschorf#primaryimage"},"thumbnailUrl":"https:\/\/media.babyartikel.de\/magazin\/wp-content\/uploads\/2015\/08\/Kopfneis-Milchschorf-entfernen.png","datePublished":"2015-08-07T06:09:39+00:00","dateModified":"2025-03-11T12:39:17+00:00","author":{"@id":"https:\/\/www.babyartikel.de\/magazin\/#\/schema\/person\/36f0c72df9948a8998645d18b27d72fe"},"description":"Dein Baby hat gelbe Schuppen am Kopf? Woran Du siehst, ob es Milchschorf oder Kopfgneis ist und was Du tun kannst, erkl\u00e4rt Hebamme Monika","breadcrumb":{"@id":"https:\/\/www.babyartikel.de\/magazin\/hat-mein-baby-kopfgneis-oder-milchschorf#breadcrumb"},"inLanguage":"de","potentialAction":[{"@type":"ReadAction","target":["https:\/\/www.babyartikel.de\/magazin\/hat-mein-baby-kopfgneis-oder-milchschorf"]}]},{"@type":"ImageObject","inLanguage":"de","@id":"https:\/\/www.babyartikel.de\/magazin\/hat-mein-baby-kopfgneis-oder-milchschorf#primaryimage","url":"https:\/\/media.babyartikel.de\/magazin\/wp-content\/uploads\/2015\/08\/Kopfneis-Milchschorf-entfernen.png","contentUrl":"https:\/\/media.babyartikel.de\/magazin\/wp-content\/uploads\/2015\/08\/Kopfneis-Milchschorf-entfernen.png","width":1000,"height":662,"caption":"Kopfneis oder Milchschorf entfernen"},{"@type":"BreadcrumbList","@id":"https:\/\/www.babyartikel.de\/magazin\/hat-mein-baby-kopfgneis-oder-milchschorf#breadcrumb","itemListElement":[{"@type":"ListItem","position":1,"name":"Startseite","item":"https:\/\/www.babyartikel.de\/magazin"},{"@type":"ListItem","position":2,"name":"Milchschorf oder Kopfgneis: Wie Du den Unterschied erkennst"}]},{"@type":"WebSite","@id":"https:\/\/www.babyartikel.de\/magazin\/#website","url":"https:\/\/www.babyartikel.de\/magazin\/","name":"Babyartikel.de Magazin","description":"","potentialAction":[{"@type":"SearchAction","target":{"@type":"EntryPoint","urlTemplate":"https:\/\/www.babyartikel.de\/magazin\/?s={search_term_string}"},"query-input":{"@type":"PropertyValueSpecification","valueRequired":true,"valueName":"search_term_string"}}],"inLanguage":"de"},{"@type":"Person","@id":"https:\/\/www.babyartikel.de\/magazin\/#\/schema\/person\/36f0c72df9948a8998645d18b27d72fe","name":"Hebamme Monika","image":{"@type":"ImageObject","inLanguage":"de","@id":"https:\/\/secure.gravatar.com\/avatar\/a17ad20223f2e4436fdf8a599a177aebbbdb3a25398f4e6a61be6a3f6f062b89?s=96&d=mm&r=g","url":"https:\/\/secure.gravatar.com\/avatar\/a17ad20223f2e4436fdf8a599a177aebbbdb3a25398f4e6a61be6a3f6f062b89?s=96&d=mm&r=g","contentUrl":"https:\/\/secure.gravatar.com\/avatar\/a17ad20223f2e4436fdf8a599a177aebbbdb3a25398f4e6a61be6a3f6f062b89?s=96&d=mm&r=g","caption":"Hebamme Monika"},"description":"Ich bin seit 2005 Hebamme und mein Beruf macht mir noch immer so viel Spa\u00df wie am ersten Tag. In einer gro\u00dfen Geburtsklinik habe ich schon an die 1600 Geburten begleiten d\u00fcrfen. Parallel arbeite ich als freiberufliche Hebamme und betreue werdende und junge M\u00fctter in der Schwangerenvorsorge, Geburtsvorbereitung, R\u00fcckbildungsgymnastik und im Wochenbett. Mein gr\u00f6\u00dftes Abenteuer erlebe ich aber im Moment in meinen vier W\u00e4nden, mit meinen Mann und unseren zwei S\u00f6hnen. (geboren 2013 und 2016)","url":"https:\/\/www.babyartikel.de\/magazin\/author\/monika-rasch"}]}},"abstract_sku":"","_links":{"self":[{"href":"https:\/\/www.babyartikel.de\/magazin\/wp-json\/wp\/v2\/posts\/9831","targetHints":{"allow":["GET"]}}],"collection":[{"href":"https:\/\/www.babyartikel.de\/magazin\/wp-json\/wp\/v2\/posts"}],"about":[{"href":"https:\/\/www.babyartikel.de\/magazin\/wp-json\/wp\/v2\/types\/post"}],"author":[{"embeddable":true,"href":"https:\/\/www.babyartikel.de\/magazin\/wp-json\/wp\/v2\/users\/22"}],"replies":[{"embeddable":true,"href":"https:\/\/www.babyartikel.de\/magazin\/wp-json\/wp\/v2\/comments?post=9831"}],"version-history":[{"count":21,"href":"https:\/\/www.babyartikel.de\/magazin\/wp-json\/wp\/v2\/posts\/9831\/revisions"}],"predecessor-version":[{"id":958950,"href":"https:\/\/www.babyartikel.de\/magazin\/wp-json\/wp\/v2\/posts\/9831\/revisions\/958950"}],"wp:featuredmedia":[{"embeddable":true,"href":"https:\/\/www.babyartikel.de\/magazin\/wp-json\/wp\/v2\/media\/23193"}],"wp:attachment":[{"href":"https:\/\/www.babyartikel.de\/magazin\/wp-json\/wp\/v2\/media?parent=9831"}],"wp:term":[{"taxonomy":"category","embeddable":true,"href":"https:\/\/www.babyartikel.de\/magazin\/wp-json\/wp\/v2\/categories?post=9831"},{"taxonomy":"post_tag","embeddable":true,"href":"https:\/\/www.babyartikel.de\/magazin\/wp-json\/wp\/v2\/tags?post=9831"}],"curies":[{"name":"wp","href":"https:\/\/api.w.org\/{rel}","templated":true}]}}