
{"id":19,"name":"Anne","url":"","description":"Hallo! Ich bin Anne, 33 Jahre alt und Mama von zwei Jungs. Der Kleine wurde erst vor neun Wochen geboren und der Gro\u00dfe ist schon drei Jahre alt. Zusammen mit dem \u00e4ltesten \u201eJungen\u201c im Bunde (37) \u2013 auch Papa genannt \u2013 leben wir vier im bunten Berlin. Wenn ich meinen Lebensweg in einem Satz zusammenfassen m\u00fcsste, w\u00fcrde der momentan so lauten: Ich bin in Baden-W\u00fcrttemberg geboren, aufgewachsen und ausgebildet worden, habe in Bayern gearbeitet und in Berlin meine Kinder zur Welt gebracht und geheiratet.\r\nSchon seit einer Weile habe ich mit dem Gedanken gespielt \u00fcber meinen Alltag als Mama zu bloggen und freue mich, dass jetzt der Zeitpunkt gekommen ist, um damit anzufangen. Ich hoffe, dass ich dem ein oder anderen mit meinen Tipps, Erfahrungen und Gedanken zum ganz normalen Familienwahnsinn weiterhelfen oder euch einfach nur unterhalten kann.","link":"https:\/\/www.babyartikel.de\/magazin\/author\/anne","slug":"anne","avatar_urls":{"24":"https:\/\/secure.gravatar.com\/avatar\/dc6bb895c7854c302aeeafbb6333e6f220ba26106b9f9a0202f83b0104b3729f?s=24&d=mm&r=g","48":"https:\/\/secure.gravatar.com\/avatar\/dc6bb895c7854c302aeeafbb6333e6f220ba26106b9f9a0202f83b0104b3729f?s=48&d=mm&r=g","96":"https:\/\/secure.gravatar.com\/avatar\/dc6bb895c7854c302aeeafbb6333e6f220ba26106b9f9a0202f83b0104b3729f?s=96&d=mm&r=g"},"meta":[],"acf":[],"yoast_head":"<!-- This site is optimized with the Yoast SEO Premium plugin v27.2 (Yoast SEO v27.2) - https:\/\/yoast.com\/product\/yoast-seo-premium-wordpress\/ -->\n<title>Anne, Autor auf Babyartikel.de Magazin<\/title>\n<meta name=\"robots\" content=\"noindex, follow\" \/>\n<meta property=\"og:locale\" content=\"de_DE\" \/>\n<meta property=\"og:type\" content=\"profile\" \/>\n<meta property=\"og:title\" content=\"Anne\" \/>\n<meta property=\"og:url\" content=\"https:\/\/www.babyartikel.de\/magazin\/author\/anne\" \/>\n<meta property=\"og:site_name\" content=\"Babyartikel.de Magazin\" \/>\n<meta property=\"og:image\" content=\"https:\/\/secure.gravatar.com\/avatar\/dfc719486f6adbfdf5710183989a4fb4?s=500&d=mm&r=g\" \/>\n<meta name=\"twitter:card\" content=\"summary_large_image\" \/>\n<script type=\"application\/ld+json\" class=\"yoast-schema-graph\">{\"@context\":\"https:\/\/schema.org\",\"@graph\":[{\"@type\":\"ProfilePage\",\"@id\":\"https:\/\/www.babyartikel.de\/magazin\/author\/anne\",\"url\":\"https:\/\/www.babyartikel.de\/magazin\/author\/anne\",\"name\":\"Anne, Autor auf Babyartikel.de Magazin\",\"isPartOf\":{\"@id\":\"https:\/\/www.babyartikel.de\/magazin\/#website\"},\"breadcrumb\":{\"@id\":\"https:\/\/www.babyartikel.de\/magazin\/author\/anne#breadcrumb\"},\"inLanguage\":\"de\",\"potentialAction\":[{\"@type\":\"ReadAction\",\"target\":[\"https:\/\/www.babyartikel.de\/magazin\/author\/anne\"]}]},{\"@type\":\"BreadcrumbList\",\"@id\":\"https:\/\/www.babyartikel.de\/magazin\/author\/anne#breadcrumb\",\"itemListElement\":[{\"@type\":\"ListItem\",\"position\":1,\"name\":\"Startseite\",\"item\":\"https:\/\/www.babyartikel.de\/magazin\"},{\"@type\":\"ListItem\",\"position\":2,\"name\":\"Archive f\u00fcr Anne\"}]},{\"@type\":\"WebSite\",\"@id\":\"https:\/\/www.babyartikel.de\/magazin\/#website\",\"url\":\"https:\/\/www.babyartikel.de\/magazin\/\",\"name\":\"Babyartikel.de Magazin\",\"description\":\"\",\"potentialAction\":[{\"@type\":\"SearchAction\",\"target\":{\"@type\":\"EntryPoint\",\"urlTemplate\":\"https:\/\/www.babyartikel.de\/magazin\/?s={search_term_string}\"},\"query-input\":{\"@type\":\"PropertyValueSpecification\",\"valueRequired\":true,\"valueName\":\"search_term_string\"}}],\"inLanguage\":\"de\"},{\"@type\":\"Person\",\"@id\":\"https:\/\/www.babyartikel.de\/magazin\/#\/schema\/person\/c14b99a236c7e8e0440181061ecff817\",\"name\":\"Anne\",\"image\":{\"@type\":\"ImageObject\",\"inLanguage\":\"de\",\"@id\":\"https:\/\/secure.gravatar.com\/avatar\/dc6bb895c7854c302aeeafbb6333e6f220ba26106b9f9a0202f83b0104b3729f?s=96&d=mm&r=g\",\"url\":\"https:\/\/secure.gravatar.com\/avatar\/dc6bb895c7854c302aeeafbb6333e6f220ba26106b9f9a0202f83b0104b3729f?s=96&d=mm&r=g\",\"contentUrl\":\"https:\/\/secure.gravatar.com\/avatar\/dc6bb895c7854c302aeeafbb6333e6f220ba26106b9f9a0202f83b0104b3729f?s=96&d=mm&r=g\",\"caption\":\"Anne\"},\"description\":\"Hallo! Ich bin Anne, 33 Jahre alt und Mama von zwei Jungs. Der Kleine wurde erst vor neun Wochen geboren und der Gro\u00dfe ist schon drei Jahre alt. Zusammen mit dem \u00e4ltesten \u201eJungen\u201c im Bunde (37) \u2013 auch Papa genannt \u2013 leben wir vier im bunten Berlin. Wenn ich meinen Lebensweg in einem Satz zusammenfassen m\u00fcsste, w\u00fcrde der momentan so lauten: Ich bin in Baden-W\u00fcrttemberg geboren, aufgewachsen und ausgebildet worden, habe in Bayern gearbeitet und in Berlin meine Kinder zur Welt gebracht und geheiratet. Schon seit einer Weile habe ich mit dem Gedanken gespielt \u00fcber meinen Alltag als Mama zu bloggen und freue mich, dass jetzt der Zeitpunkt gekommen ist, um damit anzufangen. Ich hoffe, dass ich dem ein oder anderen mit meinen Tipps, Erfahrungen und Gedanken zum ganz normalen Familienwahnsinn weiterhelfen oder euch einfach nur unterhalten kann.\",\"mainEntityOfPage\":{\"@id\":\"https:\/\/www.babyartikel.de\/magazin\/author\/anne\"}}]}<\/script>\n<!-- \/ Yoast SEO Premium plugin. -->","yoast_head_json":{"title":"Anne, Autor auf Babyartikel.de Magazin","robots":{"index":"noindex","follow":"follow"},"og_locale":"de_DE","og_type":"profile","og_title":"Anne","og_url":"https:\/\/www.babyartikel.de\/magazin\/author\/anne","og_site_name":"Babyartikel.de Magazin","og_image":[{"url":"https:\/\/secure.gravatar.com\/avatar\/dfc719486f6adbfdf5710183989a4fb4?s=500&d=mm&r=g","type":"","width":"","height":""}],"twitter_card":"summary_large_image","schema":{"@context":"https:\/\/schema.org","@graph":[{"@type":"ProfilePage","@id":"https:\/\/www.babyartikel.de\/magazin\/author\/anne","url":"https:\/\/www.babyartikel.de\/magazin\/author\/anne","name":"Anne, Autor auf Babyartikel.de Magazin","isPartOf":{"@id":"https:\/\/www.babyartikel.de\/magazin\/#website"},"breadcrumb":{"@id":"https:\/\/www.babyartikel.de\/magazin\/author\/anne#breadcrumb"},"inLanguage":"de","potentialAction":[{"@type":"ReadAction","target":["https:\/\/www.babyartikel.de\/magazin\/author\/anne"]}]},{"@type":"BreadcrumbList","@id":"https:\/\/www.babyartikel.de\/magazin\/author\/anne#breadcrumb","itemListElement":[{"@type":"ListItem","position":1,"name":"Startseite","item":"https:\/\/www.babyartikel.de\/magazin"},{"@type":"ListItem","position":2,"name":"Archive f\u00fcr Anne"}]},{"@type":"WebSite","@id":"https:\/\/www.babyartikel.de\/magazin\/#website","url":"https:\/\/www.babyartikel.de\/magazin\/","name":"Babyartikel.de Magazin","description":"","potentialAction":[{"@type":"SearchAction","target":{"@type":"EntryPoint","urlTemplate":"https:\/\/www.babyartikel.de\/magazin\/?s={search_term_string}"},"query-input":{"@type":"PropertyValueSpecification","valueRequired":true,"valueName":"search_term_string"}}],"inLanguage":"de"},{"@type":"Person","@id":"https:\/\/www.babyartikel.de\/magazin\/#\/schema\/person\/c14b99a236c7e8e0440181061ecff817","name":"Anne","image":{"@type":"ImageObject","inLanguage":"de","@id":"https:\/\/secure.gravatar.com\/avatar\/dc6bb895c7854c302aeeafbb6333e6f220ba26106b9f9a0202f83b0104b3729f?s=96&d=mm&r=g","url":"https:\/\/secure.gravatar.com\/avatar\/dc6bb895c7854c302aeeafbb6333e6f220ba26106b9f9a0202f83b0104b3729f?s=96&d=mm&r=g","contentUrl":"https:\/\/secure.gravatar.com\/avatar\/dc6bb895c7854c302aeeafbb6333e6f220ba26106b9f9a0202f83b0104b3729f?s=96&d=mm&r=g","caption":"Anne"},"description":"Hallo! Ich bin Anne, 33 Jahre alt und Mama von zwei Jungs. Der Kleine wurde erst vor neun Wochen geboren und der Gro\u00dfe ist schon drei Jahre alt. Zusammen mit dem \u00e4ltesten \u201eJungen\u201c im Bunde (37) \u2013 auch Papa genannt \u2013 leben wir vier im bunten Berlin. Wenn ich meinen Lebensweg in einem Satz zusammenfassen m\u00fcsste, w\u00fcrde der momentan so lauten: Ich bin in Baden-W\u00fcrttemberg geboren, aufgewachsen und ausgebildet worden, habe in Bayern gearbeitet und in Berlin meine Kinder zur Welt gebracht und geheiratet. Schon seit einer Weile habe ich mit dem Gedanken gespielt \u00fcber meinen Alltag als Mama zu bloggen und freue mich, dass jetzt der Zeitpunkt gekommen ist, um damit anzufangen. Ich hoffe, dass ich dem ein oder anderen mit meinen Tipps, Erfahrungen und Gedanken zum ganz normalen Familienwahnsinn weiterhelfen oder euch einfach nur unterhalten kann.","mainEntityOfPage":{"@id":"https:\/\/www.babyartikel.de\/magazin\/author\/anne"}}]}},"_links":{"self":[{"href":"https:\/\/www.babyartikel.de\/magazin\/wp-json\/wp\/v2\/users\/19","targetHints":{"allow":["GET"]}}],"collection":[{"href":"https:\/\/www.babyartikel.de\/magazin\/wp-json\/wp\/v2\/users"}]}}